{"id":6835,"date":"2014-05-30T12:04:32","date_gmt":"2014-05-30T10:04:32","guid":{"rendered":"http:\/\/www.haztartas-ma.hu\/?p=6835"},"modified":"2020-09-20T11:46:42","modified_gmt":"2020-09-20T09:46:42","slug":"eperlekvar","status":"publish","type":"post","link":"https:\/\/www.haztartas-ma.hu\/index.php\/befozes\/lekvar\/eperlekvar\/","title":{"rendered":"Eperlekv\u00e1r"},"content":{"rendered":"<p style=\"text-align: justify;\">Eperlekv\u00e1r: k\u00e9sz\u00edt\u00e9se a bef\u0151z\u00e9si szezon kezdete. A lekv\u00e1r gyorsan elk\u00e9sz\u00fcl, felhaszn\u00e1lhatod vajas keny\u00e9rre kenve reggelihez vagy k\u00fcl\u00f6nf\u00e9le s\u00fctem\u00e9nyekbe.<\/p>\n<p style=\"text-align: justify;\"><!--more--><\/p>\n<p style=\"text-align: justify;\"><img loading=\"lazy\" decoding=\"async\" class=\"aligncenter size-medium wp-image-4771\" src=\"https:\/\/www.haztartas-ma.hu\/wp-content\/uploads\/2012\/06\/eperdzsem-2011-300x225.jpg\" alt=\"Szedd magad eper\" width=\"300\" height=\"225\" srcset=\"https:\/\/www.haztartas-ma.hu\/wp-content\/uploads\/2012\/06\/eperdzsem-2011-300x225.jpg 300w, https:\/\/www.haztartas-ma.hu\/wp-content\/uploads\/2012\/06\/eperdzsem-2011.jpg 400w\" sizes=\"(max-width: 300px) 100vw, 300px\" \/><\/p>\n<h2 style=\"text-align: justify;\">Eperlekv\u00e1r recept<\/h2>\n<p>Elk\u00e9sz\u00edt\u00e9si id\u0151 (dunsztol\u00e1s n\u00e9lk\u00fcl): 200 perc (ebb\u0151l munka: 80 perc)<\/p>\n<h3>V\u00e1s\u00e1rl\u00e1s<\/h3>\n<p>Miel\u0151tt megv\u00e1s\u00e1rolod az epret, j\u00f3, ha tudod:<\/p>\n<ul>\n<li>10 % vesztes\u00e9ggel kell sz\u00e1molnod.<\/li>\n<li>A cukor mennyis\u00e9ge v\u00e1ltoztathat\u00f3: 1 kg, megtiszt\u00edtott eperhez adhatsz 30 -50 dkg cukrot, s\u0151t cukor n\u00e9lk\u00fcl is bef\u0151zheted, ha val\u00f3ban t\u00f6k\u00e9letesen z\u00e1r\u00f3 \u00fcvegeid vannak. A lekv\u00e1rokat\u00a0\u00a0felbont\u00e1s ut\u00e1n h\u0171t\u0151ben kell tartani, \u00e9s \u00a0az alacsony cukortartalm\u00faakat gyorsan el kell fogyasztani, mert m\u00e9g a h\u0171t\u0151ben is fenn\u00e1ll a vesz\u00e9ly, hogy n\u00e9h\u00e1ny nap ut\u00e1n megpen\u00e9szednek.<\/li>\n<li>3 kg eperhez\u00a0&#8211; a cukor mennyis\u00e9g\u00e9t\u0151l f\u00fcgg\u0151en 5 &#8211; 6 db kb. 250 ml-es \u00fcvegre lesz sz\u00fcks\u00e9ged. Ez att\u00f3l is f\u00fcgg, hogy az eper mennyi nedvess\u00e9get tartalmaz.\u00a0Az \u00fcvegeket tiszt\u00e1ra mosod, fejre \u00e1ll\u00edtva lecsepegteted a vizet, majd megford\u00edtva hagyod kisz\u00e1radni (ezt m\u00e1r el\u0151z\u0151 nap.<\/li>\n<\/ul>\n<h3 style=\"text-align: justify;\">Hozz\u00e1val\u00f3k<\/h3>\n<ul style=\"text-align: justify;\">\n<li>3 kg eper (ez egy bar\u00e1ti mennyis\u00e9g &#8211; mos\u00e1s, tiszt\u00edt\u00e1s ut\u00e1n kb. 2,7 kg lesz)<\/li>\n<li>1 kg krist\u00e1lycukor (mosott tiszt\u00edtott eper 1 kg-j\u00e1hoz 0,4 kg) &#8211; kevesebb is lehet!<\/li>\n<li>1 db citrom leve\u00a0(a cukor \u00e9des \u00edz\u00e9t ellens\u00falyozza, f\u0151leg magasabb cukortartalom eset\u00e9n)<\/li>\n<li>n\u00e1trium benzo\u00e1t (elhagyhat\u00f3, de l\u00e9gmentesen z\u00e1r\u00f3\u00a0 &#8211; lehet\u0151leg \u00faj &#8211; fed\u0151ket haszn\u00e1lj).<\/li>\n<\/ul>\n<h3>Bev\u00e1s\u00e1rl\u00f3lista<\/h3>\n<ul style=\"text-align: justify;\">\n<li>3 kg eper<\/li>\n<li>1 kg krist\u00e1lycukor<\/li>\n<li>1 db citrom<\/li>\n<li>1 tasak n\u00e1trium benzo\u00e1t (felt\u00e9telesen)<\/li>\n<\/ul>\n<p>Eml\u00e9keztet\u0151: nincs<\/p>\n<h4>Megjegyz\u00e9s:<\/h4>\n<ul>\n<li>J\u00f3, ha tudod, hogy a cukor is tart\u00f3s\u00edt. Ha kevesebb cukorral dolgozol, nagyon j\u00f3l kell az \u00fcvegek tet\u0151inek z\u00e1rnia. Aj\u00e1nlatos a lekv\u00e1rt kisebb \u00fcvegekben eltenni, mert az gyorsabban elfogy.<\/li>\n<\/ul>\n<h3 style=\"text-align: justify;\">El\u0151k\u00e9sz\u00edt\u00e9s<\/h3>\n<ul>\n<li style=\"text-align: justify;\">El\u0151sz\u00f6r megmosod \u00e1ll\u00f3 v\u00edzben. Ha szabadf\u00f6ldi az eper, lehetnek rajta f\u00f6ld-maradv\u00e1nyok \u00e9s ezek elt\u00e1vol\u00edt\u00e1s\u00e1hoz kb. 10 perc \u00e1ll\u00f3 v\u00edzben t\u00f6rt\u00e9n\u0151 \u00e1ztat\u00e1s sz\u00fcks\u00e9ges.\n<p><div id=\"attachment_12613\" style=\"width: 310px\" class=\"wp-caption aligncenter\"><img loading=\"lazy\" decoding=\"async\" aria-describedby=\"caption-attachment-12613\" class=\"size-medium wp-image-12613\" src=\"https:\/\/www.haztartas-ma.hu\/wp-content\/uploads\/2016\/06\/eper-mosasa-1-300x225.jpg\" alt=\"Eper mos\u00e1sa\" width=\"300\" height=\"225\" srcset=\"https:\/\/www.haztartas-ma.hu\/wp-content\/uploads\/2016\/06\/eper-mosasa-1-300x225.jpg 300w, https:\/\/www.haztartas-ma.hu\/wp-content\/uploads\/2016\/06\/eper-mosasa-1.jpg 640w\" sizes=\"(max-width: 300px) 100vw, 300px\" \/><p id=\"caption-attachment-12613\" class=\"wp-caption-text\">Eper mos\u00e1sa<\/p><\/div><\/li>\n<li style=\"text-align: justify;\">Foly\u00f3 v\u00edzben le\u00f6bl\u00edted, leszeded a z\u00f6ld leveleket, ism\u00e9telten le\u00f6bl\u00edted \u00e9s egy kb. 5 literes l\u00e1bosba teszed. (A leveleket megsz\u00e1r\u00edtva v\u00edzhajt\u00f3 \u00e9s tiszt\u00edt\u00f3 tea k\u00e9sz\u00edt\u00e9s\u00e9hez tudod felhaszn\u00e1lni.) A nagyobb szemeket kett\u00e9v\u00e1god.\n<p><div id=\"attachment_12607\" style=\"width: 310px\" class=\"wp-caption aligncenter\"><img loading=\"lazy\" decoding=\"async\" aria-describedby=\"caption-attachment-12607\" class=\"size-medium wp-image-12607\" src=\"https:\/\/www.haztartas-ma.hu\/wp-content\/uploads\/2016\/06\/mosott-tisztitott-eper-300x225.jpg\" alt=\"Mosott, tiszt\u00edtott eper\" width=\"300\" height=\"225\" srcset=\"https:\/\/www.haztartas-ma.hu\/wp-content\/uploads\/2016\/06\/mosott-tisztitott-eper-300x225.jpg 300w, https:\/\/www.haztartas-ma.hu\/wp-content\/uploads\/2016\/06\/mosott-tisztitott-eper.jpg 640w\" sizes=\"(max-width: 300px) 100vw, 300px\" \/><p id=\"caption-attachment-12607\" class=\"wp-caption-text\">Mosott, tiszt\u00edtott eper<\/p><\/div><\/li>\n<li style=\"text-align: justify;\">Hozz\u00e1adod a cukrot, t\u00f6bbsz\u00f6r \u00e1tkevered, eg\u00e9szen addig, am\u00edg a cukor felold\u00f3dik az eper lev\u00e9ben. K\u00f6zben az \u00fcvegeket tiszt\u00e1ra moshatod.\n<div id=\"attachment_12603\" style=\"width: 310px\" class=\"wp-caption aligncenter\"><img loading=\"lazy\" decoding=\"async\" aria-describedby=\"caption-attachment-12603\" class=\"size-medium wp-image-12603\" src=\"https:\/\/www.haztartas-ma.hu\/wp-content\/uploads\/2016\/06\/eperdzsem-keszitese-cukor-hozzaadasa-300x225.jpg\" alt=\"Eper cukorral\" width=\"300\" height=\"225\" srcset=\"https:\/\/www.haztartas-ma.hu\/wp-content\/uploads\/2016\/06\/eperdzsem-keszitese-cukor-hozzaadasa-300x225.jpg 300w, https:\/\/www.haztartas-ma.hu\/wp-content\/uploads\/2016\/06\/eperdzsem-keszitese-cukor-hozzaadasa.jpg 640w\" sizes=\"(max-width: 300px) 100vw, 300px\" \/><p id=\"caption-attachment-12603\" class=\"wp-caption-text\">Eper cukorral<\/p><\/div>\n<p>&nbsp;<\/li>\n<li style=\"text-align: justify;\">Botmixerrel az eg\u00e9sz mennyis\u00e9get finomra mixeled.\n<p><div id=\"attachment_12610\" style=\"width: 310px\" class=\"wp-caption aligncenter\"><img loading=\"lazy\" decoding=\"async\" aria-describedby=\"caption-attachment-12610\" class=\"size-medium wp-image-12610\" src=\"https:\/\/www.haztartas-ma.hu\/wp-content\/uploads\/2016\/06\/eperlekvar-keszitese-fozes-elott-300x225.jpg\" alt=\"Eperlekv\u00e1r k\u00e9sz\u00edt\u00e9se - f\u0151z\u00e9s el\u0151tt\" width=\"300\" height=\"225\" srcset=\"https:\/\/www.haztartas-ma.hu\/wp-content\/uploads\/2016\/06\/eperlekvar-keszitese-fozes-elott-300x225.jpg 300w, https:\/\/www.haztartas-ma.hu\/wp-content\/uploads\/2016\/06\/eperlekvar-keszitese-fozes-elott.jpg 640w\" sizes=\"(max-width: 300px) 100vw, 300px\" \/><p id=\"caption-attachment-12610\" class=\"wp-caption-text\">Eperlekv\u00e1r k\u00e9sz\u00edt\u00e9se &#8211; f\u0151z\u00e9s el\u0151tt<\/p><\/div><\/li>\n<\/ul>\n<h3 style=\"text-align: justify;\">Eperlekv\u00e1r k\u00e9sz\u00edt\u00e9se<\/h3>\n<ol>\n<li style=\"text-align: justify;\">Felteszed f\u0151ni,\u00a0id\u0151nk\u00e9nt megkevered. Az eperlekv\u00e1r f\u0151z\u00e9se figyelmet ig\u00e9nyel. A f\u0151z\u00e9si id\u0151 f\u00fcgg att\u00f3l, hogy mennyire volt es\u0151s az id\u0151j\u00e1r\u00e1s \u00e9s att\u00f3l is, milyen s\u0171r\u0171 lekv\u00e1rt szeretn\u00e9l.<\/li>\n<li style=\"text-align: justify;\">Amikor a hab m\u00e1r elt\u0171nt az eperlekv\u00e1r tetej\u00e9r\u0151l, v\u00e9gezz csepp pr\u00f3b\u00e1t: cseppents kev\u00e9s lekv\u00e1rt egy t\u00e1ny\u00e9rra, \u00e9s ha kih\u0171lve nem folyik sz\u00e9t, k\u00e9szen is van. Ha s\u0171r\u0171re szeretn\u00e9d, m\u00e9g egy kicsit tov\u00e1bb f\u0151zheted.\n<div id=\"attachment_12611\" style=\"width: 310px\" class=\"wp-caption aligncenter\"><img loading=\"lazy\" decoding=\"async\" aria-describedby=\"caption-attachment-12611\" class=\"size-medium wp-image-12611\" src=\"https:\/\/www.haztartas-ma.hu\/wp-content\/uploads\/2016\/06\/eperlekvar-keszitese-fozes-utan-300x225.jpg\" alt=\"Eperlekv\u00e1r k\u00e9sz\u00edt\u00e9se - f\u0151z\u00e9s ut\u00e1n\" width=\"300\" height=\"225\" srcset=\"https:\/\/www.haztartas-ma.hu\/wp-content\/uploads\/2016\/06\/eperlekvar-keszitese-fozes-utan-300x225.jpg 300w, https:\/\/www.haztartas-ma.hu\/wp-content\/uploads\/2016\/06\/eperlekvar-keszitese-fozes-utan.jpg 640w\" sizes=\"(max-width: 300px) 100vw, 300px\" \/><p id=\"caption-attachment-12611\" class=\"wp-caption-text\">Eperlekv\u00e1r k\u00e9sz\u00edt\u00e9se &#8211; f\u0151z\u00e9s ut\u00e1n<\/p><\/div>\n<div id=\"attachment_12641\" style=\"width: 310px\" class=\"wp-caption aligncenter\"><img loading=\"lazy\" decoding=\"async\" aria-describedby=\"caption-attachment-12641\" class=\"size-medium wp-image-12641\" src=\"https:\/\/www.haztartas-ma.hu\/wp-content\/uploads\/2016\/06\/csepp-proba-1-300x225.jpg\" alt=\"Csepp pr\u00f3ba 1\" width=\"300\" height=\"225\" srcset=\"https:\/\/www.haztartas-ma.hu\/wp-content\/uploads\/2016\/06\/csepp-proba-1-300x225.jpg 300w, https:\/\/www.haztartas-ma.hu\/wp-content\/uploads\/2016\/06\/csepp-proba-1.jpg 640w\" sizes=\"(max-width: 300px) 100vw, 300px\" \/><p id=\"caption-attachment-12641\" class=\"wp-caption-text\">Csepp pr\u00f3ba 1<\/p><\/div>\n<p><div id=\"attachment_12642\" style=\"width: 310px\" class=\"wp-caption aligncenter\"><img loading=\"lazy\" decoding=\"async\" aria-describedby=\"caption-attachment-12642\" class=\"size-medium wp-image-12642\" src=\"https:\/\/www.haztartas-ma.hu\/wp-content\/uploads\/2016\/06\/csepp-proba-2-300x225.jpg\" alt=\"Csepp pr\u00f3ba 2\" width=\"300\" height=\"225\" srcset=\"https:\/\/www.haztartas-ma.hu\/wp-content\/uploads\/2016\/06\/csepp-proba-2-300x225.jpg 300w, https:\/\/www.haztartas-ma.hu\/wp-content\/uploads\/2016\/06\/csepp-proba-2.jpg 640w\" sizes=\"(max-width: 300px) 100vw, 300px\" \/><p id=\"caption-attachment-12642\" class=\"wp-caption-text\">Csepp pr\u00f3ba 2<\/p><\/div><\/li>\n<li style=\"text-align: justify;\">Forr\u00f3n \u00fcvegekbe t\u00f6lt\u00f6d.<\/li>\n<li style=\"text-align: justify;\">Tetej\u00e9re kev\u00e9s n\u00e1triumbenzo\u00e1tot teszel (ezt fogyaszt\u00e1s el\u0151tt el is t\u00e1vol\u00edthatod). Ha ezt nem szeretn\u00e9d, a j\u00f3l lez\u00e1rt \u00fcvegeket 5 percre \u00e1ll\u00edtsd fejre. Ezalatt a fed\u00e9l alatt maradt leveg\u0151 \u00e1tbubor\u00e9kol a forr\u00f3 lekv\u00e1ron \u00e9s steriliz\u00e1l\u00f3dik.\n<p><div id=\"attachment_12612\" style=\"width: 310px\" class=\"wp-caption aligncenter\"><img loading=\"lazy\" decoding=\"async\" aria-describedby=\"caption-attachment-12612\" class=\"size-medium wp-image-12612\" src=\"https:\/\/www.haztartas-ma.hu\/wp-content\/uploads\/2016\/06\/eperlekvar-uvegekben-300x225.jpg\" alt=\"Eperlekv\u00e1r \u00fcvegekben\" width=\"300\" height=\"225\" srcset=\"https:\/\/www.haztartas-ma.hu\/wp-content\/uploads\/2016\/06\/eperlekvar-uvegekben-300x225.jpg 300w, https:\/\/www.haztartas-ma.hu\/wp-content\/uploads\/2016\/06\/eperlekvar-uvegekben.jpg 640w\" sizes=\"(max-width: 300px) 100vw, 300px\" \/><p id=\"caption-attachment-12612\" class=\"wp-caption-text\">Eperlekv\u00e1r \u00fcvegekben<\/p><\/div><\/li>\n<li style=\"text-align: justify;\">A forr\u00f3n lez\u00e1rt \u00fcvegeket 24 \u00f3r\u00e1ra p\u00e1rn\u00e1kba, pl\u00e9dekbe csomagolva dunsztold ki.<\/li>\n<li style=\"text-align: justify;\">Fontos\u00a0feliratoznod: tegy\u00e9l r\u00e1 Eperlekv\u00e1r c\u00edmk\u00e9t d\u00e1tummal ell\u00e1tva \u00e9s v\u00e9gleges hely\u00e9re \u00e1ll\u00edtod. Sz\u00e9p kis textilfed\u0151vel is lefedheted. A k\u00e9pen l\u00e1that\u00f3 eperlekv\u00e1r igaz\u00e1n \u00fcd\u00edt\u0151 l\u00e1tv\u00e1ny.<\/li>\n<\/ol>\n<h4>Elk\u00e9sz\u00edt\u00e9si id\u0151 (dunsztol\u00e1s n\u00e9lk\u00fcl):<\/h4>\n<ul>\n<li>Az eper mos\u00e1sa, tiszt\u00edt\u00e1sa: 20 perc<\/li>\n<li>Cukor felold\u00e1sa az eperben: 120 perc<\/li>\n<li>Turmixol\u00e1s, f\u0151z\u00e9s: 50 perc<\/li>\n<li>\u00dcvegekbe t\u00f6lt\u00e9s, fejre \u00e1ll\u00edt\u00e1s: 10 perc<\/li>\n<\/ul>\n<h4>\u00d6sszesen: 200 perc (ebb\u0151l munka: 80 perc)<\/h4>\n<p style=\"text-align: justify;\"><strong>V\u00e1ltozatok:<\/strong><\/p>\n<ul>\n<li>az eperlekv\u00e1r k\u00e9sz\u00fclhet m\u00e9g\u00a0keverve m\u00e1s gy\u00fcm\u00f6lcs\u00f6kkel (rebarbara, m\u00e1lna, ribizli)<\/li>\n<li>a\u00a0f\u0171szeres eperlekv\u00e1r (pl. kakukkf\u0171vel, rozmaringgal, levendul\u00e1val) igazi k\u00fcl\u00f6nlegess\u00e9g.<\/li>\n<\/ul>\n<h2>Eperlekv\u00e1r t\u00e1rol\u00e1sa<\/h2>\n<p>T\u00e1rold h\u0171v\u00f6s, szell\u0151s helyen. Ha nincs t\u00fal vil\u00e1gos, kev\u00e9sb\u00e9 s\u00f6t\u00e9tedik meg. Aj\u00e1nd\u00e9kba is adhatod. Ez esetben \u00f6lt\u00f6ztesd fel. Sz\u00e9p, mutat\u00f3s aj\u00e1nd\u00e9k lesz.<\/p>\n<p><img loading=\"lazy\" decoding=\"async\" class=\"aligncenter size-full wp-image-12635\" src=\"https:\/\/www.haztartas-ma.hu\/wp-content\/uploads\/2016\/06\/eperlekvar-1.jpg\" alt=\"Eperlekv\u00e1r 1\" width=\"640\" height=\"480\" srcset=\"https:\/\/www.haztartas-ma.hu\/wp-content\/uploads\/2016\/06\/eperlekvar-1.jpg 640w, https:\/\/www.haztartas-ma.hu\/wp-content\/uploads\/2016\/06\/eperlekvar-1-300x225.jpg 300w\" sizes=\"(max-width: 640px) 100vw, 640px\" \/><\/p>\n<p>&nbsp;<\/p>\n<p style=\"text-align: justify;\">Az eperszed\u00e9sr\u0151l \u00e9s bef\u0151z\u00e9s\u00e9r\u0151l itt olvashatsz m\u00e9g:<\/p>\n<p>az <a href=\"https:\/\/www.haztartas-ma.hu\/index.php\/befozes-tartositas\/dzsem\/eperdzsem\/\">eperdzsem<\/a>r\u0151l<\/p>\n<p>az <a href=\"https:\/\/kornyezettudatoselet.hu\/szedd-magad\/szedd-magad-eper\">eperszed\u0151 helyek<\/a>r\u0151l.<\/p>\n<p>&nbsp;<\/p>\n<p style=\"text-align: justify;\"><strong>K\u00e9pek:<\/strong> saj\u00e1t felv\u00e9telek<\/p>\n<p>&nbsp;<\/p>\n","protected":false},"excerpt":{"rendered":"<p>Eperlekv\u00e1r: k\u00e9sz\u00edt\u00e9se a bef\u0151z\u00e9si szezon kezdete. A lekv\u00e1r gyorsan elk\u00e9sz\u00fcl, felhaszn\u00e1lhatod vajas keny\u00e9rre kenve reggelihez vagy k\u00fcl\u00f6nf\u00e9le s\u00fctem\u00e9nyekbe.<\/p>\n","protected":false},"author":171,"featured_media":6842,"comment_status":"open","ping_status":"closed","sticky":false,"template":"","format":"standard","meta":{"_et_pb_use_builder":"","_et_pb_old_content":"","_et_gb_content_width":"","_jetpack_memberships_contains_paid_content":false,"footnotes":"","_wp_rev_ctl_limit":""},"categories":[459],"tags":[552],"class_list":["post-6835","post","type-post","status-publish","format-standard","has-post-thumbnail","hentry","category-lekvar","tag-eper-befozese","et-has-post-format-content","et_post_format-et-post-format-standard"],"yoast_head":"<!-- This site is optimized with the Yoast SEO plugin v27.1.1 - https:\/\/yoast.com\/product\/yoast-seo-wordpress\/ -->\n<title>Eperlekv\u00e1r - egyszer\u0171en, k\u00f6nnyen elk\u00e9sz\u00edthet\u0151 - H\u00e1ztart\u00e1s Ma<\/title>\n<meta name=\"description\" content=\"Eperlekv\u00e1r: k\u00fcl\u00f6nleges \u00edze miatt az egyik legkedveltebb lekv\u00e1r. Ha \u00edgy k\u00e9sz\u00edted, mindenki im\u00e1dni fogja. J\u00f3l felhaszn\u00e1lhat\u00f3 leklv\u00e1r.\" \/>\n<meta name=\"robots\" content=\"index, follow, max-snippet:-1, max-image-preview:large, max-video-preview:-1\" \/>\n<link rel=\"canonical\" href=\"https:\/\/www.haztartas-ma.hu\/index.php\/befozes\/lekvar\/eperlekvar\/\" \/>\n<meta property=\"og:locale\" content=\"hu_HU\" \/>\n<meta property=\"og:type\" content=\"article\" \/>\n<meta property=\"og:title\" content=\"Eperlekv\u00e1r - egyszer\u0171en, k\u00f6nnyen elk\u00e9sz\u00edthet\u0151 - H\u00e1ztart\u00e1s Ma\" \/>\n<meta property=\"og:description\" content=\"Eperlekv\u00e1r: k\u00fcl\u00f6nleges \u00edze miatt az egyik legkedveltebb lekv\u00e1r. Ha \u00edgy k\u00e9sz\u00edted, mindenki im\u00e1dni fogja. J\u00f3l felhaszn\u00e1lhat\u00f3 leklv\u00e1r.\" \/>\n<meta property=\"og:url\" content=\"https:\/\/www.haztartas-ma.hu\/index.php\/befozes\/lekvar\/eperlekvar\/\" \/>\n<meta property=\"og:site_name\" content=\"H\u00e1ztart\u00e1s Ma\" \/>\n<meta property=\"article:published_time\" content=\"2014-05-30T10:04:32+00:00\" \/>\n<meta property=\"article:modified_time\" content=\"2020-09-20T09:46:42+00:00\" \/>\n<meta property=\"og:image\" content=\"https:\/\/i0.wp.com\/www.haztartas-ma.hu\/wp-content\/uploads\/2014\/05\/eper-lekvar2-2.jpg?fit=150%2C150&ssl=1\" \/>\n\t<meta property=\"og:image:width\" content=\"150\" \/>\n\t<meta property=\"og:image:height\" content=\"150\" \/>\n\t<meta property=\"og:image:type\" content=\"image\/jpeg\" \/>\n<meta name=\"author\" content=\"Pap Zsuzsa\" \/>\n<meta name=\"twitter:label1\" content=\"Szerz\u0151:\" \/>\n\t<meta name=\"twitter:data1\" content=\"Pap Zsuzsa\" \/>\n\t<meta name=\"twitter:label2\" content=\"Becs\u00fclt olvas\u00e1si id\u0151\" \/>\n\t<meta name=\"twitter:data2\" content=\"5 perc\" \/>\n<script type=\"application\/ld+json\" class=\"yoast-schema-graph\">{\"@context\":\"https:\/\/schema.org\",\"@graph\":[{\"@type\":\"Article\",\"@id\":\"https:\/\/www.haztartas-ma.hu\/index.php\/befozes\/lekvar\/eperlekvar\/#article\",\"isPartOf\":{\"@id\":\"https:\/\/www.haztartas-ma.hu\/index.php\/befozes\/lekvar\/eperlekvar\/\"},\"author\":{\"name\":\"Pap Zsuzsa\",\"@id\":\"https:\/\/www.haztartas-ma.hu\/#\/schema\/person\/227e4a4f0d4777cbee1121e91494197e\"},\"headline\":\"Eperlekv\u00e1r\",\"datePublished\":\"2014-05-30T10:04:32+00:00\",\"dateModified\":\"2020-09-20T09:46:42+00:00\",\"mainEntityOfPage\":{\"@id\":\"https:\/\/www.haztartas-ma.hu\/index.php\/befozes\/lekvar\/eperlekvar\/\"},\"wordCount\":936,\"commentCount\":2,\"image\":{\"@id\":\"https:\/\/www.haztartas-ma.hu\/index.php\/befozes\/lekvar\/eperlekvar\/#primaryimage\"},\"thumbnailUrl\":\"https:\/\/www.haztartas-ma.hu\/wp-content\/uploads\/2014\/05\/eper-lekvar2-2.jpg\",\"keywords\":[\"Eper bef\u0151z\u00e9se\"],\"articleSection\":[\"Lekv\u00e1r\"],\"inLanguage\":\"hu\",\"potentialAction\":[{\"@type\":\"CommentAction\",\"name\":\"Comment\",\"target\":[\"https:\/\/www.haztartas-ma.hu\/index.php\/befozes\/lekvar\/eperlekvar\/#respond\"]}]},{\"@type\":\"WebPage\",\"@id\":\"https:\/\/www.haztartas-ma.hu\/index.php\/befozes\/lekvar\/eperlekvar\/\",\"url\":\"https:\/\/www.haztartas-ma.hu\/index.php\/befozes\/lekvar\/eperlekvar\/\",\"name\":\"Eperlekv\u00e1r - egyszer\u0171en, k\u00f6nnyen elk\u00e9sz\u00edthet\u0151 - H\u00e1ztart\u00e1s Ma\",\"isPartOf\":{\"@id\":\"https:\/\/www.haztartas-ma.hu\/#website\"},\"primaryImageOfPage\":{\"@id\":\"https:\/\/www.haztartas-ma.hu\/index.php\/befozes\/lekvar\/eperlekvar\/#primaryimage\"},\"image\":{\"@id\":\"https:\/\/www.haztartas-ma.hu\/index.php\/befozes\/lekvar\/eperlekvar\/#primaryimage\"},\"thumbnailUrl\":\"https:\/\/www.haztartas-ma.hu\/wp-content\/uploads\/2014\/05\/eper-lekvar2-2.jpg\",\"datePublished\":\"2014-05-30T10:04:32+00:00\",\"dateModified\":\"2020-09-20T09:46:42+00:00\",\"author\":{\"@id\":\"https:\/\/www.haztartas-ma.hu\/#\/schema\/person\/227e4a4f0d4777cbee1121e91494197e\"},\"description\":\"Eperlekv\u00e1r: k\u00fcl\u00f6nleges \u00edze miatt az egyik legkedveltebb lekv\u00e1r. Ha \u00edgy k\u00e9sz\u00edted, mindenki im\u00e1dni fogja. J\u00f3l felhaszn\u00e1lhat\u00f3 leklv\u00e1r.\",\"breadcrumb\":{\"@id\":\"https:\/\/www.haztartas-ma.hu\/index.php\/befozes\/lekvar\/eperlekvar\/#breadcrumb\"},\"inLanguage\":\"hu\",\"potentialAction\":[{\"@type\":\"ReadAction\",\"target\":[\"https:\/\/www.haztartas-ma.hu\/index.php\/befozes\/lekvar\/eperlekvar\/\"]}]},{\"@type\":\"ImageObject\",\"inLanguage\":\"hu\",\"@id\":\"https:\/\/www.haztartas-ma.hu\/index.php\/befozes\/lekvar\/eperlekvar\/#primaryimage\",\"url\":\"https:\/\/www.haztartas-ma.hu\/wp-content\/uploads\/2014\/05\/eper-lekvar2-2.jpg\",\"contentUrl\":\"https:\/\/www.haztartas-ma.hu\/wp-content\/uploads\/2014\/05\/eper-lekvar2-2.jpg\",\"width\":150,\"height\":150},{\"@type\":\"BreadcrumbList\",\"@id\":\"https:\/\/www.haztartas-ma.hu\/index.php\/befozes\/lekvar\/eperlekvar\/#breadcrumb\",\"itemListElement\":[{\"@type\":\"ListItem\",\"position\":1,\"name\":\"Home\",\"item\":\"https:\/\/www.haztartas-ma.hu\/\"},{\"@type\":\"ListItem\",\"position\":2,\"name\":\"Eperlekv\u00e1r\"}]},{\"@type\":\"WebSite\",\"@id\":\"https:\/\/www.haztartas-ma.hu\/#website\",\"url\":\"https:\/\/www.haztartas-ma.hu\/\",\"name\":\"H\u00e1ztart\u00e1s Ma\",\"description\":\"Egyszer\u0171 \u00e9telek, receptek, bef\u0151z\u00e9s, h\u00e1zi praktik\u00e1k\",\"potentialAction\":[{\"@type\":\"SearchAction\",\"target\":{\"@type\":\"EntryPoint\",\"urlTemplate\":\"https:\/\/www.haztartas-ma.hu\/?s={search_term_string}\"},\"query-input\":{\"@type\":\"PropertyValueSpecification\",\"valueRequired\":true,\"valueName\":\"search_term_string\"}}],\"inLanguage\":\"hu\"},{\"@type\":\"Person\",\"@id\":\"https:\/\/www.haztartas-ma.hu\/#\/schema\/person\/227e4a4f0d4777cbee1121e91494197e\",\"name\":\"Pap Zsuzsa\",\"image\":{\"@type\":\"ImageObject\",\"inLanguage\":\"hu\",\"@id\":\"https:\/\/www.haztartas-ma.hu\/#\/schema\/person\/image\/\",\"url\":\"https:\/\/secure.gravatar.com\/avatar\/2440b2ff40989c08a87baf0381e1a9dbe3ee77d34b712c593d29515b08cf2cbd?s=96&d=mm&r=g\",\"contentUrl\":\"https:\/\/secure.gravatar.com\/avatar\/2440b2ff40989c08a87baf0381e1a9dbe3ee77d34b712c593d29515b08cf2cbd?s=96&d=mm&r=g\",\"caption\":\"Pap Zsuzsa\"}}]}<\/script>\n<!-- \/ Yoast SEO plugin. -->","yoast_head_json":{"title":"Eperlekv\u00e1r - egyszer\u0171en, k\u00f6nnyen elk\u00e9sz\u00edthet\u0151 - H\u00e1ztart\u00e1s Ma","description":"Eperlekv\u00e1r: k\u00fcl\u00f6nleges \u00edze miatt az egyik legkedveltebb lekv\u00e1r. Ha \u00edgy k\u00e9sz\u00edted, mindenki im\u00e1dni fogja. J\u00f3l felhaszn\u00e1lhat\u00f3 leklv\u00e1r.","robots":{"index":"index","follow":"follow","max-snippet":"max-snippet:-1","max-image-preview":"max-image-preview:large","max-video-preview":"max-video-preview:-1"},"canonical":"https:\/\/www.haztartas-ma.hu\/index.php\/befozes\/lekvar\/eperlekvar\/","og_locale":"hu_HU","og_type":"article","og_title":"Eperlekv\u00e1r - egyszer\u0171en, k\u00f6nnyen elk\u00e9sz\u00edthet\u0151 - H\u00e1ztart\u00e1s Ma","og_description":"Eperlekv\u00e1r: k\u00fcl\u00f6nleges \u00edze miatt az egyik legkedveltebb lekv\u00e1r. Ha \u00edgy k\u00e9sz\u00edted, mindenki im\u00e1dni fogja. J\u00f3l felhaszn\u00e1lhat\u00f3 leklv\u00e1r.","og_url":"https:\/\/www.haztartas-ma.hu\/index.php\/befozes\/lekvar\/eperlekvar\/","og_site_name":"H\u00e1ztart\u00e1s Ma","article_published_time":"2014-05-30T10:04:32+00:00","article_modified_time":"2020-09-20T09:46:42+00:00","og_image":[{"width":150,"height":150,"url":"https:\/\/i0.wp.com\/www.haztartas-ma.hu\/wp-content\/uploads\/2014\/05\/eper-lekvar2-2.jpg?fit=150%2C150&ssl=1","type":"image\/jpeg"}],"author":"Pap Zsuzsa","twitter_misc":{"Szerz\u0151:":"Pap Zsuzsa","Becs\u00fclt olvas\u00e1si id\u0151":"5 perc"},"schema":{"@context":"https:\/\/schema.org","@graph":[{"@type":"Article","@id":"https:\/\/www.haztartas-ma.hu\/index.php\/befozes\/lekvar\/eperlekvar\/#article","isPartOf":{"@id":"https:\/\/www.haztartas-ma.hu\/index.php\/befozes\/lekvar\/eperlekvar\/"},"author":{"name":"Pap Zsuzsa","@id":"https:\/\/www.haztartas-ma.hu\/#\/schema\/person\/227e4a4f0d4777cbee1121e91494197e"},"headline":"Eperlekv\u00e1r","datePublished":"2014-05-30T10:04:32+00:00","dateModified":"2020-09-20T09:46:42+00:00","mainEntityOfPage":{"@id":"https:\/\/www.haztartas-ma.hu\/index.php\/befozes\/lekvar\/eperlekvar\/"},"wordCount":936,"commentCount":2,"image":{"@id":"https:\/\/www.haztartas-ma.hu\/index.php\/befozes\/lekvar\/eperlekvar\/#primaryimage"},"thumbnailUrl":"https:\/\/www.haztartas-ma.hu\/wp-content\/uploads\/2014\/05\/eper-lekvar2-2.jpg","keywords":["Eper bef\u0151z\u00e9se"],"articleSection":["Lekv\u00e1r"],"inLanguage":"hu","potentialAction":[{"@type":"CommentAction","name":"Comment","target":["https:\/\/www.haztartas-ma.hu\/index.php\/befozes\/lekvar\/eperlekvar\/#respond"]}]},{"@type":"WebPage","@id":"https:\/\/www.haztartas-ma.hu\/index.php\/befozes\/lekvar\/eperlekvar\/","url":"https:\/\/www.haztartas-ma.hu\/index.php\/befozes\/lekvar\/eperlekvar\/","name":"Eperlekv\u00e1r - egyszer\u0171en, k\u00f6nnyen elk\u00e9sz\u00edthet\u0151 - H\u00e1ztart\u00e1s Ma","isPartOf":{"@id":"https:\/\/www.haztartas-ma.hu\/#website"},"primaryImageOfPage":{"@id":"https:\/\/www.haztartas-ma.hu\/index.php\/befozes\/lekvar\/eperlekvar\/#primaryimage"},"image":{"@id":"https:\/\/www.haztartas-ma.hu\/index.php\/befozes\/lekvar\/eperlekvar\/#primaryimage"},"thumbnailUrl":"https:\/\/www.haztartas-ma.hu\/wp-content\/uploads\/2014\/05\/eper-lekvar2-2.jpg","datePublished":"2014-05-30T10:04:32+00:00","dateModified":"2020-09-20T09:46:42+00:00","author":{"@id":"https:\/\/www.haztartas-ma.hu\/#\/schema\/person\/227e4a4f0d4777cbee1121e91494197e"},"description":"Eperlekv\u00e1r: k\u00fcl\u00f6nleges \u00edze miatt az egyik legkedveltebb lekv\u00e1r. Ha \u00edgy k\u00e9sz\u00edted, mindenki im\u00e1dni fogja. J\u00f3l felhaszn\u00e1lhat\u00f3 leklv\u00e1r.","breadcrumb":{"@id":"https:\/\/www.haztartas-ma.hu\/index.php\/befozes\/lekvar\/eperlekvar\/#breadcrumb"},"inLanguage":"hu","potentialAction":[{"@type":"ReadAction","target":["https:\/\/www.haztartas-ma.hu\/index.php\/befozes\/lekvar\/eperlekvar\/"]}]},{"@type":"ImageObject","inLanguage":"hu","@id":"https:\/\/www.haztartas-ma.hu\/index.php\/befozes\/lekvar\/eperlekvar\/#primaryimage","url":"https:\/\/www.haztartas-ma.hu\/wp-content\/uploads\/2014\/05\/eper-lekvar2-2.jpg","contentUrl":"https:\/\/www.haztartas-ma.hu\/wp-content\/uploads\/2014\/05\/eper-lekvar2-2.jpg","width":150,"height":150},{"@type":"BreadcrumbList","@id":"https:\/\/www.haztartas-ma.hu\/index.php\/befozes\/lekvar\/eperlekvar\/#breadcrumb","itemListElement":[{"@type":"ListItem","position":1,"name":"Home","item":"https:\/\/www.haztartas-ma.hu\/"},{"@type":"ListItem","position":2,"name":"Eperlekv\u00e1r"}]},{"@type":"WebSite","@id":"https:\/\/www.haztartas-ma.hu\/#website","url":"https:\/\/www.haztartas-ma.hu\/","name":"H\u00e1ztart\u00e1s Ma","description":"Egyszer\u0171 \u00e9telek, receptek, bef\u0151z\u00e9s, h\u00e1zi praktik\u00e1k","potentialAction":[{"@type":"SearchAction","target":{"@type":"EntryPoint","urlTemplate":"https:\/\/www.haztartas-ma.hu\/?s={search_term_string}"},"query-input":{"@type":"PropertyValueSpecification","valueRequired":true,"valueName":"search_term_string"}}],"inLanguage":"hu"},{"@type":"Person","@id":"https:\/\/www.haztartas-ma.hu\/#\/schema\/person\/227e4a4f0d4777cbee1121e91494197e","name":"Pap Zsuzsa","image":{"@type":"ImageObject","inLanguage":"hu","@id":"https:\/\/www.haztartas-ma.hu\/#\/schema\/person\/image\/","url":"https:\/\/secure.gravatar.com\/avatar\/2440b2ff40989c08a87baf0381e1a9dbe3ee77d34b712c593d29515b08cf2cbd?s=96&d=mm&r=g","contentUrl":"https:\/\/secure.gravatar.com\/avatar\/2440b2ff40989c08a87baf0381e1a9dbe3ee77d34b712c593d29515b08cf2cbd?s=96&d=mm&r=g","caption":"Pap Zsuzsa"}}]}},"jetpack_featured_media_url":"https:\/\/www.haztartas-ma.hu\/wp-content\/uploads\/2014\/05\/eper-lekvar2-2.jpg","jetpack_sharing_enabled":true,"_links":{"self":[{"href":"https:\/\/www.haztartas-ma.hu\/index.php\/wp-json\/wp\/v2\/posts\/6835","targetHints":{"allow":["GET"]}}],"collection":[{"href":"https:\/\/www.haztartas-ma.hu\/index.php\/wp-json\/wp\/v2\/posts"}],"about":[{"href":"https:\/\/www.haztartas-ma.hu\/index.php\/wp-json\/wp\/v2\/types\/post"}],"author":[{"embeddable":true,"href":"https:\/\/www.haztartas-ma.hu\/index.php\/wp-json\/wp\/v2\/users\/171"}],"replies":[{"embeddable":true,"href":"https:\/\/www.haztartas-ma.hu\/index.php\/wp-json\/wp\/v2\/comments?post=6835"}],"version-history":[{"count":2,"href":"https:\/\/www.haztartas-ma.hu\/index.php\/wp-json\/wp\/v2\/posts\/6835\/revisions"}],"predecessor-version":[{"id":30516,"href":"https:\/\/www.haztartas-ma.hu\/index.php\/wp-json\/wp\/v2\/posts\/6835\/revisions\/30516"}],"wp:featuredmedia":[{"embeddable":true,"href":"https:\/\/www.haztartas-ma.hu\/index.php\/wp-json\/wp\/v2\/media\/6842"}],"wp:attachment":[{"href":"https:\/\/www.haztartas-ma.hu\/index.php\/wp-json\/wp\/v2\/media?parent=6835"}],"wp:term":[{"taxonomy":"category","embeddable":true,"href":"https:\/\/www.haztartas-ma.hu\/index.php\/wp-json\/wp\/v2\/categories?post=6835"},{"taxonomy":"post_tag","embeddable":true,"href":"https:\/\/www.haztartas-ma.hu\/index.php\/wp-json\/wp\/v2\/tags?post=6835"}],"curies":[{"name":"wp","href":"https:\/\/api.w.org\/{rel}","templated":true}]}}