{"id":3693,"date":"2011-07-22T04:38:22","date_gmt":"2011-07-22T03:38:22","guid":{"rendered":"http:\/\/www.haztartas-ma.hu\/?p=3693"},"modified":"2023-09-16T07:36:51","modified_gmt":"2023-09-16T05:36:51","slug":"fekete-szeder","status":"publish","type":"post","link":"https:\/\/www.haztartas-ma.hu\/index.php\/receptek\/alapanyagok\/gyumolcsok\/fekete-szeder\/","title":{"rendered":"Fekete szeder"},"content":{"rendered":"<p style=\"text-align: justify;\">Fekete szeder: az emberek m\u00e1r nagyon r\u00e9g\u00f3ta fogyasztj\u00e1k.\u00a0 Nagyon sok vad fajt\u00e1ja ismert, t\u00fcske n\u00e9lk\u00fcli nemes\u00edtett fajta is. Erd\u0151k sz\u00e9l\u00e9n, utak ment\u00e9n tal\u00e1lkozhatsz vele.<\/p>\n<p><!--more--><\/p>\n<p><img loading=\"lazy\" decoding=\"async\" class=\"aligncenter size-medium wp-image-17923\" src=\"https:\/\/www.haztartas-ma.hu\/wp-content\/uploads\/2011\/07\/feketeszeder-300x224.jpg\" alt=\"Fekete szeder\" width=\"300\" height=\"224\" \/><\/p>\n<h2>Fekete szeder felhaszn\u00e1l\u00e1sa<\/h2>\n<p><strong>Meg lehet enni: <\/strong><\/p>\n<p style=\"text-align: justify;\">A szeder savanyk\u00e1s \u00edze miatt \u00fcd\u00edt\u0151 a ny\u00e1ri melegben. Gazdag vitaminokban (A, B1. B6, C) \u00e9s \u00e1sv\u00e1nyi anyagokban (kalcium, k\u00e1lium, foszfor, magn\u00e9zium, vas, mang\u00e1n, r\u00e9z). Mindemellett kal\u00f3riaszeg\u00e9ny, \u00edgy nyugodtan ehet\u0151 bel\u0151le nagyobb mennyis\u00e9get is. (Forr\u00e1s: vitaminsziget.com)<strong>\u00a0<\/strong><\/p>\n<p><strong>F\u0151zhetsz bel\u0151le gy\u00fcm\u00f6lcslevest:<\/strong><\/p>\n<p style=\"text-align: justify;\">Az el\u0151z\u0151 cikkemben \u00edrtam a meggylevesr\u0151l, a szederb\u0151l ugyan\u00fagy elk\u00e9sz\u00edtheted. Keverheted m\u00e1s gy\u00fcm\u00f6lcs\u00f6kkel:\u00a0 pl. alm\u00e1val. T\u00e9len fagyasztott csereszny\u00e9b\u0151l \u00e9s kev\u00e9s \u00a0szederb\u0151l a meggylevesre eml\u00e9keztet\u0151 \u00edzt var\u00e1zsolhatsz.<\/p>\n<p><strong>Tart\u00f3s\u00edthatod fagyaszt\u00e1ssal:<\/strong><\/p>\n<p style=\"text-align: justify;\">Miut\u00e1n megmostad, lecsepegtetted, szemenk\u00e9nt kirakod egy t\u00e1lc\u00e1ra \u00e9s lefagyasztod annyi adagban, amennyit szeretn\u00e9l. A fagyott gy\u00fcm\u00f6lcs\u00f6ket \u00e1tteheted egy zacsk\u00f3ba \u00e9s elteheted a m\u00e9lyh\u0171t\u0151 t\u00e1rol\u00f3j\u00e1ba. Felhaszn\u00e1lhatod gy\u00fcm\u00f6lcsleves k\u00e9sz\u00edt\u00e9s\u00e9hez (pl. remek kieg\u00e9sz\u00edt\u0151je a csereszny\u00e9nek), van\u00edliapudingba vagy s\u00fctem\u00e9nyek k\u00e9sz\u00edt\u00e9s\u00e9hez.<strong>\u00a0<\/strong><\/p>\n<p><strong>K\u00e9sz\u00edthetsz bel\u0151le bef\u0151ttet:<\/strong><\/p>\n<p style=\"text-align: justify;\">A szeder nagyon j\u00f3l illik a vadashoz, de beleteheted gy\u00fcm\u00f6lcssal\u00e1t\u00e1ba, belekeverheted m\u00e1glyarak\u00e1s habj\u00e1ba, felhaszn\u00e1lhatod gy\u00fcm\u00f6lcs\u00f6s s\u00fctem\u00e9nyek k\u00e9sz\u00edt\u00e9s\u00e9re (\u00e9desany\u00e1m szokta \u00edgy tart\u00f3s\u00edtani).<strong>\u00a0<\/strong><\/p>\n<p><strong>F\u0151zhetsz bel\u0151le lekv\u00e1rt, dzsemet vagy zsel\u00e9t:<\/strong><\/p>\n<p style=\"text-align: justify;\">\u00c9n m\u00e1r k\u00e9sz\u00edtettem bel\u0151le <a href=\"https:\/\/www.haztartas-ma.hu\/index.php\/befozes\/lekvar\/feketeszeder-lekvar\/\">szeder lekv\u00e1r<\/a>t (magosat) &#8211; kis mennyis\u00e9g\u0171 cukorral &#8211; \u00e9s mondhatom, igaz\u00e1n kiv\u00e1l\u00f3, egyedi \u00edzzel. A csal\u00e1d nem gy\u0151zte d\u00edcs\u00e9rni. Ha \u00e1tpassz\u00edrozod: zsel\u00e9 lehet bel\u0151le.<strong>\u00a0<\/strong><\/p>\n<p><strong>Szedersz\u00f6rp form\u00e1j\u00e1ban is fogyaszthatod:<\/strong><\/p>\n<p>\u00c9n ezt m\u00e9g nem pr\u00f3b\u00e1ltam, de az interneten tal\u00e1lsz r\u00e1 receptet.<\/p>\n<p><strong>P\u00e1linka is f\u0151zhet\u0151 bel\u0151le:<\/strong><\/p>\n<p style=\"text-align: justify;\">A bar\u00e1tn\u0151m h\u00edvta fel r\u00e1 a figyelmemet, hogy a szeder p\u00e1linka k\u00e9sz\u00edt\u00e9s\u00e9re is alkalmas, de nem aj\u00e1nlom, hogy otthon nekikezdj. El\u0151sz\u00f6r is el\u00e9g nagy mennyis\u00e9g kell hozz\u00e1, m\u00e1sodszor j\u00f3 <a href=\"https:\/\/szederinfo.hu\/szeder-palinka\/\">szeder p\u00e1linka<\/a> k\u00e9sz\u00edt\u00e9s\u00e9t szakemberre kell b\u00edzni.<\/p>\n<p><strong>Sz\u00e1r\u00edtott level\u00e9b\u0151l tea k\u00e9sz\u00edthet\u0151: <\/strong><\/p>\n<p>A level\u00e9b\u0151l k\u00e9sz\u00edtett tea j\u00f3 hasmen\u00e9s ellen, de teakever\u00e9k k\u00e9sz\u00edt\u00e9s\u00e9hez is felhaszn\u00e1lhatod (vitaminsziget.com).<\/p>\n<p>&nbsp;<\/p>\n<p><img loading=\"lazy\" decoding=\"async\" class=\"aligncenter size-full wp-image-3694\" src=\"https:\/\/www.haztartas-ma.hu\/wp-content\/uploads\/2011\/07\/M\u00e1sol\u00e1s-szeder-b\u00e1lint-gazda.jpg\" alt=\"Szeder - a term\u00e9szet aj\u00e1nd\u00e9ka \" width=\"187\" height=\"181\" \/><\/p>\n<p><strong>\u00a0<\/strong><\/p>\n<h2>Fekete szeder &#8211; eg\u00e9szs\u00e9g \u00e9s p\u00e9nz<\/h2>\n<p style=\"text-align: justify;\">Gondoltad volna, hogy ez a szinte vadon term\u0151 n\u00f6v\u00e9ny micsoda aj\u00e1nd\u00e9k? Ha kir\u00e1ndulsz, k\u00e9sz\u00fclj fel n\u00e9h\u00e1ny dobozzal, mert ha r\u00e1akadsz, kincset tal\u00e1lsz: j\u00f3t teszel az eg\u00e9szs\u00e9gednek \u00e9s p\u00e9nzt takar\u00edthatsz meg: nem felt\u00e9tlen\u00fcl sz\u00fcks\u00e9ges a m\u00e9regdr\u00e1ga \u00e1fony\u00e1t v\u00e1s\u00e1rolnod, ha vadas mell\u00e9 keresel kieg\u00e9sz\u00edt\u0151t, de reggelihez vajas keny\u00e9rre is kiv\u00e1l\u00f3. Ha kerted van, \u00e9rdemes betelep\u00edteni n\u00e9h\u00e1ny bokorral. Rengeted term\u00e9s lehet rajta. A termeszt\u00e9sr\u0151l B\u00e1lint gazda honlapj\u00e1n tal\u00e1lsz inform\u00e1ci\u00f3t.<\/p>\n<h3 style=\"text-align: justify;\">Kit\u00e9r\u0151<\/h3>\n<p style=\"text-align: justify;\">Szeder szedhet\u0151 ak\u00e1r egy kir\u00e1ndul\u00e1s vagy erdei s\u00e9ta alkalm\u00e1val. Egy alkalommal ketten k\u00e9t 7 \u00e9ven aluli gyerekkel (a gyerekek f\u0151leg ettek), 15 perc alatt megt\u00f6lt\u00f6tt\u00fcnk k\u00e9t fagylaltos\u00a0dobozt. Itthon megm\u00e9rtem: \u00e9ppen 1 kg volt. Ha \u00fagy veszem, 1 kg szeder \u00e1r\u00e1t megkerest\u00fck \u00f6sszesen 1 \u00f3rai munk\u00e1val. Mivel a szeder a dr\u00e1ga gy\u00fcm\u00f6lcs\u00f6k k\u00f6z\u00e9 tartozik (ak\u00e1r 3000 Ft is lehet az \u00e1ra), nem rossz \u00f3rab\u00e9r\u00e9\u00e9rt dolgoztunk.<\/p>\n<p>&nbsp;<\/p>\n<p>Illusztr\u00e1ci\u00f3: B\u00e1lint gazda honlapj\u00e1n lev\u0151 k\u00e9p r\u00e9szlete<\/p>\n<p>&nbsp;<\/p>\n","protected":false},"excerpt":{"rendered":"<p>A szeder megtal\u00e1lhat\u00f3 erd\u0151k sz\u00e9l\u00e9n, utak ment\u00e9n, sok helyen \u00e9l\u0151s\u00f6v\u00e9nyk\u00e9nt telep\u00edtett\u00e9k be a kertekbe. J\u00faliust\u00f3l szeptemberig terem, de t\u00fcsk\u00e9s ind\u00e1i miatt el\u00e9g neh\u00e9z szedni, pedig sok \u00e9rt\u00e9kes anyagot tartalmaz. <\/p>\n","protected":false},"author":171,"featured_media":3694,"comment_status":"open","ping_status":"closed","sticky":false,"template":"","format":"standard","meta":{"_et_pb_use_builder":"","_et_pb_old_content":"","_et_gb_content_width":"","_jetpack_memberships_contains_paid_content":false,"footnotes":"","_wp_rev_ctl_limit":""},"categories":[454],"tags":[],"class_list":["post-3693","post","type-post","status-publish","format-standard","has-post-thumbnail","hentry","category-gyumolcsok","et-has-post-format-content","et_post_format-et-post-format-standard"],"yoast_head":"<!-- This site is optimized with the Yoast SEO plugin v27.1.1 - https:\/\/yoast.com\/product\/yoast-seo-wordpress\/ -->\n<title>Fekete szeder - a term\u00e9szet aj\u00e1nd\u00e9ka - H\u00e1ztart\u00e1s Ma<\/title>\n<meta name=\"description\" content=\"Fekete szeder erd\u0151n-mez\u0151n megtal\u00e1lhat\u00f3. Magad szeded: ingyen van - egy\u00e9bk\u00e9nt dr\u00e1ga. Lekv\u00e1r, bef\u0151tt k\u00e9sz\u00edthet\u0151 bel\u0151le, fagyaszthat\u00f3.\" \/>\n<meta name=\"robots\" content=\"index, follow, max-snippet:-1, max-image-preview:large, max-video-preview:-1\" \/>\n<link rel=\"canonical\" href=\"https:\/\/www.haztartas-ma.hu\/index.php\/receptek\/alapanyagok\/gyumolcsok\/fekete-szeder\/\" \/>\n<meta property=\"og:locale\" content=\"hu_HU\" \/>\n<meta property=\"og:type\" content=\"article\" \/>\n<meta property=\"og:title\" content=\"Fekete szeder - a term\u00e9szet aj\u00e1nd\u00e9ka - H\u00e1ztart\u00e1s Ma\" \/>\n<meta property=\"og:description\" content=\"Fekete szeder erd\u0151n-mez\u0151n megtal\u00e1lhat\u00f3. Magad szeded: ingyen van - egy\u00e9bk\u00e9nt dr\u00e1ga. Lekv\u00e1r, bef\u0151tt k\u00e9sz\u00edthet\u0151 bel\u0151le, fagyaszthat\u00f3.\" \/>\n<meta property=\"og:url\" content=\"https:\/\/www.haztartas-ma.hu\/index.php\/receptek\/alapanyagok\/gyumolcsok\/fekete-szeder\/\" \/>\n<meta property=\"og:site_name\" content=\"H\u00e1ztart\u00e1s Ma\" \/>\n<meta property=\"article:published_time\" content=\"2011-07-22T03:38:22+00:00\" \/>\n<meta property=\"article:modified_time\" content=\"2023-09-16T05:36:51+00:00\" \/>\n<meta property=\"og:image\" content=\"https:\/\/www.haztartas-ma.hu\/wp-content\/uploads\/2011\/07\/M\u00e1sol\u00e1s-szeder-b\u00e1lint-gazda.jpg\" \/>\n\t<meta property=\"og:image:width\" content=\"187\" \/>\n\t<meta property=\"og:image:height\" content=\"181\" \/>\n\t<meta property=\"og:image:type\" content=\"image\/jpeg\" \/>\n<meta name=\"author\" content=\"Pap Zsuzsa\" \/>\n<meta name=\"twitter:label1\" content=\"Szerz\u0151:\" \/>\n\t<meta name=\"twitter:data1\" content=\"Pap Zsuzsa\" \/>\n\t<meta name=\"twitter:label2\" content=\"Becs\u00fclt olvas\u00e1si id\u0151\" \/>\n\t<meta name=\"twitter:data2\" content=\"3 perc\" \/>\n<script type=\"application\/ld+json\" class=\"yoast-schema-graph\">{\"@context\":\"https:\/\/schema.org\",\"@graph\":[{\"@type\":\"Article\",\"@id\":\"https:\/\/www.haztartas-ma.hu\/index.php\/receptek\/alapanyagok\/gyumolcsok\/fekete-szeder\/#article\",\"isPartOf\":{\"@id\":\"https:\/\/www.haztartas-ma.hu\/index.php\/receptek\/alapanyagok\/gyumolcsok\/fekete-szeder\/\"},\"author\":{\"name\":\"Pap Zsuzsa\",\"@id\":\"https:\/\/www.haztartas-ma.hu\/#\/schema\/person\/227e4a4f0d4777cbee1121e91494197e\"},\"headline\":\"Fekete szeder\",\"datePublished\":\"2011-07-22T03:38:22+00:00\",\"dateModified\":\"2023-09-16T05:36:51+00:00\",\"mainEntityOfPage\":{\"@id\":\"https:\/\/www.haztartas-ma.hu\/index.php\/receptek\/alapanyagok\/gyumolcsok\/fekete-szeder\/\"},\"wordCount\":657,\"commentCount\":2,\"image\":{\"@id\":\"https:\/\/www.haztartas-ma.hu\/index.php\/receptek\/alapanyagok\/gyumolcsok\/fekete-szeder\/#primaryimage\"},\"thumbnailUrl\":\"https:\/\/www.haztartas-ma.hu\/wp-content\/uploads\/2011\/07\/M\u00e1sol\u00e1s-szeder-b\u00e1lint-gazda.jpg\",\"articleSection\":[\"Gy\u00fcm\u00f6lcs\u00f6k\"],\"inLanguage\":\"hu\",\"potentialAction\":[{\"@type\":\"CommentAction\",\"name\":\"Comment\",\"target\":[\"https:\/\/www.haztartas-ma.hu\/index.php\/receptek\/alapanyagok\/gyumolcsok\/fekete-szeder\/#respond\"]}]},{\"@type\":\"WebPage\",\"@id\":\"https:\/\/www.haztartas-ma.hu\/index.php\/receptek\/alapanyagok\/gyumolcsok\/fekete-szeder\/\",\"url\":\"https:\/\/www.haztartas-ma.hu\/index.php\/receptek\/alapanyagok\/gyumolcsok\/fekete-szeder\/\",\"name\":\"Fekete szeder - a term\u00e9szet aj\u00e1nd\u00e9ka - H\u00e1ztart\u00e1s Ma\",\"isPartOf\":{\"@id\":\"https:\/\/www.haztartas-ma.hu\/#website\"},\"primaryImageOfPage\":{\"@id\":\"https:\/\/www.haztartas-ma.hu\/index.php\/receptek\/alapanyagok\/gyumolcsok\/fekete-szeder\/#primaryimage\"},\"image\":{\"@id\":\"https:\/\/www.haztartas-ma.hu\/index.php\/receptek\/alapanyagok\/gyumolcsok\/fekete-szeder\/#primaryimage\"},\"thumbnailUrl\":\"https:\/\/www.haztartas-ma.hu\/wp-content\/uploads\/2011\/07\/M\u00e1sol\u00e1s-szeder-b\u00e1lint-gazda.jpg\",\"datePublished\":\"2011-07-22T03:38:22+00:00\",\"dateModified\":\"2023-09-16T05:36:51+00:00\",\"author\":{\"@id\":\"https:\/\/www.haztartas-ma.hu\/#\/schema\/person\/227e4a4f0d4777cbee1121e91494197e\"},\"description\":\"Fekete szeder erd\u0151n-mez\u0151n megtal\u00e1lhat\u00f3. Magad szeded: ingyen van - egy\u00e9bk\u00e9nt dr\u00e1ga. Lekv\u00e1r, bef\u0151tt k\u00e9sz\u00edthet\u0151 bel\u0151le, fagyaszthat\u00f3.\",\"breadcrumb\":{\"@id\":\"https:\/\/www.haztartas-ma.hu\/index.php\/receptek\/alapanyagok\/gyumolcsok\/fekete-szeder\/#breadcrumb\"},\"inLanguage\":\"hu\",\"potentialAction\":[{\"@type\":\"ReadAction\",\"target\":[\"https:\/\/www.haztartas-ma.hu\/index.php\/receptek\/alapanyagok\/gyumolcsok\/fekete-szeder\/\"]}]},{\"@type\":\"ImageObject\",\"inLanguage\":\"hu\",\"@id\":\"https:\/\/www.haztartas-ma.hu\/index.php\/receptek\/alapanyagok\/gyumolcsok\/fekete-szeder\/#primaryimage\",\"url\":\"https:\/\/www.haztartas-ma.hu\/wp-content\/uploads\/2011\/07\/M\u00e1sol\u00e1s-szeder-b\u00e1lint-gazda.jpg\",\"contentUrl\":\"https:\/\/www.haztartas-ma.hu\/wp-content\/uploads\/2011\/07\/M\u00e1sol\u00e1s-szeder-b\u00e1lint-gazda.jpg\",\"width\":187,\"height\":181},{\"@type\":\"BreadcrumbList\",\"@id\":\"https:\/\/www.haztartas-ma.hu\/index.php\/receptek\/alapanyagok\/gyumolcsok\/fekete-szeder\/#breadcrumb\",\"itemListElement\":[{\"@type\":\"ListItem\",\"position\":1,\"name\":\"Home\",\"item\":\"https:\/\/www.haztartas-ma.hu\/\"},{\"@type\":\"ListItem\",\"position\":2,\"name\":\"Fekete szeder\"}]},{\"@type\":\"WebSite\",\"@id\":\"https:\/\/www.haztartas-ma.hu\/#website\",\"url\":\"https:\/\/www.haztartas-ma.hu\/\",\"name\":\"H\u00e1ztart\u00e1s Ma\",\"description\":\"Egyszer\u0171 \u00e9telek, receptek, bef\u0151z\u00e9s, h\u00e1zi praktik\u00e1k\",\"potentialAction\":[{\"@type\":\"SearchAction\",\"target\":{\"@type\":\"EntryPoint\",\"urlTemplate\":\"https:\/\/www.haztartas-ma.hu\/?s={search_term_string}\"},\"query-input\":{\"@type\":\"PropertyValueSpecification\",\"valueRequired\":true,\"valueName\":\"search_term_string\"}}],\"inLanguage\":\"hu\"},{\"@type\":\"Person\",\"@id\":\"https:\/\/www.haztartas-ma.hu\/#\/schema\/person\/227e4a4f0d4777cbee1121e91494197e\",\"name\":\"Pap Zsuzsa\",\"image\":{\"@type\":\"ImageObject\",\"inLanguage\":\"hu\",\"@id\":\"https:\/\/www.haztartas-ma.hu\/#\/schema\/person\/image\/\",\"url\":\"https:\/\/secure.gravatar.com\/avatar\/2440b2ff40989c08a87baf0381e1a9dbe3ee77d34b712c593d29515b08cf2cbd?s=96&d=mm&r=g\",\"contentUrl\":\"https:\/\/secure.gravatar.com\/avatar\/2440b2ff40989c08a87baf0381e1a9dbe3ee77d34b712c593d29515b08cf2cbd?s=96&d=mm&r=g\",\"caption\":\"Pap Zsuzsa\"}}]}<\/script>\n<!-- \/ Yoast SEO plugin. -->","yoast_head_json":{"title":"Fekete szeder - a term\u00e9szet aj\u00e1nd\u00e9ka - H\u00e1ztart\u00e1s Ma","description":"Fekete szeder erd\u0151n-mez\u0151n megtal\u00e1lhat\u00f3. Magad szeded: ingyen van - egy\u00e9bk\u00e9nt dr\u00e1ga. Lekv\u00e1r, bef\u0151tt k\u00e9sz\u00edthet\u0151 bel\u0151le, fagyaszthat\u00f3.","robots":{"index":"index","follow":"follow","max-snippet":"max-snippet:-1","max-image-preview":"max-image-preview:large","max-video-preview":"max-video-preview:-1"},"canonical":"https:\/\/www.haztartas-ma.hu\/index.php\/receptek\/alapanyagok\/gyumolcsok\/fekete-szeder\/","og_locale":"hu_HU","og_type":"article","og_title":"Fekete szeder - a term\u00e9szet aj\u00e1nd\u00e9ka - H\u00e1ztart\u00e1s Ma","og_description":"Fekete szeder erd\u0151n-mez\u0151n megtal\u00e1lhat\u00f3. Magad szeded: ingyen van - egy\u00e9bk\u00e9nt dr\u00e1ga. Lekv\u00e1r, bef\u0151tt k\u00e9sz\u00edthet\u0151 bel\u0151le, fagyaszthat\u00f3.","og_url":"https:\/\/www.haztartas-ma.hu\/index.php\/receptek\/alapanyagok\/gyumolcsok\/fekete-szeder\/","og_site_name":"H\u00e1ztart\u00e1s Ma","article_published_time":"2011-07-22T03:38:22+00:00","article_modified_time":"2023-09-16T05:36:51+00:00","og_image":[{"width":187,"height":181,"url":"https:\/\/www.haztartas-ma.hu\/wp-content\/uploads\/2011\/07\/M\u00e1sol\u00e1s-szeder-b\u00e1lint-gazda.jpg","type":"image\/jpeg"}],"author":"Pap Zsuzsa","twitter_misc":{"Szerz\u0151:":"Pap Zsuzsa","Becs\u00fclt olvas\u00e1si id\u0151":"3 perc"},"schema":{"@context":"https:\/\/schema.org","@graph":[{"@type":"Article","@id":"https:\/\/www.haztartas-ma.hu\/index.php\/receptek\/alapanyagok\/gyumolcsok\/fekete-szeder\/#article","isPartOf":{"@id":"https:\/\/www.haztartas-ma.hu\/index.php\/receptek\/alapanyagok\/gyumolcsok\/fekete-szeder\/"},"author":{"name":"Pap Zsuzsa","@id":"https:\/\/www.haztartas-ma.hu\/#\/schema\/person\/227e4a4f0d4777cbee1121e91494197e"},"headline":"Fekete szeder","datePublished":"2011-07-22T03:38:22+00:00","dateModified":"2023-09-16T05:36:51+00:00","mainEntityOfPage":{"@id":"https:\/\/www.haztartas-ma.hu\/index.php\/receptek\/alapanyagok\/gyumolcsok\/fekete-szeder\/"},"wordCount":657,"commentCount":2,"image":{"@id":"https:\/\/www.haztartas-ma.hu\/index.php\/receptek\/alapanyagok\/gyumolcsok\/fekete-szeder\/#primaryimage"},"thumbnailUrl":"https:\/\/www.haztartas-ma.hu\/wp-content\/uploads\/2011\/07\/M\u00e1sol\u00e1s-szeder-b\u00e1lint-gazda.jpg","articleSection":["Gy\u00fcm\u00f6lcs\u00f6k"],"inLanguage":"hu","potentialAction":[{"@type":"CommentAction","name":"Comment","target":["https:\/\/www.haztartas-ma.hu\/index.php\/receptek\/alapanyagok\/gyumolcsok\/fekete-szeder\/#respond"]}]},{"@type":"WebPage","@id":"https:\/\/www.haztartas-ma.hu\/index.php\/receptek\/alapanyagok\/gyumolcsok\/fekete-szeder\/","url":"https:\/\/www.haztartas-ma.hu\/index.php\/receptek\/alapanyagok\/gyumolcsok\/fekete-szeder\/","name":"Fekete szeder - a term\u00e9szet aj\u00e1nd\u00e9ka - H\u00e1ztart\u00e1s Ma","isPartOf":{"@id":"https:\/\/www.haztartas-ma.hu\/#website"},"primaryImageOfPage":{"@id":"https:\/\/www.haztartas-ma.hu\/index.php\/receptek\/alapanyagok\/gyumolcsok\/fekete-szeder\/#primaryimage"},"image":{"@id":"https:\/\/www.haztartas-ma.hu\/index.php\/receptek\/alapanyagok\/gyumolcsok\/fekete-szeder\/#primaryimage"},"thumbnailUrl":"https:\/\/www.haztartas-ma.hu\/wp-content\/uploads\/2011\/07\/M\u00e1sol\u00e1s-szeder-b\u00e1lint-gazda.jpg","datePublished":"2011-07-22T03:38:22+00:00","dateModified":"2023-09-16T05:36:51+00:00","author":{"@id":"https:\/\/www.haztartas-ma.hu\/#\/schema\/person\/227e4a4f0d4777cbee1121e91494197e"},"description":"Fekete szeder erd\u0151n-mez\u0151n megtal\u00e1lhat\u00f3. Magad szeded: ingyen van - egy\u00e9bk\u00e9nt dr\u00e1ga. Lekv\u00e1r, bef\u0151tt k\u00e9sz\u00edthet\u0151 bel\u0151le, fagyaszthat\u00f3.","breadcrumb":{"@id":"https:\/\/www.haztartas-ma.hu\/index.php\/receptek\/alapanyagok\/gyumolcsok\/fekete-szeder\/#breadcrumb"},"inLanguage":"hu","potentialAction":[{"@type":"ReadAction","target":["https:\/\/www.haztartas-ma.hu\/index.php\/receptek\/alapanyagok\/gyumolcsok\/fekete-szeder\/"]}]},{"@type":"ImageObject","inLanguage":"hu","@id":"https:\/\/www.haztartas-ma.hu\/index.php\/receptek\/alapanyagok\/gyumolcsok\/fekete-szeder\/#primaryimage","url":"https:\/\/www.haztartas-ma.hu\/wp-content\/uploads\/2011\/07\/M\u00e1sol\u00e1s-szeder-b\u00e1lint-gazda.jpg","contentUrl":"https:\/\/www.haztartas-ma.hu\/wp-content\/uploads\/2011\/07\/M\u00e1sol\u00e1s-szeder-b\u00e1lint-gazda.jpg","width":187,"height":181},{"@type":"BreadcrumbList","@id":"https:\/\/www.haztartas-ma.hu\/index.php\/receptek\/alapanyagok\/gyumolcsok\/fekete-szeder\/#breadcrumb","itemListElement":[{"@type":"ListItem","position":1,"name":"Home","item":"https:\/\/www.haztartas-ma.hu\/"},{"@type":"ListItem","position":2,"name":"Fekete szeder"}]},{"@type":"WebSite","@id":"https:\/\/www.haztartas-ma.hu\/#website","url":"https:\/\/www.haztartas-ma.hu\/","name":"H\u00e1ztart\u00e1s Ma","description":"Egyszer\u0171 \u00e9telek, receptek, bef\u0151z\u00e9s, h\u00e1zi praktik\u00e1k","potentialAction":[{"@type":"SearchAction","target":{"@type":"EntryPoint","urlTemplate":"https:\/\/www.haztartas-ma.hu\/?s={search_term_string}"},"query-input":{"@type":"PropertyValueSpecification","valueRequired":true,"valueName":"search_term_string"}}],"inLanguage":"hu"},{"@type":"Person","@id":"https:\/\/www.haztartas-ma.hu\/#\/schema\/person\/227e4a4f0d4777cbee1121e91494197e","name":"Pap Zsuzsa","image":{"@type":"ImageObject","inLanguage":"hu","@id":"https:\/\/www.haztartas-ma.hu\/#\/schema\/person\/image\/","url":"https:\/\/secure.gravatar.com\/avatar\/2440b2ff40989c08a87baf0381e1a9dbe3ee77d34b712c593d29515b08cf2cbd?s=96&d=mm&r=g","contentUrl":"https:\/\/secure.gravatar.com\/avatar\/2440b2ff40989c08a87baf0381e1a9dbe3ee77d34b712c593d29515b08cf2cbd?s=96&d=mm&r=g","caption":"Pap Zsuzsa"}}]}},"jetpack_featured_media_url":"https:\/\/www.haztartas-ma.hu\/wp-content\/uploads\/2011\/07\/M\u00e1sol\u00e1s-szeder-b\u00e1lint-gazda.jpg","jetpack_sharing_enabled":true,"_links":{"self":[{"href":"https:\/\/www.haztartas-ma.hu\/index.php\/wp-json\/wp\/v2\/posts\/3693","targetHints":{"allow":["GET"]}}],"collection":[{"href":"https:\/\/www.haztartas-ma.hu\/index.php\/wp-json\/wp\/v2\/posts"}],"about":[{"href":"https:\/\/www.haztartas-ma.hu\/index.php\/wp-json\/wp\/v2\/types\/post"}],"author":[{"embeddable":true,"href":"https:\/\/www.haztartas-ma.hu\/index.php\/wp-json\/wp\/v2\/users\/171"}],"replies":[{"embeddable":true,"href":"https:\/\/www.haztartas-ma.hu\/index.php\/wp-json\/wp\/v2\/comments?post=3693"}],"version-history":[{"count":3,"href":"https:\/\/www.haztartas-ma.hu\/index.php\/wp-json\/wp\/v2\/posts\/3693\/revisions"}],"predecessor-version":[{"id":36347,"href":"https:\/\/www.haztartas-ma.hu\/index.php\/wp-json\/wp\/v2\/posts\/3693\/revisions\/36347"}],"wp:featuredmedia":[{"embeddable":true,"href":"https:\/\/www.haztartas-ma.hu\/index.php\/wp-json\/wp\/v2\/media\/3694"}],"wp:attachment":[{"href":"https:\/\/www.haztartas-ma.hu\/index.php\/wp-json\/wp\/v2\/media?parent=3693"}],"wp:term":[{"taxonomy":"category","embeddable":true,"href":"https:\/\/www.haztartas-ma.hu\/index.php\/wp-json\/wp\/v2\/categories?post=3693"},{"taxonomy":"post_tag","embeddable":true,"href":"https:\/\/www.haztartas-ma.hu\/index.php\/wp-json\/wp\/v2\/tags?post=3693"}],"curies":[{"name":"wp","href":"https:\/\/api.w.org\/{rel}","templated":true}]}}