{"id":32263,"date":"2021-10-05T13:49:39","date_gmt":"2021-10-05T11:49:39","guid":{"rendered":"https:\/\/www.haztartas-ma.hu\/?p=32263"},"modified":"2022-03-21T06:57:31","modified_gmt":"2022-03-21T05:57:31","slug":"korte-befott","status":"publish","type":"post","link":"https:\/\/www.haztartas-ma.hu\/index.php\/befozes\/befott\/korte-befott\/","title":{"rendered":"K\u00f6rte bef\u0151tt"},"content":{"rendered":"<p>K\u00f6rte bef\u0151tt: ha j\u00f3 \u00edz\u0171 \u00e9s megfelel\u0151 kem\u00e9nys\u00e9g\u0171 k\u00f6rt\u00e9t v\u00e1lasztasz hozz\u00e1, nagyon finom bef\u0151ttet k\u00e9sz\u00edthetsz bel\u0151le.<\/p>\n<p><!--more--><\/p>\n<p><img loading=\"lazy\" decoding=\"async\" class=\"aligncenter size-medium wp-image-32256\" src=\"https:\/\/www.haztartas-ma.hu\/wp-content\/uploads\/2021\/10\/kortebefott-300x225.jpg\" alt=\"K\u00f6rtebef\u0151tt\" width=\"300\" height=\"225\" srcset=\"https:\/\/www.haztartas-ma.hu\/wp-content\/uploads\/2021\/10\/kortebefott-300x225.jpg 300w, https:\/\/www.haztartas-ma.hu\/wp-content\/uploads\/2021\/10\/kortebefott.jpg 640w\" sizes=\"(max-width: 300px) 100vw, 300px\" \/><\/p>\n<h2>K\u00f6rte bef\u0151tt<\/h2>\n<p>Elk\u00e9sz\u00edt\u00e9si id\u0151: 90 perc<\/p>\n<h3>K\u00f6rte bef\u0151tt hozz\u00e1val\u00f3k<\/h3>\n<ul>\n<li>2 kg <a href=\"https:\/\/hu.wikipedia.org\/wiki\/K%C3%B6rte\">k\u00f6rte<\/a> (legal\u00e1bb f\u00e9lkem\u00e9ny legyen, de semmik\u00e9ppen sem puha)<\/li>\n<li>0,5 kg krist\u00e1lycukor\u00a0 (k\u00f6r\u00fclbel\u00fcli adat)<\/li>\n<li>2 &#8211; 3 darabka fah\u00e9j<\/li>\n<li>4 &#8211; 6 szem szegf\u0171szeg<\/li>\n<li>f\u00e9l citrom leve \u00e9s h\u00e9ja<\/li>\n<\/ul>\n<h4>Megjegyz\u00e9sek:<\/h4>\n<ul>\n<li>Tetsz\u0151leges mennyis\u00e9gb\u0151l k\u00e9sz\u00edtheted.<\/li>\n<li>A k\u00f6rte bef\u0151ttet szinte minden t\u00e9li k\u00f6rte fajt\u00e1b\u00f3l elk\u00e9sz\u00edtheted.<\/li>\n<\/ul>\n<h3>Bev\u00e1s\u00e1rl\u00f3lista<\/h3>\n<ul>\n<li>1 kg k\u00f6rt\u00e9hez kell<\/li>\n<li>20 dkg cukor (ha van otthon, nem kell venned)<\/li>\n<li>1\/4 citrom<\/li>\n<\/ul>\n<p>Eml\u00e9keztet\u0151: fah\u00e9j, szegf\u0171szeg<\/p>\n<h3>El\u0151k\u00e9sz\u00edt\u00e9s<\/h3>\n<p>A k\u00f6rt\u00e9k megtiszt\u00edt\u00e1sa \u00e9s feldarabol\u00e1sa:<\/p>\n<ul>\n<li>A k\u00f6rt\u00e9ket feldarabolod. Lehet n\u00e9gybe, de k\u00e9sz\u00edthetsz nagyobb kock\u00e1kat is.<\/li>\n<li>Ha n\u00e9gybe v\u00e1god, akkor el\u0151sz\u00f6r v\u00e1gd sz\u00e9t, ut\u00e1na szedd ki a magh\u00e1zat, majd v\u00e9g\u00fcl h\u00e1mozd meg a negyedeket.\n<div id=\"attachment_32258\" style=\"width: 310px\" class=\"wp-caption aligncenter\"><img loading=\"lazy\" decoding=\"async\" aria-describedby=\"caption-attachment-32258\" class=\"size-medium wp-image-32258\" src=\"https:\/\/www.haztartas-ma.hu\/wp-content\/uploads\/2021\/10\/korte-darabolasa-300x225.jpg\" alt=\"K\u00f6rte darabol\u00e1sa\" width=\"300\" height=\"225\" srcset=\"https:\/\/www.haztartas-ma.hu\/wp-content\/uploads\/2021\/10\/korte-darabolasa-300x225.jpg 300w, https:\/\/www.haztartas-ma.hu\/wp-content\/uploads\/2021\/10\/korte-darabolasa.jpg 640w\" sizes=\"(max-width: 300px) 100vw, 300px\" \/><p id=\"caption-attachment-32258\" class=\"wp-caption-text\">K\u00f6rte darabol\u00e1sa<\/p><\/div>\n<p><div id=\"attachment_32261\" style=\"width: 310px\" class=\"wp-caption aligncenter\"><img loading=\"lazy\" decoding=\"async\" aria-describedby=\"caption-attachment-32261\" class=\"size-medium wp-image-32261\" src=\"https:\/\/www.haztartas-ma.hu\/wp-content\/uploads\/2021\/10\/megtisztitott-korte-negyedekbe-vagva-300x225.jpg\" alt=\"Megtiszt\u00edtott feldarabolt k\u00f6rte\" width=\"300\" height=\"225\" srcset=\"https:\/\/www.haztartas-ma.hu\/wp-content\/uploads\/2021\/10\/megtisztitott-korte-negyedekbe-vagva-300x225.jpg 300w, https:\/\/www.haztartas-ma.hu\/wp-content\/uploads\/2021\/10\/megtisztitott-korte-negyedekbe-vagva.jpg 640w\" sizes=\"(max-width: 300px) 100vw, 300px\" \/><p id=\"caption-attachment-32261\" class=\"wp-caption-text\">Megtiszt\u00edtott feldarabolt k\u00f6rte<\/p><\/div><\/li>\n<li>Ha kock\u00e1kra v\u00e1god, akkor el\u0151bb h\u00e1mozd, azut\u00e1n szedd ki a magh\u00e1zat, v\u00e9g\u00fcl pedig v\u00e1gd fel kock\u00e1kra.<\/li>\n<\/ul>\n<p>Fel\u00f6nt\u0151l\u00e9 k\u00e9sz\u00edtse:<\/p>\n<ul>\n<li>A fel\u00f6nt\u0151l\u00e9 k\u00e9sz\u00edt\u00e9s\u00e9n\u00e9l 1 liter v\u00edzhez haszn\u00e1lj 30 dkg cukrot.<\/li>\n<li>A fel\u00f6nt\u0151l\u00e9 mennyis\u00e9g\u00e9t \u00fagy hat\u00e1rozd meg, hogy az \u00fcvegben lev\u0151 k\u00f6rt\u00e9kre vizet \u00f6ntesz (el\u00e9g, ha egy \u00fcvegn\u00e9l megn\u00e9zed, ebb\u0151l tov\u00e1bb tudsz sz\u00e1molni), ki\u00f6nt\u00f6d \u00e9s lem\u00e9red, majd beszorzod az \u00fcvegek sz\u00e1m\u00e1val.<\/li>\n<li>A v\u00edzhez literenk\u00e9nt 30 dkg cukrot adsz.<\/li>\n<\/ul>\n<h3>K\u00f6rte bef\u0151tt k\u00e9sz\u00edt\u00e9se<\/h3>\n<ol>\n<li>A fel\u00f6nt\u0151l\u00e9t felteszed melegedni. Keverget\u00e9ssel feloldod benne a cukor. Hozz\u00e1adod a citrom h\u00e9j\u00e1t, a fah\u00e9jat \u00e9s szegf\u0171szeget.<\/li>\n<li>Felforralod.<\/li>\n<li>K\u00f6zben a k\u00f6rt\u00e9ket elhelyezed az alaposan megtiszt\u00edtott, kiforr\u00e1zott \u00fcvegekbe.<\/li>\n<li>R\u00e1\u00f6nt\u00f6d a felforralt fel\u00f6nt\u0151levet. Ha nem el\u00e9g, k\u00e9sz\u00edtesz m\u00e9g egy kev\u00e9s cukor oldatot \u00e9s p\u00f3tolod.\n<p><div id=\"attachment_32262\" style=\"width: 310px\" class=\"wp-caption aligncenter\"><img loading=\"lazy\" decoding=\"async\" aria-describedby=\"caption-attachment-32262\" class=\"size-medium wp-image-32262\" src=\"https:\/\/www.haztartas-ma.hu\/wp-content\/uploads\/2021\/10\/negyed-kortek-felontoleben-uvegben-300x225.jpg\" alt=\"\u00d6rte fel\u00f6nt\u0151l\u00e9ben\" width=\"300\" height=\"225\" srcset=\"https:\/\/www.haztartas-ma.hu\/wp-content\/uploads\/2021\/10\/negyed-kortek-felontoleben-uvegben-300x225.jpg 300w, https:\/\/www.haztartas-ma.hu\/wp-content\/uploads\/2021\/10\/negyed-kortek-felontoleben-uvegben.jpg 640w\" sizes=\"(max-width: 300px) 100vw, 300px\" \/><p id=\"caption-attachment-32262\" class=\"wp-caption-text\">K\u00f6rte fel\u00f6nt\u0151l\u00e9ben<\/p><\/div><\/li>\n<li>Az \u00fcvegeket lez\u00e1rod.<\/li>\n<li>Elhelyezed egy nagyobb l\u00e1bosban. Lehet\u0151leg olyanban, ami ut\u00e1na le tudsz fedni. (Ezt egy m\u00e1sik l\u00e1bossal is megteheted.\n<p><div id=\"attachment_32259\" style=\"width: 310px\" class=\"wp-caption aligncenter\"><img loading=\"lazy\" decoding=\"async\" aria-describedby=\"caption-attachment-32259\" class=\"size-medium wp-image-32259\" src=\"https:\/\/www.haztartas-ma.hu\/wp-content\/uploads\/2021\/10\/korte-nedves-dunsztolasa-1-300x225.jpg\" alt=\"K\u00f6rte nedves dunsztol\u00e1sa 1\" width=\"300\" height=\"225\" srcset=\"https:\/\/www.haztartas-ma.hu\/wp-content\/uploads\/2021\/10\/korte-nedves-dunsztolasa-1-300x225.jpg 300w, https:\/\/www.haztartas-ma.hu\/wp-content\/uploads\/2021\/10\/korte-nedves-dunsztolasa-1.jpg 640w\" sizes=\"(max-width: 300px) 100vw, 300px\" \/><p id=\"caption-attachment-32259\" class=\"wp-caption-text\">K\u00f6rte nedves dunsztol\u00e1sa 1<\/p><\/div><\/li>\n<li>A nagy l\u00e1bost megt\u00f6lt\u00f6d annyi v\u00edzzel, hogy az \u00fcvegek harmad\u00e1ig \u00e9rjen. Lefeded.\n<p><div id=\"attachment_32260\" style=\"width: 310px\" class=\"wp-caption aligncenter\"><img loading=\"lazy\" decoding=\"async\" aria-describedby=\"caption-attachment-32260\" class=\"size-medium wp-image-32260\" src=\"https:\/\/www.haztartas-ma.hu\/wp-content\/uploads\/2021\/10\/korte-nedves-dunsztolasa-2-300x225.jpg\" alt=\"K\u00f6rte nedves dunsztol\u00e1sa 2\" width=\"300\" height=\"225\" srcset=\"https:\/\/www.haztartas-ma.hu\/wp-content\/uploads\/2021\/10\/korte-nedves-dunsztolasa-2-300x225.jpg 300w, https:\/\/www.haztartas-ma.hu\/wp-content\/uploads\/2021\/10\/korte-nedves-dunsztolasa-2.jpg 640w\" sizes=\"(max-width: 300px) 100vw, 300px\" \/><p id=\"caption-attachment-32260\" class=\"wp-caption-text\">K\u00f6rte nedves dunsztol\u00e1sa 2<\/p><\/div><\/li>\n<li>Lassan meleg\u00edteni kezded a vizet \u00e9s figyeled a l\u00e1bosban a bef\u0151tteket. Addig meleg\u00edted, am\u00edg a folyad\u00e9k az \u00fcveg belsej\u00e9ben gy\u00f6ngy\u00f6zni kezd. Ezut\u00e1n m\u00e9g tov\u00e1bb meleg\u00edted 20 percig.<\/li>\n<li>A meleg\u00edt\u00e9st megsz\u00fcnteted \u00e9s az \u00fcvegeket a l\u00e1bosban hagyod kih\u0171lni.<\/li>\n<\/ol>\n<h4>Elk\u00e9sz\u00edt\u00e9si id\u0151:<\/h4>\n<ul>\n<li>K\u00f6rte tiszt\u00edt\u00e1sa, feldarabol\u00e1sa: 20 perc<\/li>\n<li>Bef\u0151tt k\u00e9sz\u00edt\u00e9se: 20 perc<\/li>\n<li>Dunsztol\u00e1s kb.: 50 perc<\/li>\n<\/ul>\n<h4>\u00d6sszesen: 90 perc<\/h4>\n<h2>T\u00e1rol\u00e1s<\/h2>\n<p>Kiveszed, r\u00e1teszed a nevet \u00e9s d\u00e1tumot tartalmaz\u00f3 feliratot, majd h\u0171v\u00f6s, szell\u0151s helyen t\u00e1rolod.<\/p>\n<div id=\"attachment_32257\" style=\"width: 310px\" class=\"wp-caption aligncenter\"><img loading=\"lazy\" decoding=\"async\" aria-describedby=\"caption-attachment-32257\" class=\"size-medium wp-image-32257\" src=\"https:\/\/www.haztartas-ma.hu\/wp-content\/uploads\/2021\/10\/kortebefottek-300x225.jpg\" alt=\"K\u00f6rtebef\u0151ttek\" width=\"300\" height=\"225\" srcset=\"https:\/\/www.haztartas-ma.hu\/wp-content\/uploads\/2021\/10\/kortebefottek-300x225.jpg 300w, https:\/\/www.haztartas-ma.hu\/wp-content\/uploads\/2021\/10\/kortebefottek.jpg 640w\" sizes=\"(max-width: 300px) 100vw, 300px\" \/><p id=\"caption-attachment-32257\" class=\"wp-caption-text\">K\u00f6rtebef\u0151ttek<\/p><\/div>\n<p><a href=\"https:\/\/www.haztartas-ma.hu\/index.php\/befozes\/lekvar\/kortelekvar\/\">K\u00f6rtelekv\u00e1r<\/a> receptet itt tal\u00e1lsz.<\/p>\n<p>&nbsp;<\/p>\n<p>Bef\u0151tt \u00e9s k\u00e9pek: Pap Zsuzsa<\/p>\n","protected":false},"excerpt":{"rendered":"<p>K\u00f6rte bef\u0151tt: ha j\u00f3 \u00edz\u0171 \u00e9s megfelel\u0151 kem\u00e9nys\u00e9g\u0171 k\u00f6rt\u00e9t v\u00e1lasztasz hozz\u00e1, nagyon finom bef\u0151ttet k\u00e9sz\u00edthetsz bel\u0151le.<\/p>\n","protected":false},"author":171,"featured_media":32256,"comment_status":"open","ping_status":"closed","sticky":false,"template":"","format":"standard","meta":{"_et_pb_use_builder":"","_et_pb_old_content":"","_et_gb_content_width":"","_jetpack_memberships_contains_paid_content":false,"footnotes":"","_wp_rev_ctl_limit":""},"categories":[461],"tags":[],"class_list":["post-32263","post","type-post","status-publish","format-standard","has-post-thumbnail","hentry","category-befott","et-has-post-format-content","et_post_format-et-post-format-standard"],"yoast_head":"<!-- This site is optimized with the Yoast SEO plugin v27.1.1 - https:\/\/yoast.com\/product\/yoast-seo-wordpress\/ -->\n<title>K\u00f6rte bef\u0151tt - j\u00f3 \u00edz\u0171 \u00e9s f\u00e9lkem\u00e9ny gy\u00fcm\u00f6lcsb\u0151l - H\u00e1ztart\u00e1s Ma<\/title>\n<meta name=\"description\" content=\"K\u00f6rte bef\u0151tt: k\u00e9sz\u00edt\u00e9se hasonl\u00f3 m\u00e1s bef\u0151ttek\u00e9hez. A megtiszt\u00edtott, feldarabolt gy\u00fcm\u00f6lcsre fel\u00f6nt\u0151l\u00e9 ker\u00fcl, majd nedves dunsztban tart\u00f3s\u00edthat\u00f3.\" \/>\n<meta name=\"robots\" content=\"index, follow, max-snippet:-1, max-image-preview:large, max-video-preview:-1\" \/>\n<link rel=\"canonical\" href=\"https:\/\/www.haztartas-ma.hu\/index.php\/befozes\/befott\/korte-befott\/\" \/>\n<meta property=\"og:locale\" content=\"hu_HU\" \/>\n<meta property=\"og:type\" content=\"article\" \/>\n<meta property=\"og:title\" content=\"K\u00f6rte bef\u0151tt - j\u00f3 \u00edz\u0171 \u00e9s f\u00e9lkem\u00e9ny gy\u00fcm\u00f6lcsb\u0151l - H\u00e1ztart\u00e1s Ma\" \/>\n<meta property=\"og:description\" content=\"K\u00f6rte bef\u0151tt: k\u00e9sz\u00edt\u00e9se hasonl\u00f3 m\u00e1s bef\u0151ttek\u00e9hez. A megtiszt\u00edtott, feldarabolt gy\u00fcm\u00f6lcsre fel\u00f6nt\u0151l\u00e9 ker\u00fcl, majd nedves dunsztban tart\u00f3s\u00edthat\u00f3.\" \/>\n<meta property=\"og:url\" content=\"https:\/\/www.haztartas-ma.hu\/index.php\/befozes\/befott\/korte-befott\/\" \/>\n<meta property=\"og:site_name\" content=\"H\u00e1ztart\u00e1s Ma\" \/>\n<meta property=\"article:published_time\" content=\"2021-10-05T11:49:39+00:00\" \/>\n<meta property=\"article:modified_time\" content=\"2022-03-21T05:57:31+00:00\" \/>\n<meta property=\"og:image\" content=\"https:\/\/www.haztartas-ma.hu\/wp-content\/uploads\/2021\/10\/kortebefott.jpg\" \/>\n\t<meta property=\"og:image:width\" content=\"640\" \/>\n\t<meta property=\"og:image:height\" content=\"480\" \/>\n\t<meta property=\"og:image:type\" content=\"image\/jpeg\" \/>\n<meta name=\"author\" content=\"Pap Zsuzsa\" \/>\n<meta name=\"twitter:label1\" content=\"Szerz\u0151:\" \/>\n\t<meta name=\"twitter:data1\" content=\"Pap Zsuzsa\" \/>\n\t<meta name=\"twitter:label2\" content=\"Becs\u00fclt olvas\u00e1si id\u0151\" \/>\n\t<meta name=\"twitter:data2\" content=\"4 perc\" \/>\n<script type=\"application\/ld+json\" class=\"yoast-schema-graph\">{\"@context\":\"https:\/\/schema.org\",\"@graph\":[{\"@type\":\"Article\",\"@id\":\"https:\/\/www.haztartas-ma.hu\/index.php\/befozes\/befott\/korte-befott\/#article\",\"isPartOf\":{\"@id\":\"https:\/\/www.haztartas-ma.hu\/index.php\/befozes\/befott\/korte-befott\/\"},\"author\":{\"name\":\"Pap Zsuzsa\",\"@id\":\"https:\/\/www.haztartas-ma.hu\/#\/schema\/person\/227e4a4f0d4777cbee1121e91494197e\"},\"headline\":\"K\u00f6rte bef\u0151tt\",\"datePublished\":\"2021-10-05T11:49:39+00:00\",\"dateModified\":\"2022-03-21T05:57:31+00:00\",\"mainEntityOfPage\":{\"@id\":\"https:\/\/www.haztartas-ma.hu\/index.php\/befozes\/befott\/korte-befott\/\"},\"wordCount\":605,\"commentCount\":0,\"image\":{\"@id\":\"https:\/\/www.haztartas-ma.hu\/index.php\/befozes\/befott\/korte-befott\/#primaryimage\"},\"thumbnailUrl\":\"https:\/\/www.haztartas-ma.hu\/wp-content\/uploads\/2021\/10\/kortebefott.jpg\",\"articleSection\":[\"Bef\u0151tt\"],\"inLanguage\":\"hu\",\"potentialAction\":[{\"@type\":\"CommentAction\",\"name\":\"Comment\",\"target\":[\"https:\/\/www.haztartas-ma.hu\/index.php\/befozes\/befott\/korte-befott\/#respond\"]}]},{\"@type\":\"WebPage\",\"@id\":\"https:\/\/www.haztartas-ma.hu\/index.php\/befozes\/befott\/korte-befott\/\",\"url\":\"https:\/\/www.haztartas-ma.hu\/index.php\/befozes\/befott\/korte-befott\/\",\"name\":\"K\u00f6rte bef\u0151tt - j\u00f3 \u00edz\u0171 \u00e9s f\u00e9lkem\u00e9ny gy\u00fcm\u00f6lcsb\u0151l - H\u00e1ztart\u00e1s Ma\",\"isPartOf\":{\"@id\":\"https:\/\/www.haztartas-ma.hu\/#website\"},\"primaryImageOfPage\":{\"@id\":\"https:\/\/www.haztartas-ma.hu\/index.php\/befozes\/befott\/korte-befott\/#primaryimage\"},\"image\":{\"@id\":\"https:\/\/www.haztartas-ma.hu\/index.php\/befozes\/befott\/korte-befott\/#primaryimage\"},\"thumbnailUrl\":\"https:\/\/www.haztartas-ma.hu\/wp-content\/uploads\/2021\/10\/kortebefott.jpg\",\"datePublished\":\"2021-10-05T11:49:39+00:00\",\"dateModified\":\"2022-03-21T05:57:31+00:00\",\"author\":{\"@id\":\"https:\/\/www.haztartas-ma.hu\/#\/schema\/person\/227e4a4f0d4777cbee1121e91494197e\"},\"description\":\"K\u00f6rte bef\u0151tt: k\u00e9sz\u00edt\u00e9se hasonl\u00f3 m\u00e1s bef\u0151ttek\u00e9hez. A megtiszt\u00edtott, feldarabolt gy\u00fcm\u00f6lcsre fel\u00f6nt\u0151l\u00e9 ker\u00fcl, majd nedves dunsztban tart\u00f3s\u00edthat\u00f3.\",\"breadcrumb\":{\"@id\":\"https:\/\/www.haztartas-ma.hu\/index.php\/befozes\/befott\/korte-befott\/#breadcrumb\"},\"inLanguage\":\"hu\",\"potentialAction\":[{\"@type\":\"ReadAction\",\"target\":[\"https:\/\/www.haztartas-ma.hu\/index.php\/befozes\/befott\/korte-befott\/\"]}]},{\"@type\":\"ImageObject\",\"inLanguage\":\"hu\",\"@id\":\"https:\/\/www.haztartas-ma.hu\/index.php\/befozes\/befott\/korte-befott\/#primaryimage\",\"url\":\"https:\/\/www.haztartas-ma.hu\/wp-content\/uploads\/2021\/10\/kortebefott.jpg\",\"contentUrl\":\"https:\/\/www.haztartas-ma.hu\/wp-content\/uploads\/2021\/10\/kortebefott.jpg\",\"width\":640,\"height\":480,\"caption\":\"K\u00f6rtebef\u0151tt\"},{\"@type\":\"BreadcrumbList\",\"@id\":\"https:\/\/www.haztartas-ma.hu\/index.php\/befozes\/befott\/korte-befott\/#breadcrumb\",\"itemListElement\":[{\"@type\":\"ListItem\",\"position\":1,\"name\":\"Home\",\"item\":\"https:\/\/www.haztartas-ma.hu\/\"},{\"@type\":\"ListItem\",\"position\":2,\"name\":\"K\u00f6rte bef\u0151tt\"}]},{\"@type\":\"WebSite\",\"@id\":\"https:\/\/www.haztartas-ma.hu\/#website\",\"url\":\"https:\/\/www.haztartas-ma.hu\/\",\"name\":\"H\u00e1ztart\u00e1s Ma\",\"description\":\"Egyszer\u0171 \u00e9telek, receptek, bef\u0151z\u00e9s, h\u00e1zi praktik\u00e1k\",\"potentialAction\":[{\"@type\":\"SearchAction\",\"target\":{\"@type\":\"EntryPoint\",\"urlTemplate\":\"https:\/\/www.haztartas-ma.hu\/?s={search_term_string}\"},\"query-input\":{\"@type\":\"PropertyValueSpecification\",\"valueRequired\":true,\"valueName\":\"search_term_string\"}}],\"inLanguage\":\"hu\"},{\"@type\":\"Person\",\"@id\":\"https:\/\/www.haztartas-ma.hu\/#\/schema\/person\/227e4a4f0d4777cbee1121e91494197e\",\"name\":\"Pap Zsuzsa\",\"image\":{\"@type\":\"ImageObject\",\"inLanguage\":\"hu\",\"@id\":\"https:\/\/www.haztartas-ma.hu\/#\/schema\/person\/image\/\",\"url\":\"https:\/\/secure.gravatar.com\/avatar\/2440b2ff40989c08a87baf0381e1a9dbe3ee77d34b712c593d29515b08cf2cbd?s=96&d=mm&r=g\",\"contentUrl\":\"https:\/\/secure.gravatar.com\/avatar\/2440b2ff40989c08a87baf0381e1a9dbe3ee77d34b712c593d29515b08cf2cbd?s=96&d=mm&r=g\",\"caption\":\"Pap Zsuzsa\"}}]}<\/script>\n<!-- \/ Yoast SEO plugin. -->","yoast_head_json":{"title":"K\u00f6rte bef\u0151tt - j\u00f3 \u00edz\u0171 \u00e9s f\u00e9lkem\u00e9ny gy\u00fcm\u00f6lcsb\u0151l - H\u00e1ztart\u00e1s Ma","description":"K\u00f6rte bef\u0151tt: k\u00e9sz\u00edt\u00e9se hasonl\u00f3 m\u00e1s bef\u0151ttek\u00e9hez. A megtiszt\u00edtott, feldarabolt gy\u00fcm\u00f6lcsre fel\u00f6nt\u0151l\u00e9 ker\u00fcl, majd nedves dunsztban tart\u00f3s\u00edthat\u00f3.","robots":{"index":"index","follow":"follow","max-snippet":"max-snippet:-1","max-image-preview":"max-image-preview:large","max-video-preview":"max-video-preview:-1"},"canonical":"https:\/\/www.haztartas-ma.hu\/index.php\/befozes\/befott\/korte-befott\/","og_locale":"hu_HU","og_type":"article","og_title":"K\u00f6rte bef\u0151tt - j\u00f3 \u00edz\u0171 \u00e9s f\u00e9lkem\u00e9ny gy\u00fcm\u00f6lcsb\u0151l - H\u00e1ztart\u00e1s Ma","og_description":"K\u00f6rte bef\u0151tt: k\u00e9sz\u00edt\u00e9se hasonl\u00f3 m\u00e1s bef\u0151ttek\u00e9hez. A megtiszt\u00edtott, feldarabolt gy\u00fcm\u00f6lcsre fel\u00f6nt\u0151l\u00e9 ker\u00fcl, majd nedves dunsztban tart\u00f3s\u00edthat\u00f3.","og_url":"https:\/\/www.haztartas-ma.hu\/index.php\/befozes\/befott\/korte-befott\/","og_site_name":"H\u00e1ztart\u00e1s Ma","article_published_time":"2021-10-05T11:49:39+00:00","article_modified_time":"2022-03-21T05:57:31+00:00","og_image":[{"width":640,"height":480,"url":"https:\/\/www.haztartas-ma.hu\/wp-content\/uploads\/2021\/10\/kortebefott.jpg","type":"image\/jpeg"}],"author":"Pap Zsuzsa","twitter_misc":{"Szerz\u0151:":"Pap Zsuzsa","Becs\u00fclt olvas\u00e1si id\u0151":"4 perc"},"schema":{"@context":"https:\/\/schema.org","@graph":[{"@type":"Article","@id":"https:\/\/www.haztartas-ma.hu\/index.php\/befozes\/befott\/korte-befott\/#article","isPartOf":{"@id":"https:\/\/www.haztartas-ma.hu\/index.php\/befozes\/befott\/korte-befott\/"},"author":{"name":"Pap Zsuzsa","@id":"https:\/\/www.haztartas-ma.hu\/#\/schema\/person\/227e4a4f0d4777cbee1121e91494197e"},"headline":"K\u00f6rte bef\u0151tt","datePublished":"2021-10-05T11:49:39+00:00","dateModified":"2022-03-21T05:57:31+00:00","mainEntityOfPage":{"@id":"https:\/\/www.haztartas-ma.hu\/index.php\/befozes\/befott\/korte-befott\/"},"wordCount":605,"commentCount":0,"image":{"@id":"https:\/\/www.haztartas-ma.hu\/index.php\/befozes\/befott\/korte-befott\/#primaryimage"},"thumbnailUrl":"https:\/\/www.haztartas-ma.hu\/wp-content\/uploads\/2021\/10\/kortebefott.jpg","articleSection":["Bef\u0151tt"],"inLanguage":"hu","potentialAction":[{"@type":"CommentAction","name":"Comment","target":["https:\/\/www.haztartas-ma.hu\/index.php\/befozes\/befott\/korte-befott\/#respond"]}]},{"@type":"WebPage","@id":"https:\/\/www.haztartas-ma.hu\/index.php\/befozes\/befott\/korte-befott\/","url":"https:\/\/www.haztartas-ma.hu\/index.php\/befozes\/befott\/korte-befott\/","name":"K\u00f6rte bef\u0151tt - j\u00f3 \u00edz\u0171 \u00e9s f\u00e9lkem\u00e9ny gy\u00fcm\u00f6lcsb\u0151l - H\u00e1ztart\u00e1s Ma","isPartOf":{"@id":"https:\/\/www.haztartas-ma.hu\/#website"},"primaryImageOfPage":{"@id":"https:\/\/www.haztartas-ma.hu\/index.php\/befozes\/befott\/korte-befott\/#primaryimage"},"image":{"@id":"https:\/\/www.haztartas-ma.hu\/index.php\/befozes\/befott\/korte-befott\/#primaryimage"},"thumbnailUrl":"https:\/\/www.haztartas-ma.hu\/wp-content\/uploads\/2021\/10\/kortebefott.jpg","datePublished":"2021-10-05T11:49:39+00:00","dateModified":"2022-03-21T05:57:31+00:00","author":{"@id":"https:\/\/www.haztartas-ma.hu\/#\/schema\/person\/227e4a4f0d4777cbee1121e91494197e"},"description":"K\u00f6rte bef\u0151tt: k\u00e9sz\u00edt\u00e9se hasonl\u00f3 m\u00e1s bef\u0151ttek\u00e9hez. A megtiszt\u00edtott, feldarabolt gy\u00fcm\u00f6lcsre fel\u00f6nt\u0151l\u00e9 ker\u00fcl, majd nedves dunsztban tart\u00f3s\u00edthat\u00f3.","breadcrumb":{"@id":"https:\/\/www.haztartas-ma.hu\/index.php\/befozes\/befott\/korte-befott\/#breadcrumb"},"inLanguage":"hu","potentialAction":[{"@type":"ReadAction","target":["https:\/\/www.haztartas-ma.hu\/index.php\/befozes\/befott\/korte-befott\/"]}]},{"@type":"ImageObject","inLanguage":"hu","@id":"https:\/\/www.haztartas-ma.hu\/index.php\/befozes\/befott\/korte-befott\/#primaryimage","url":"https:\/\/www.haztartas-ma.hu\/wp-content\/uploads\/2021\/10\/kortebefott.jpg","contentUrl":"https:\/\/www.haztartas-ma.hu\/wp-content\/uploads\/2021\/10\/kortebefott.jpg","width":640,"height":480,"caption":"K\u00f6rtebef\u0151tt"},{"@type":"BreadcrumbList","@id":"https:\/\/www.haztartas-ma.hu\/index.php\/befozes\/befott\/korte-befott\/#breadcrumb","itemListElement":[{"@type":"ListItem","position":1,"name":"Home","item":"https:\/\/www.haztartas-ma.hu\/"},{"@type":"ListItem","position":2,"name":"K\u00f6rte bef\u0151tt"}]},{"@type":"WebSite","@id":"https:\/\/www.haztartas-ma.hu\/#website","url":"https:\/\/www.haztartas-ma.hu\/","name":"H\u00e1ztart\u00e1s Ma","description":"Egyszer\u0171 \u00e9telek, receptek, bef\u0151z\u00e9s, h\u00e1zi praktik\u00e1k","potentialAction":[{"@type":"SearchAction","target":{"@type":"EntryPoint","urlTemplate":"https:\/\/www.haztartas-ma.hu\/?s={search_term_string}"},"query-input":{"@type":"PropertyValueSpecification","valueRequired":true,"valueName":"search_term_string"}}],"inLanguage":"hu"},{"@type":"Person","@id":"https:\/\/www.haztartas-ma.hu\/#\/schema\/person\/227e4a4f0d4777cbee1121e91494197e","name":"Pap Zsuzsa","image":{"@type":"ImageObject","inLanguage":"hu","@id":"https:\/\/www.haztartas-ma.hu\/#\/schema\/person\/image\/","url":"https:\/\/secure.gravatar.com\/avatar\/2440b2ff40989c08a87baf0381e1a9dbe3ee77d34b712c593d29515b08cf2cbd?s=96&d=mm&r=g","contentUrl":"https:\/\/secure.gravatar.com\/avatar\/2440b2ff40989c08a87baf0381e1a9dbe3ee77d34b712c593d29515b08cf2cbd?s=96&d=mm&r=g","caption":"Pap Zsuzsa"}}]}},"jetpack_featured_media_url":"https:\/\/www.haztartas-ma.hu\/wp-content\/uploads\/2021\/10\/kortebefott.jpg","jetpack_sharing_enabled":true,"_links":{"self":[{"href":"https:\/\/www.haztartas-ma.hu\/index.php\/wp-json\/wp\/v2\/posts\/32263","targetHints":{"allow":["GET"]}}],"collection":[{"href":"https:\/\/www.haztartas-ma.hu\/index.php\/wp-json\/wp\/v2\/posts"}],"about":[{"href":"https:\/\/www.haztartas-ma.hu\/index.php\/wp-json\/wp\/v2\/types\/post"}],"author":[{"embeddable":true,"href":"https:\/\/www.haztartas-ma.hu\/index.php\/wp-json\/wp\/v2\/users\/171"}],"replies":[{"embeddable":true,"href":"https:\/\/www.haztartas-ma.hu\/index.php\/wp-json\/wp\/v2\/comments?post=32263"}],"version-history":[{"count":2,"href":"https:\/\/www.haztartas-ma.hu\/index.php\/wp-json\/wp\/v2\/posts\/32263\/revisions"}],"predecessor-version":[{"id":33911,"href":"https:\/\/www.haztartas-ma.hu\/index.php\/wp-json\/wp\/v2\/posts\/32263\/revisions\/33911"}],"wp:featuredmedia":[{"embeddable":true,"href":"https:\/\/www.haztartas-ma.hu\/index.php\/wp-json\/wp\/v2\/media\/32256"}],"wp:attachment":[{"href":"https:\/\/www.haztartas-ma.hu\/index.php\/wp-json\/wp\/v2\/media?parent=32263"}],"wp:term":[{"taxonomy":"category","embeddable":true,"href":"https:\/\/www.haztartas-ma.hu\/index.php\/wp-json\/wp\/v2\/categories?post=32263"},{"taxonomy":"post_tag","embeddable":true,"href":"https:\/\/www.haztartas-ma.hu\/index.php\/wp-json\/wp\/v2\/tags?post=32263"}],"curies":[{"name":"wp","href":"https:\/\/api.w.org\/{rel}","templated":true}]}}