{"id":3132,"date":"2011-03-21T19:08:13","date_gmt":"2011-03-21T18:08:13","guid":{"rendered":"http:\/\/www.haztartas-ma.hu\/?p=3132"},"modified":"2017-10-20T19:36:51","modified_gmt":"2017-10-20T17:36:51","slug":"viz-vilagnapja","status":"publish","type":"post","link":"https:\/\/www.haztartas-ma.hu\/index.php\/gazdalkodas\/energiatakarekossag\/viz-vilagnapja\/","title":{"rendered":"V\u00edztakar\u00e9koss\u00e1g &#8211; a v\u00edz vil\u00e1gnapja"},"content":{"rendered":"<p style=\"text-align: justify;\"><span style=\"font-family: verdana,geneva;\"><span style=\"font-size: small;\">A v\u00edztakar\u00e9koss\u00e1g fontos gazdas\u00e1gi k\u00e9rd\u00e9s. A vil\u00e1gnak vannak olyan ter\u00fcletei, ahol m\u00e1r v\u00edzhi\u00e1ny van. Mi pedig t\u00fal sok vizet haszn\u00e1lunk.\u00a0<\/span><\/span><\/p>\n<p style=\"text-align: justify;\"><!--more--><\/p>\n<p><img loading=\"lazy\" decoding=\"async\" class=\"aligncenter size-full wp-image-17952\" src=\"https:\/\/www.haztartas-ma.hu\/wp-content\/uploads\/2011\/06\/szabalyozott-vizcsap.jpg\" alt=\"Szab\u00e1lyozott v\u00edzcsap\" width=\"300\" height=\"225\" \/><\/p>\n<p style=\"text-align: justify;\"><span style=\"font-family: verdana, geneva; font-size: small;\">M\u00e1rcius 22-\u00e9n van a v\u00edz vil\u00e1gnapja. Ilyenkor besz\u00e9lni kell a v\u00edzr\u0151l.\u00a0<\/span><\/p>\n<h3 style=\"text-align: justify;\">Mennyi vizet haszn\u00e1lunk?<\/h3>\n<p style=\"text-align: justify;\"><span style=\"font-family: verdana,geneva;\"><span style=\"font-size: small;\">Egy internetes adat\u00a0szerint szem\u00e9lyenk\u00e9nt \u00e9s naponta \u00e1tlagosan 150 litert. Ez meg sem k\u00f6zel\u00edti azt az \u00e9rt\u00e9ket, amit p\u00e9ld\u00e1ul az Egyes\u00fclt\u00a0\u00c1llamokban haszn\u00e1lnak,\u00a0de az\u00e9rt ez is sz\u00e9p mennyis\u00e9g.\u00a0A kertito.hu c. honlap szerint ez a\u00a0k\u00f6vetkez\u0151k\u00e9pen oszlik meg:\u00a0<\/span><\/span><\/p>\n<ul>\n<li>\n<div style=\"text-align: justify;\"><span style=\"font-family: verdana,geneva;\"><span style=\"font-size: small;\">iv\u00f3v\u00edz, f\u0151z\u0151v\u00edz\u00a0\u00a0\u00a0\u00a0\u00a0\u00a0\u00a0\u00a0\u00a0\u00a0\u00a0\u00a0\u00a0\u00a0\u00a0\u00a0\u00a0\u00a0 9 liter\u00a0<\/span><\/span><\/div>\n<\/li>\n<li>\n<div style=\"text-align: justify;\"><span style=\"font-family: verdana,geneva;\"><span style=\"font-size: small;\">mosogat\u00e1s\u00a0\u00a0\u00a0\u00a0\u00a0\u00a0\u00a0\u00a0\u00a0\u00a0\u00a0\u00a0\u00a0\u00a0\u00a0\u00a0\u00a0\u00a0\u00a0\u00a0\u00a0\u00a0\u00a09 liter<\/span><\/span><\/div>\n<\/li>\n<li>\n<div style=\"text-align: justify;\"><span style=\"font-family: verdana,geneva;\"><span style=\"font-size: small;\">f\u00fcrd\u00e9s, zuhanyoz\u00e1s\u00a0\u00a0\u00a0\u00a0\u00a0\u00a0\u00a0\u00a0\u00a0\u00a0 44 liter\u00a0<\/span><\/span><\/div>\n<\/li>\n<li>\n<div style=\"text-align: justify;\"><span style=\"font-family: verdana,geneva;\"><span style=\"font-size: small;\">test\u00e1pol\u00e1s\u00a0\u00a0\u00a0\u00a0\u00a0\u00a0\u00a0\u00a0\u00a0\u00a0\u00a0\u00a0\u00a0\u00a0\u00a0\u00a0\u00a0\u00a0\u00a0\u00a0\u00a0\u00a0\u00a0 3 liter\u00a0<\/span><\/span><\/div>\n<\/li>\n<li>\n<div style=\"text-align: justify;\"><span style=\"font-family: verdana,geneva;\"><span style=\"font-size: small;\">mos\u00e1s\u00a0\u00a0\u00a0\u00a0\u00a0\u00a0\u00a0\u00a0\u00a0\u00a0\u00a0\u00a0\u00a0\u00a0\u00a0\u00a0\u00a0\u00a0\u00a0\u00a0\u00a0\u00a0\u00a0\u00a0\u00a0\u00a0\u00a0\u00a0\u00a017 liter\u00a0<\/span><\/span><\/div>\n<\/li>\n<li>\n<div style=\"text-align: justify;\"><span style=\"font-family: verdana,geneva;\"><span style=\"font-size: small;\">WC \u00f6bl\u00edt\u00e9s\u00a0\u00a0\u00a0\u00a0\u00a0\u00a0\u00a0\u00a0\u00a0\u00a0\u00a0\u00a0\u00a0\u00a0\u00a0\u00a0\u00a0\u00a0\u00a0\u00a0\u00a0\u00a0 46 liter\u00a0<\/span><\/span><\/div>\n<\/li>\n<li>\n<div style=\"text-align: justify;\"><span style=\"font-family: verdana,geneva;\"><span style=\"font-size: small;\">kerti \u00f6nt\u00f6z\u00e9s\u00a0\u00a0\u00a0\u00a0\u00a0\u00a0\u00a0\u00a0\u00a0\u00a0\u00a0\u00a0\u00a0\u00a0\u00a0\u00a0\u00a0\u00a0\u00a0 11 liter<\/span><\/span><\/div>\n<\/li>\n<li>\n<div style=\"text-align: justify;\"><span style=\"font-family: verdana,geneva;\"><span style=\"font-size: small;\">aut\u00f3mos\u00e1s\u00a0\u00a0\u00a0\u00a0\u00a0\u00a0\u00a0\u00a0\u00a0\u00a0\u00a0\u00a0\u00a0\u00a0\u00a0\u00a0\u00a0\u00a0\u00a0\u00a0\u00a0\u00a0\u00a0 3 liter\u00a0<\/span><\/span><\/div>\n<\/li>\n<li>\n<div style=\"text-align: justify;\"><span style=\"font-family: verdana,geneva;\"><span style=\"font-size: small;\">egy\u00e9b\u00a0\u00a0\u00a0\u00a0\u00a0\u00a0\u00a0\u00a0\u00a0\u00a0\u00a0\u00a0\u00a0\u00a0\u00a0\u00a0\u00a0\u00a0\u00a0\u00a0\u00a0\u00a0\u00a0\u00a0\u00a0\u00a0\u00a0\u00a0\u00a0\u00a0 8 liter (pl. cs\u00f6p\u00f6g\u0151 csapok)<\/span><\/span><\/div>\n<\/li>\n<\/ul>\n<p style=\"text-align: justify;\"><span style=\"font-family: verdana,geneva;\"><span style=\"font-size: small;\">Mivel ennek az \u00e1ra egy \u00e9vre kisz\u00e1m\u00edtva 130 \u00e9s 260 ezer\u00a0Ft k\u00f6z\u00f6tt van, \u00e9rdemes elgondolkodni a v\u00edztakar\u00e9koss\u00e1g k\u00e9rd\u00e9s\u00e9n.\u00a0A v\u00edzmegtakar\u00edt\u00e1s egy r\u00e9sze csak odafigyel\u00e9st ig\u00e9nyel, m\u00e1s r\u00e9sz\u00fck viszont n\u00e9mi beruh\u00e1z\u00e1ssal j\u00e1r, de\u00a0hossz\u00fa t\u00e1von kifizet\u0151dik.\u00a0<\/span><\/span><\/p>\n<p style=\"text-align: justify;\"><a href=\"https:\/\/www.haztartas-ma.hu\/wp-content\/uploads\/2011\/03\/v\u00edz4.jpg\"><img loading=\"lazy\" decoding=\"async\" class=\"aligncenter size-full wp-image-3135\" src=\"https:\/\/www.haztartas-ma.hu\/wp-content\/uploads\/2011\/03\/v\u00edz4.jpg\" alt=\"V\u00edztakar\u00e9koss\u00e1g - a v\u00edz vil\u00e1gnapja \" width=\"200\" height=\"195\" \/><\/a><\/p>\n<p style=\"text-align: justify;\"><span style=\"font-family: verdana,geneva;\"><span style=\"font-size: small;\"><strong>\u00a0<\/strong><\/span><\/span><\/p>\n<h3 style=\"text-align: justify;\">V\u00edztakar\u00e9koss\u00e1g beruh\u00e1z\u00e1s n\u00e9lk\u00fcl<\/h3>\n<ul>\n<li>\n<div style=\"text-align: justify;\"><span style=\"font-family: verdana,geneva;\"><span style=\"font-size: small;\">v\u00edzcsap csepeg\u00e9sek megsz\u00fcntet\u00e9se\u00a0<\/span><\/span><\/div>\n<\/li>\n<li>\n<div style=\"text-align: justify;\"><span style=\"font-family: verdana,geneva;\"><span style=\"font-size: small;\">f\u00fcrd\u00e9s helyett zuhanyoz\u00e1s, ne \u00e1ztasd magad alatta\u00a0<\/span><\/span><\/div>\n<\/li>\n<li>\n<div style=\"text-align: justify;\"><span style=\"font-family: verdana,geneva;\"><span style=\"font-size: small;\">mosogat\u00e1s: csak az \u00f6bl\u00edt\u00e9s legyen foly\u00f3 v\u00edzben<\/span><\/span><\/div>\n<\/li>\n<li>\n<div style=\"text-align: justify;\"><span style=\"font-family: verdana,geneva;\"><span style=\"font-size: small;\">aut\u00f3mos\u00e1s: ne slaggal.\u00a0<\/span><\/span><\/div>\n<\/li>\n<\/ul>\n<p>&nbsp;<\/p>\n<p><img loading=\"lazy\" decoding=\"async\" class=\"aligncenter wp-image-3134\" src=\"https:\/\/www.haztartas-ma.hu\/wp-content\/uploads\/2011\/03\/v\u00edz3.jpg\" alt=\"V\u00edzfelhaszn\u00e1l\u00e1s - ny\u00e1ron \" width=\"196\" height=\"195\" srcset=\"https:\/\/www.haztartas-ma.hu\/wp-content\/uploads\/2011\/03\/v\u00edz3.jpg 205w, https:\/\/www.haztartas-ma.hu\/wp-content\/uploads\/2011\/03\/v\u00edz3-150x150.jpg 150w\" sizes=\"(max-width: 196px) 100vw, 196px\" \/><\/p>\n<p style=\"text-align: justify;\"><span style=\"font-family: verdana,geneva;\"><span style=\"font-size: small;\"><strong>\u00a0<\/strong><\/span><\/span><\/p>\n<h3 style=\"text-align: justify;\">V\u00edztakar\u00e9koss\u00e1g beruh\u00e1z\u00e1ssal<\/h3>\n<ul>\n<li><span style=\"font-family: verdana,geneva;\"><span style=\"font-size: small;\">v\u00edzcsapokb\u00f3l, zuhanyr\u00f3zs\u00e1b\u00f3l \u00a0kifoly\u00f3 v\u00edz mennyis\u00e9g\u00e9nek cs\u00f6kkent\u00e9se csek\u00e9ly k\u00f6lts\u00e9ggel megval\u00f3s\u00edthat\u00f3 <\/span><\/span><\/li>\n<li><span style=\"font-family: verdana,geneva;\"><span style=\"font-size: small;\">WC tart\u00e1ly k\u00e9tfokozat\u00fara cser\u00e9l\u00e9se\u00a0<\/span><\/span><\/li>\n<li><span style=\"font-family: verdana,geneva;\"><span style=\"font-size: small;\">mosogat\u00f3g\u00e9p beszerz\u00e9se\u00a0<\/span><\/span><\/li>\n<li>\n<div style=\"text-align: justify;\"><span style=\"font-family: verdana,geneva;\"><span style=\"font-size: small;\">es\u0151v\u00edz felhaszn\u00e1l\u00e1si lehet\u0151s\u00e9g\u00e9nek megteremt\u00e9se\u00a0<\/span><\/span><span style=\"font-family: verdana,geneva;\"><span style=\"font-size: small;\">\u00a0<\/span><\/span><\/div>\n<\/li>\n<\/ul>\n<p style=\"text-align: justify;\"><span style=\"font-family: verdana,geneva;\"><span style=\"font-size: small;\">A V\u00edz Vil\u00e1gnapj\u00e1n\u00a0k\u00fcl\u00f6nf\u00e9le rendezv\u00e9nyekkel, bemutat\u00f3kkal igyekeznek felh\u00edvni a figyelmet\u00a0a v\u00edz meghat\u00e1roz\u00f3 szerep\u00e9re \u00e9let\u00fcnkben \u00e9s egy\u00fattal felh\u00edvj\u00e1k a figyelmet arra, hogy a v\u00edzb\u00e1zisok meg\u00f3v\u00e1s\u00e1val \u00e9s v\u00edztakar\u00e9koss\u00e1ggal ma kell gondoskodnunk arr\u00f3l, hogy gyermekeink, unok\u00e1ink is hozz\u00e1jussanak\u00a0\u00e9let\u00fcnk alapelem\u00e9hez, a v\u00edzhez.\u00a0<\/span><\/span><\/p>\n<p>&nbsp;<\/p>\n<p>K\u00e9pek: Google k\u00e9pt\u00e1r<\/p>\n","protected":false},"excerpt":{"rendered":"<p>M\u00e1rcius 22-\u00e9n van a v\u00edz vil\u00e1gnapja. 15 \u00e9v m\u00falva az emberis\u00e9g k\u00e9tharmada v\u00edzhi\u00e1nyban fog szenvedni.  J\u00f3 lenne h\u00e1t takar\u00e9koskodni vele f\u0151k\u00e9nt a fejlett orsz\u00e1gokban, ahol nagy mennyis\u00e9g\u0171 vizet haszn\u00e1lunk. <\/p>\n","protected":false},"author":171,"featured_media":3135,"comment_status":"open","ping_status":"open","sticky":false,"template":"","format":"standard","meta":{"_et_pb_use_builder":"","_et_pb_old_content":"","_et_gb_content_width":"","_jetpack_memberships_contains_paid_content":false,"footnotes":"","_wp_rev_ctl_limit":""},"categories":[507],"tags":[],"class_list":["post-3132","post","type-post","status-publish","format-standard","has-post-thumbnail","hentry","category-energiatakarekossag","et-has-post-format-content","et_post_format-et-post-format-standard"],"yoast_head":"<!-- This site is optimized with the Yoast SEO plugin v27.1.1 - https:\/\/yoast.com\/product\/yoast-seo-wordpress\/ -->\n<title>V\u00edztakar\u00e9koss\u00e1g - jelk\u00e9pe a v\u00edz vil\u00e1gnapja - H\u00e1ztart\u00e1s Ma<\/title>\n<meta name=\"description\" content=\"A v\u00edztakar\u00e9koss\u00e1g nemcsak gazdas\u00e1gi k\u00e9rd\u00e9s. El\u0151rejelz\u00e9sek szerint 15 \u00e9v m\u00falva a F\u00f6ld\u00f6n v\u00edzhi\u00e1ny lesz, ez\u00e9rt fontos, hogy m\u00e1r most takar\u00e9koskodjunk vele.\" \/>\n<meta name=\"robots\" content=\"index, follow, max-snippet:-1, max-image-preview:large, max-video-preview:-1\" \/>\n<link rel=\"canonical\" href=\"https:\/\/www.haztartas-ma.hu\/index.php\/gazdalkodas\/energiatakarekossag\/viz-vilagnapja\/\" \/>\n<meta property=\"og:locale\" content=\"hu_HU\" \/>\n<meta property=\"og:type\" content=\"article\" \/>\n<meta property=\"og:title\" content=\"V\u00edztakar\u00e9koss\u00e1g - jelk\u00e9pe a v\u00edz vil\u00e1gnapja - H\u00e1ztart\u00e1s Ma\" \/>\n<meta property=\"og:description\" content=\"A v\u00edztakar\u00e9koss\u00e1g nemcsak gazdas\u00e1gi k\u00e9rd\u00e9s. El\u0151rejelz\u00e9sek szerint 15 \u00e9v m\u00falva a F\u00f6ld\u00f6n v\u00edzhi\u00e1ny lesz, ez\u00e9rt fontos, hogy m\u00e1r most takar\u00e9koskodjunk vele.\" \/>\n<meta property=\"og:url\" content=\"https:\/\/www.haztartas-ma.hu\/index.php\/gazdalkodas\/energiatakarekossag\/viz-vilagnapja\/\" \/>\n<meta property=\"og:site_name\" content=\"H\u00e1ztart\u00e1s Ma\" \/>\n<meta property=\"article:published_time\" content=\"2011-03-21T18:08:13+00:00\" \/>\n<meta property=\"article:modified_time\" content=\"2017-10-20T17:36:51+00:00\" \/>\n<meta property=\"og:image\" content=\"https:\/\/i2.wp.com\/www.haztartas-ma.hu\/wp-content\/uploads\/2011\/03\/v\u00edz4.jpg?fit=200%2C195&ssl=1\" \/>\n\t<meta property=\"og:image:width\" content=\"200\" \/>\n\t<meta property=\"og:image:height\" content=\"195\" \/>\n\t<meta property=\"og:image:type\" content=\"image\/jpeg\" \/>\n<meta name=\"author\" content=\"Pap Zsuzsa\" \/>\n<meta name=\"twitter:label1\" content=\"Szerz\u0151:\" \/>\n\t<meta name=\"twitter:data1\" content=\"Pap Zsuzsa\" \/>\n\t<meta name=\"twitter:label2\" content=\"Becs\u00fclt olvas\u00e1si id\u0151\" \/>\n\t<meta name=\"twitter:data2\" content=\"2 perc\" \/>\n<script type=\"application\/ld+json\" class=\"yoast-schema-graph\">{\"@context\":\"https:\/\/schema.org\",\"@graph\":[{\"@type\":\"Article\",\"@id\":\"https:\/\/www.haztartas-ma.hu\/index.php\/gazdalkodas\/energiatakarekossag\/viz-vilagnapja\/#article\",\"isPartOf\":{\"@id\":\"https:\/\/www.haztartas-ma.hu\/index.php\/gazdalkodas\/energiatakarekossag\/viz-vilagnapja\/\"},\"author\":{\"name\":\"Pap Zsuzsa\",\"@id\":\"https:\/\/www.haztartas-ma.hu\/#\/schema\/person\/227e4a4f0d4777cbee1121e91494197e\"},\"headline\":\"V\u00edztakar\u00e9koss\u00e1g &#8211; a v\u00edz vil\u00e1gnapja\",\"datePublished\":\"2011-03-21T18:08:13+00:00\",\"dateModified\":\"2017-10-20T17:36:51+00:00\",\"mainEntityOfPage\":{\"@id\":\"https:\/\/www.haztartas-ma.hu\/index.php\/gazdalkodas\/energiatakarekossag\/viz-vilagnapja\/\"},\"wordCount\":402,\"commentCount\":2,\"image\":{\"@id\":\"https:\/\/www.haztartas-ma.hu\/index.php\/gazdalkodas\/energiatakarekossag\/viz-vilagnapja\/#primaryimage\"},\"thumbnailUrl\":\"https:\/\/www.haztartas-ma.hu\/wp-content\/uploads\/2011\/03\/v\u00edz4.jpg\",\"articleSection\":[\"Energiatakar\u00e9koss\u00e1g\"],\"inLanguage\":\"hu\",\"potentialAction\":[{\"@type\":\"CommentAction\",\"name\":\"Comment\",\"target\":[\"https:\/\/www.haztartas-ma.hu\/index.php\/gazdalkodas\/energiatakarekossag\/viz-vilagnapja\/#respond\"]}]},{\"@type\":\"WebPage\",\"@id\":\"https:\/\/www.haztartas-ma.hu\/index.php\/gazdalkodas\/energiatakarekossag\/viz-vilagnapja\/\",\"url\":\"https:\/\/www.haztartas-ma.hu\/index.php\/gazdalkodas\/energiatakarekossag\/viz-vilagnapja\/\",\"name\":\"V\u00edztakar\u00e9koss\u00e1g - jelk\u00e9pe a v\u00edz vil\u00e1gnapja - H\u00e1ztart\u00e1s Ma\",\"isPartOf\":{\"@id\":\"https:\/\/www.haztartas-ma.hu\/#website\"},\"primaryImageOfPage\":{\"@id\":\"https:\/\/www.haztartas-ma.hu\/index.php\/gazdalkodas\/energiatakarekossag\/viz-vilagnapja\/#primaryimage\"},\"image\":{\"@id\":\"https:\/\/www.haztartas-ma.hu\/index.php\/gazdalkodas\/energiatakarekossag\/viz-vilagnapja\/#primaryimage\"},\"thumbnailUrl\":\"https:\/\/www.haztartas-ma.hu\/wp-content\/uploads\/2011\/03\/v\u00edz4.jpg\",\"datePublished\":\"2011-03-21T18:08:13+00:00\",\"dateModified\":\"2017-10-20T17:36:51+00:00\",\"author\":{\"@id\":\"https:\/\/www.haztartas-ma.hu\/#\/schema\/person\/227e4a4f0d4777cbee1121e91494197e\"},\"description\":\"A v\u00edztakar\u00e9koss\u00e1g nemcsak gazdas\u00e1gi k\u00e9rd\u00e9s. El\u0151rejelz\u00e9sek szerint 15 \u00e9v m\u00falva a F\u00f6ld\u00f6n v\u00edzhi\u00e1ny lesz, ez\u00e9rt fontos, hogy m\u00e1r most takar\u00e9koskodjunk vele.\",\"breadcrumb\":{\"@id\":\"https:\/\/www.haztartas-ma.hu\/index.php\/gazdalkodas\/energiatakarekossag\/viz-vilagnapja\/#breadcrumb\"},\"inLanguage\":\"hu\",\"potentialAction\":[{\"@type\":\"ReadAction\",\"target\":[\"https:\/\/www.haztartas-ma.hu\/index.php\/gazdalkodas\/energiatakarekossag\/viz-vilagnapja\/\"]}]},{\"@type\":\"ImageObject\",\"inLanguage\":\"hu\",\"@id\":\"https:\/\/www.haztartas-ma.hu\/index.php\/gazdalkodas\/energiatakarekossag\/viz-vilagnapja\/#primaryimage\",\"url\":\"https:\/\/www.haztartas-ma.hu\/wp-content\/uploads\/2011\/03\/v\u00edz4.jpg\",\"contentUrl\":\"https:\/\/www.haztartas-ma.hu\/wp-content\/uploads\/2011\/03\/v\u00edz4.jpg\",\"width\":200,\"height\":195},{\"@type\":\"BreadcrumbList\",\"@id\":\"https:\/\/www.haztartas-ma.hu\/index.php\/gazdalkodas\/energiatakarekossag\/viz-vilagnapja\/#breadcrumb\",\"itemListElement\":[{\"@type\":\"ListItem\",\"position\":1,\"name\":\"Home\",\"item\":\"https:\/\/www.haztartas-ma.hu\/\"},{\"@type\":\"ListItem\",\"position\":2,\"name\":\"V\u00edztakar\u00e9koss\u00e1g &#8211; a v\u00edz vil\u00e1gnapja\"}]},{\"@type\":\"WebSite\",\"@id\":\"https:\/\/www.haztartas-ma.hu\/#website\",\"url\":\"https:\/\/www.haztartas-ma.hu\/\",\"name\":\"H\u00e1ztart\u00e1s Ma\",\"description\":\"Egyszer\u0171 \u00e9telek, receptek, bef\u0151z\u00e9s, h\u00e1zi praktik\u00e1k\",\"potentialAction\":[{\"@type\":\"SearchAction\",\"target\":{\"@type\":\"EntryPoint\",\"urlTemplate\":\"https:\/\/www.haztartas-ma.hu\/?s={search_term_string}\"},\"query-input\":{\"@type\":\"PropertyValueSpecification\",\"valueRequired\":true,\"valueName\":\"search_term_string\"}}],\"inLanguage\":\"hu\"},{\"@type\":\"Person\",\"@id\":\"https:\/\/www.haztartas-ma.hu\/#\/schema\/person\/227e4a4f0d4777cbee1121e91494197e\",\"name\":\"Pap Zsuzsa\",\"image\":{\"@type\":\"ImageObject\",\"inLanguage\":\"hu\",\"@id\":\"https:\/\/www.haztartas-ma.hu\/#\/schema\/person\/image\/\",\"url\":\"https:\/\/secure.gravatar.com\/avatar\/2440b2ff40989c08a87baf0381e1a9dbe3ee77d34b712c593d29515b08cf2cbd?s=96&d=mm&r=g\",\"contentUrl\":\"https:\/\/secure.gravatar.com\/avatar\/2440b2ff40989c08a87baf0381e1a9dbe3ee77d34b712c593d29515b08cf2cbd?s=96&d=mm&r=g\",\"caption\":\"Pap Zsuzsa\"}}]}<\/script>\n<!-- \/ Yoast SEO plugin. -->","yoast_head_json":{"title":"V\u00edztakar\u00e9koss\u00e1g - jelk\u00e9pe a v\u00edz vil\u00e1gnapja - H\u00e1ztart\u00e1s Ma","description":"A v\u00edztakar\u00e9koss\u00e1g nemcsak gazdas\u00e1gi k\u00e9rd\u00e9s. El\u0151rejelz\u00e9sek szerint 15 \u00e9v m\u00falva a F\u00f6ld\u00f6n v\u00edzhi\u00e1ny lesz, ez\u00e9rt fontos, hogy m\u00e1r most takar\u00e9koskodjunk vele.","robots":{"index":"index","follow":"follow","max-snippet":"max-snippet:-1","max-image-preview":"max-image-preview:large","max-video-preview":"max-video-preview:-1"},"canonical":"https:\/\/www.haztartas-ma.hu\/index.php\/gazdalkodas\/energiatakarekossag\/viz-vilagnapja\/","og_locale":"hu_HU","og_type":"article","og_title":"V\u00edztakar\u00e9koss\u00e1g - jelk\u00e9pe a v\u00edz vil\u00e1gnapja - H\u00e1ztart\u00e1s Ma","og_description":"A v\u00edztakar\u00e9koss\u00e1g nemcsak gazdas\u00e1gi k\u00e9rd\u00e9s. El\u0151rejelz\u00e9sek szerint 15 \u00e9v m\u00falva a F\u00f6ld\u00f6n v\u00edzhi\u00e1ny lesz, ez\u00e9rt fontos, hogy m\u00e1r most takar\u00e9koskodjunk vele.","og_url":"https:\/\/www.haztartas-ma.hu\/index.php\/gazdalkodas\/energiatakarekossag\/viz-vilagnapja\/","og_site_name":"H\u00e1ztart\u00e1s Ma","article_published_time":"2011-03-21T18:08:13+00:00","article_modified_time":"2017-10-20T17:36:51+00:00","og_image":[{"width":200,"height":195,"url":"https:\/\/i2.wp.com\/www.haztartas-ma.hu\/wp-content\/uploads\/2011\/03\/v\u00edz4.jpg?fit=200%2C195&ssl=1","type":"image\/jpeg"}],"author":"Pap Zsuzsa","twitter_misc":{"Szerz\u0151:":"Pap Zsuzsa","Becs\u00fclt olvas\u00e1si id\u0151":"2 perc"},"schema":{"@context":"https:\/\/schema.org","@graph":[{"@type":"Article","@id":"https:\/\/www.haztartas-ma.hu\/index.php\/gazdalkodas\/energiatakarekossag\/viz-vilagnapja\/#article","isPartOf":{"@id":"https:\/\/www.haztartas-ma.hu\/index.php\/gazdalkodas\/energiatakarekossag\/viz-vilagnapja\/"},"author":{"name":"Pap Zsuzsa","@id":"https:\/\/www.haztartas-ma.hu\/#\/schema\/person\/227e4a4f0d4777cbee1121e91494197e"},"headline":"V\u00edztakar\u00e9koss\u00e1g &#8211; a v\u00edz vil\u00e1gnapja","datePublished":"2011-03-21T18:08:13+00:00","dateModified":"2017-10-20T17:36:51+00:00","mainEntityOfPage":{"@id":"https:\/\/www.haztartas-ma.hu\/index.php\/gazdalkodas\/energiatakarekossag\/viz-vilagnapja\/"},"wordCount":402,"commentCount":2,"image":{"@id":"https:\/\/www.haztartas-ma.hu\/index.php\/gazdalkodas\/energiatakarekossag\/viz-vilagnapja\/#primaryimage"},"thumbnailUrl":"https:\/\/www.haztartas-ma.hu\/wp-content\/uploads\/2011\/03\/v\u00edz4.jpg","articleSection":["Energiatakar\u00e9koss\u00e1g"],"inLanguage":"hu","potentialAction":[{"@type":"CommentAction","name":"Comment","target":["https:\/\/www.haztartas-ma.hu\/index.php\/gazdalkodas\/energiatakarekossag\/viz-vilagnapja\/#respond"]}]},{"@type":"WebPage","@id":"https:\/\/www.haztartas-ma.hu\/index.php\/gazdalkodas\/energiatakarekossag\/viz-vilagnapja\/","url":"https:\/\/www.haztartas-ma.hu\/index.php\/gazdalkodas\/energiatakarekossag\/viz-vilagnapja\/","name":"V\u00edztakar\u00e9koss\u00e1g - jelk\u00e9pe a v\u00edz vil\u00e1gnapja - H\u00e1ztart\u00e1s Ma","isPartOf":{"@id":"https:\/\/www.haztartas-ma.hu\/#website"},"primaryImageOfPage":{"@id":"https:\/\/www.haztartas-ma.hu\/index.php\/gazdalkodas\/energiatakarekossag\/viz-vilagnapja\/#primaryimage"},"image":{"@id":"https:\/\/www.haztartas-ma.hu\/index.php\/gazdalkodas\/energiatakarekossag\/viz-vilagnapja\/#primaryimage"},"thumbnailUrl":"https:\/\/www.haztartas-ma.hu\/wp-content\/uploads\/2011\/03\/v\u00edz4.jpg","datePublished":"2011-03-21T18:08:13+00:00","dateModified":"2017-10-20T17:36:51+00:00","author":{"@id":"https:\/\/www.haztartas-ma.hu\/#\/schema\/person\/227e4a4f0d4777cbee1121e91494197e"},"description":"A v\u00edztakar\u00e9koss\u00e1g nemcsak gazdas\u00e1gi k\u00e9rd\u00e9s. El\u0151rejelz\u00e9sek szerint 15 \u00e9v m\u00falva a F\u00f6ld\u00f6n v\u00edzhi\u00e1ny lesz, ez\u00e9rt fontos, hogy m\u00e1r most takar\u00e9koskodjunk vele.","breadcrumb":{"@id":"https:\/\/www.haztartas-ma.hu\/index.php\/gazdalkodas\/energiatakarekossag\/viz-vilagnapja\/#breadcrumb"},"inLanguage":"hu","potentialAction":[{"@type":"ReadAction","target":["https:\/\/www.haztartas-ma.hu\/index.php\/gazdalkodas\/energiatakarekossag\/viz-vilagnapja\/"]}]},{"@type":"ImageObject","inLanguage":"hu","@id":"https:\/\/www.haztartas-ma.hu\/index.php\/gazdalkodas\/energiatakarekossag\/viz-vilagnapja\/#primaryimage","url":"https:\/\/www.haztartas-ma.hu\/wp-content\/uploads\/2011\/03\/v\u00edz4.jpg","contentUrl":"https:\/\/www.haztartas-ma.hu\/wp-content\/uploads\/2011\/03\/v\u00edz4.jpg","width":200,"height":195},{"@type":"BreadcrumbList","@id":"https:\/\/www.haztartas-ma.hu\/index.php\/gazdalkodas\/energiatakarekossag\/viz-vilagnapja\/#breadcrumb","itemListElement":[{"@type":"ListItem","position":1,"name":"Home","item":"https:\/\/www.haztartas-ma.hu\/"},{"@type":"ListItem","position":2,"name":"V\u00edztakar\u00e9koss\u00e1g &#8211; a v\u00edz vil\u00e1gnapja"}]},{"@type":"WebSite","@id":"https:\/\/www.haztartas-ma.hu\/#website","url":"https:\/\/www.haztartas-ma.hu\/","name":"H\u00e1ztart\u00e1s Ma","description":"Egyszer\u0171 \u00e9telek, receptek, bef\u0151z\u00e9s, h\u00e1zi praktik\u00e1k","potentialAction":[{"@type":"SearchAction","target":{"@type":"EntryPoint","urlTemplate":"https:\/\/www.haztartas-ma.hu\/?s={search_term_string}"},"query-input":{"@type":"PropertyValueSpecification","valueRequired":true,"valueName":"search_term_string"}}],"inLanguage":"hu"},{"@type":"Person","@id":"https:\/\/www.haztartas-ma.hu\/#\/schema\/person\/227e4a4f0d4777cbee1121e91494197e","name":"Pap Zsuzsa","image":{"@type":"ImageObject","inLanguage":"hu","@id":"https:\/\/www.haztartas-ma.hu\/#\/schema\/person\/image\/","url":"https:\/\/secure.gravatar.com\/avatar\/2440b2ff40989c08a87baf0381e1a9dbe3ee77d34b712c593d29515b08cf2cbd?s=96&d=mm&r=g","contentUrl":"https:\/\/secure.gravatar.com\/avatar\/2440b2ff40989c08a87baf0381e1a9dbe3ee77d34b712c593d29515b08cf2cbd?s=96&d=mm&r=g","caption":"Pap Zsuzsa"}}]}},"jetpack_featured_media_url":"https:\/\/www.haztartas-ma.hu\/wp-content\/uploads\/2011\/03\/v\u00edz4.jpg","jetpack_sharing_enabled":true,"_links":{"self":[{"href":"https:\/\/www.haztartas-ma.hu\/index.php\/wp-json\/wp\/v2\/posts\/3132","targetHints":{"allow":["GET"]}}],"collection":[{"href":"https:\/\/www.haztartas-ma.hu\/index.php\/wp-json\/wp\/v2\/posts"}],"about":[{"href":"https:\/\/www.haztartas-ma.hu\/index.php\/wp-json\/wp\/v2\/types\/post"}],"author":[{"embeddable":true,"href":"https:\/\/www.haztartas-ma.hu\/index.php\/wp-json\/wp\/v2\/users\/171"}],"replies":[{"embeddable":true,"href":"https:\/\/www.haztartas-ma.hu\/index.php\/wp-json\/wp\/v2\/comments?post=3132"}],"version-history":[{"count":0,"href":"https:\/\/www.haztartas-ma.hu\/index.php\/wp-json\/wp\/v2\/posts\/3132\/revisions"}],"wp:featuredmedia":[{"embeddable":true,"href":"https:\/\/www.haztartas-ma.hu\/index.php\/wp-json\/wp\/v2\/media\/3135"}],"wp:attachment":[{"href":"https:\/\/www.haztartas-ma.hu\/index.php\/wp-json\/wp\/v2\/media?parent=3132"}],"wp:term":[{"taxonomy":"category","embeddable":true,"href":"https:\/\/www.haztartas-ma.hu\/index.php\/wp-json\/wp\/v2\/categories?post=3132"},{"taxonomy":"post_tag","embeddable":true,"href":"https:\/\/www.haztartas-ma.hu\/index.php\/wp-json\/wp\/v2\/tags?post=3132"}],"curies":[{"name":"wp","href":"https:\/\/api.w.org\/{rel}","templated":true}]}}