{"id":31089,"date":"2020-12-25T18:12:02","date_gmt":"2020-12-25T17:12:02","guid":{"rendered":"https:\/\/www.haztartas-ma.hu\/?p=31089"},"modified":"2022-03-22T07:00:12","modified_gmt":"2022-03-22T06:00:12","slug":"makos-guba-torta","status":"publish","type":"post","link":"https:\/\/www.haztartas-ma.hu\/index.php\/receptek\/makos-guba-torta\/","title":{"rendered":"M\u00e1kos guba torta"},"content":{"rendered":"<p>M\u00e1kos guba torta: a m\u00e1kos guba \u00fcnnep\u00e9lyes form\u00e1ja. Itt egy bombabiztos, r\u00e9szletes k\u00e9pes receptet tal\u00e1lsz.<\/p>\n<p><!--more--><\/p>\n<p><img loading=\"lazy\" decoding=\"async\" class=\"aligncenter size-medium wp-image-31096\" src=\"https:\/\/www.haztartas-ma.hu\/wp-content\/uploads\/2020\/12\/makos-guba-torta-szelet-2-300x225.jpg\" alt=\"M\u00e1kos guba tortaszelet 2\" width=\"300\" height=\"225\" srcset=\"https:\/\/www.haztartas-ma.hu\/wp-content\/uploads\/2020\/12\/makos-guba-torta-szelet-2-300x225.jpg 300w, https:\/\/www.haztartas-ma.hu\/wp-content\/uploads\/2020\/12\/makos-guba-torta-szelet-2-768x576.jpg 768w, https:\/\/www.haztartas-ma.hu\/wp-content\/uploads\/2020\/12\/makos-guba-torta-szelet-2.jpg 1024w\" sizes=\"(max-width: 300px) 100vw, 300px\" \/><\/p>\n<h2>M\u00e1kos guba torta<\/h2>\n<p>Elk\u00e9sz\u00edt\u00e9si id\u0151: 80 perc<\/p>\n<h3>Hozz\u00e1val\u00f3k<\/h3>\n<p>20 &#8211; 23 cm-es tort\u00e1hoz<\/p>\n<p>A torta alaphoz:<\/p>\n<ul>\n<li>8 db kifli (v\u00e1s\u00e1rold meg el\u0151bb, jobb, ha kicsit szikkadt)<\/li>\n<li>2 toj\u00e1s s\u00e1rg\u00e1ja<\/li>\n<li>5 dkg cukor (2,5 ev\u0151kan\u00e1l)<\/li>\n<li>1 csomag van\u00edli\u00e1s cukor<\/li>\n<li>0,5 liter tej<\/li>\n<li>5 dkg vaj<\/li>\n<li>8 dkg dar\u00e1lt m\u00e1k<\/li>\n<li>1 citrom reszelt h\u00e9ja<\/li>\n<\/ul>\n<p>A kr\u00e9mhez:<\/p>\n<ul>\n<li>2 db toj\u00e1s<\/li>\n<li>10 dkg cukor<\/li>\n<li>1 r\u00fad van\u00edlia (helyettes\u00edtheted val\u00f3di van\u00edlia arom\u00e1val)<\/li>\n<li>25 dkg mascarpone<\/li>\n<li>12,5 dkg vaj<\/li>\n<\/ul>\n<p>A habhoz:<\/p>\n<ul>\n<li>200 ml habtejsz\u00edn (legal\u00e1bb 30 %-os legyen)<\/li>\n<li>1 &#8211; 2 te\u00e1skan\u00e1l porcukor<\/li>\n<li>1 kiskan\u00e1l dar\u00e1latlan m\u00e1k (nem szent\u00edr\u00e1s, sz\u00f3rd meg annyival, amennyi neked tetszik)<\/li>\n<\/ul>\n<h3>Bev\u00e1s\u00e1rl\u00f3lista<\/h3>\n<ul>\n<li>8 db kifli<\/li>\n<li>4 db toj\u00e1s<\/li>\n<li>1 csomag van\u00edli\u00e1s cukor<\/li>\n<li>1 liter tej<\/li>\n<li>20 dkg vaj<\/li>\n<li>25 dkg mascarpone<\/li>\n<li>10 dkg dar\u00e1lt m\u00e1k<\/li>\n<li>1 db citrom<\/li>\n<li>1 r\u00fad van\u00edlia<\/li>\n<li>200 ml habtejsz\u00edn (min. 30 %-os)<\/li>\n<li>Eml\u00e9keztet\u0151: krist\u00e1lycukor, porcukor<\/li>\n<\/ul>\n<h3>El\u0151k\u00e9sz\u00edt\u00e9s<\/h3>\n<ul>\n<li>Ha dar\u00e1latlan a m\u00e1kod \u00e9s van m\u00e1kdar\u00e1l\u00f3d, dar\u00e1ld meg a m\u00e1kot. (Erre csak a <a href=\"https:\/\/fozzkonnyen.hu\/shop\/etelek-elokeszitese\/daralok-orlok\/tescoma-handy-makdaralo\/\">m\u00e1kdar\u00e1l\u00f3<\/a> alkalmas, amely sz\u00e9tkeni a m\u00e1kszemeket &#8211; k\u00e1v\u00e9dar\u00e1l\u00f3val ne is pr\u00f3b\u00e1lkozz. Ha nincs m\u00e1kdar\u00e1l\u00f3d, v\u00e1s\u00e1rolj dar\u00e1lt m\u00e1kot, de ellen\u0151rizd le, hogy nem avas-e. A dar\u00e1lt m\u00e1k ugyanis magas olajtartalma a dar\u00e1l\u00e1sn\u00e1l kialakult nagy fel\u00fclet miatt k\u00f6nnyen avasodik. Tartsd a fagyaszt\u00f3ban.<\/li>\n<li>A hozz\u00e1val\u00f3kat vedd ki a h\u0171t\u0151szekr\u00e9nyb\u0151l (kiv\u00e9tel a habtejsz\u00edn, amit felver\u00e9s el\u0151tt t\u00e9gy a fagyaszt\u00f3ba 20\u00a0 &#8211; 30 percre.<\/li>\n<\/ul>\n<h4>Megjegyz\u00e9sek:<\/h4>\n<ul>\n<li>A torta alapj\u00e1t \u00e9s a kr\u00e9met felhaszn\u00e1l\u00e1s el\u0151tt egy nappal m\u00e1r elk\u00e9sz\u00edtheted.<\/li>\n<li>A tejsz\u00ednhabot 2 &#8211; 3 \u00f3r\u00e1val el\u0151bb verd csak fel &#8211; k\u00e9zi mixerrel vagy k\u00e9zi habver\u0151vel. Ha szifonnal k\u00e9sz\u00edted, akkor csak k\u00f6zvetlen\u00fcl felhaszn\u00e1l\u00e1s el\u0151tt d\u00edsz\u00edtsd a habbal, mert hamar \u00f6sszeesik. (Tejsz\u00ednhab port lehet\u0151leg ne haszn\u00e1lj!)<\/li>\n<li>A torta n\u00e1lam 22 cm-es lett, mert <a href=\"https:\/\/fozzkonnyen.hu\/shop\/etelfelesegek-keszitese\/sutemeny-desszert\/delicia-kerek-allithato-tortaforma\/\">\u00e1ll\u00edthat\u00f3 tortaform\u00e1<\/a>val dolgoztam. Ha 20 cm-es tortaform\u00e1d van, akkor a fenti mennyis\u00e9gb\u0151l magasabb, ha 23 cm-es, akkor egy kicsit alacsonyabb lesz. Ez nem probl\u00e9ma. 26, vagy 28 cm-es tortaform\u00e1n\u00e1l m\u00e1r \u00e1t kell sz\u00e1molnod a mennyis\u00e9geket. A tortaforma kapcsos legyen.<\/li>\n<\/ul>\n<h3>M\u00e1kos guba torta k\u00e9sz\u00edt\u00e9se<\/h3>\n<h4>Torta alap k\u00e9sz\u00edt\u00e9se:<\/h4>\n<p>(l\u00e9nyeg\u00e9ben nem m\u00e1s, mint <a href=\"https:\/\/www.haztartas-ma.hu\/index.php\/etelreceptek\/teszta\/sult-teszta\/makos-guba\/\">m\u00e1kos guba<\/a> &#8211; a n\u00e9vad\u00f3):<\/p>\n<ol>\n<li>A kifliket kb. 1 cm vastag karik\u00e1kra v\u00e1god.<\/li>\n<li>A toj\u00e1sok s\u00e1rg\u00e1j\u00e1t a cukorral \u00e9s a van\u00edli\u00e1s cukorral habosra kevered.\n<p><div id=\"attachment_31101\" style=\"width: 310px\" class=\"wp-caption aligncenter\"><img loading=\"lazy\" decoding=\"async\" aria-describedby=\"caption-attachment-31101\" class=\"size-medium wp-image-31101\" src=\"https:\/\/www.haztartas-ma.hu\/wp-content\/uploads\/2020\/12\/ta-tojas-es-cukor-300x225.jpg\" alt=\"Toj\u00e1s \u00e9s cukor\" width=\"300\" height=\"225\" srcset=\"https:\/\/www.haztartas-ma.hu\/wp-content\/uploads\/2020\/12\/ta-tojas-es-cukor-300x225.jpg 300w, https:\/\/www.haztartas-ma.hu\/wp-content\/uploads\/2020\/12\/ta-tojas-es-cukor.jpg 640w\" sizes=\"(max-width: 300px) 100vw, 300px\" \/><p id=\"caption-attachment-31101\" class=\"wp-caption-text\">Toj\u00e1s \u00e9s cukor<\/p><\/div><\/li>\n<li>A tejet a vajjal v\u00edzf\u00fcrd\u0151n felmeleg\u00edted.<\/li>\n<li>Amikor a vaj m\u00e1r megolvadt, a cukrokkal kikevert toj\u00e1st hozz\u00e1adod. (El\u0151sz\u00f6r n\u00e9h\u00e1ny kan\u00e1l meleg vajas tejjel h\u00edg\u00edtsd fel annyira, hogy j\u00f3l \u00f6nthet\u0151v\u00e9 v\u00e1ljon.) Ut\u00e1na \u00f6ntsd a tejhez.\n<p><div id=\"attachment_31100\" style=\"width: 310px\" class=\"wp-caption aligncenter\"><img loading=\"lazy\" decoding=\"async\" aria-describedby=\"caption-attachment-31100\" class=\"size-medium wp-image-31100\" src=\"https:\/\/www.haztartas-ma.hu\/wp-content\/uploads\/2020\/12\/ta-tej-hozzaadva-300x225.jpg\" alt=\"Tej hozz\u00e1adva\" width=\"300\" height=\"225\" srcset=\"https:\/\/www.haztartas-ma.hu\/wp-content\/uploads\/2020\/12\/ta-tej-hozzaadva-300x225.jpg 300w, https:\/\/www.haztartas-ma.hu\/wp-content\/uploads\/2020\/12\/ta-tej-hozzaadva.jpg 640w\" sizes=\"(max-width: 300px) 100vw, 300px\" \/><p id=\"caption-attachment-31100\" class=\"wp-caption-text\">Tej hozz\u00e1adva<\/p><\/div><\/li>\n<li>Kiss\u00e9 s\u0171r\u00edtsd be, de ne bajl\u00f3dj vele t\u00fal sok\u00e1ig, mert nagyon lassan s\u0171r\u0171s\u00f6dik.<\/li>\n<li>K\u00f6zben reszeld le a\u00a0 citrom h\u00e9j\u00e1t, keverd a m\u00e1khoz.<\/li>\n<li>Keverd a m\u00e1kot a tejes kever\u00e9khez. (El\u0151sz\u00f6r keverd el n\u00e9h\u00e1ny kan\u00e1l tejes kever\u00e9kkel, hogy \u00f6nthet\u0151v\u00e9 v\u00e1ljon.)\n<p><div id=\"attachment_31098\" style=\"width: 310px\" class=\"wp-caption aligncenter\"><img loading=\"lazy\" decoding=\"async\" aria-describedby=\"caption-attachment-31098\" class=\"size-medium wp-image-31098\" src=\"https:\/\/www.haztartas-ma.hu\/wp-content\/uploads\/2020\/12\/ta-mak-hozzaadva-300x225.jpg\" alt=\"M\u00e1k hozz\u00e1adva\" width=\"300\" height=\"225\" srcset=\"https:\/\/www.haztartas-ma.hu\/wp-content\/uploads\/2020\/12\/ta-mak-hozzaadva-300x225.jpg 300w, https:\/\/www.haztartas-ma.hu\/wp-content\/uploads\/2020\/12\/ta-mak-hozzaadva.jpg 640w\" sizes=\"(max-width: 300px) 100vw, 300px\" \/><p id=\"caption-attachment-31098\" class=\"wp-caption-text\">M\u00e1k hozz\u00e1adva<\/p><\/div><\/li>\n<li>N\u00e9h\u00e1ny perc kever\u00e9s ut\u00e1n vedd le a v\u00edzf\u00fcrd\u0151r\u0151l, hagyd kiss\u00e9 h\u0171lni \u00e9s \u00f6ntsd r\u00e1 a feldarabolt kiflikre. Keverd \u00f6ssze. Hagyd \u00e1llni, am\u00edg a kifli besz\u00edvja a m\u00e1kos folyad\u00e9kot. K\u00f6zben t\u00f6bbsz\u00f6r keverd \u00f6ssze.\n<p><div id=\"attachment_31097\" style=\"width: 310px\" class=\"wp-caption aligncenter\"><img loading=\"lazy\" decoding=\"async\" aria-describedby=\"caption-attachment-31097\" class=\"size-medium wp-image-31097\" src=\"https:\/\/www.haztartas-ma.hu\/wp-content\/uploads\/2020\/12\/ta-kifli-keverek-300x225.jpg\" alt=\"Kifli kever\u00e9k\" width=\"300\" height=\"225\" srcset=\"https:\/\/www.haztartas-ma.hu\/wp-content\/uploads\/2020\/12\/ta-kifli-keverek-300x225.jpg 300w, https:\/\/www.haztartas-ma.hu\/wp-content\/uploads\/2020\/12\/ta-kifli-keverek.jpg 640w\" sizes=\"(max-width: 300px) 100vw, 300px\" \/><p id=\"caption-attachment-31097\" class=\"wp-caption-text\">Kifli kever\u00e9k<\/p><\/div><\/li>\n<li>Egy tortaform\u00e1t (20 &#8211; 23) b\u00e9lelj ki s\u00fct\u0151pap\u00edrral.<\/li>\n<li>\u00d6ntsd bele a m\u00e1kos kever\u00e9ket.<\/li>\n<li>S\u00fcsd 175 fokon 20 percig (ne tov\u00e1bb, mert kih\u0171l\u00e9s ut\u00e1n kem\u00e9nylesz!). Ezzel elk\u00e9sz\u00fclt a torta alapja. Ha s\u00fct\u00e9sn\u00e9l a k\u00f6zepe felp\u00faposodik, nyomkodd le egy kan\u00e1llal, hogy egyenl\u0151 vastags\u00e1g\u00fa legyen. Hagyd kih\u0171lni.\n<p><div id=\"attachment_31099\" style=\"width: 310px\" class=\"wp-caption aligncenter\"><img loading=\"lazy\" decoding=\"async\" aria-describedby=\"caption-attachment-31099\" class=\"size-medium wp-image-31099\" src=\"https:\/\/www.haztartas-ma.hu\/wp-content\/uploads\/2020\/12\/ta-megsutve-300x225.jpg\" alt=\"Megs\u00fctve\" width=\"300\" height=\"225\" srcset=\"https:\/\/www.haztartas-ma.hu\/wp-content\/uploads\/2020\/12\/ta-megsutve-300x225.jpg 300w, https:\/\/www.haztartas-ma.hu\/wp-content\/uploads\/2020\/12\/ta-megsutve.jpg 640w\" sizes=\"(max-width: 300px) 100vw, 300px\" \/><p id=\"caption-attachment-31099\" class=\"wp-caption-text\">Megs\u00fctve<\/p><\/div><\/li>\n<li>Vedd ki a s\u00fct\u0151pap\u00edrral egy\u00fctt, t\u00e1vol\u00edtsd el a s\u00fct\u0151pap\u00edrt.\u00a0 (Ha az alja kicsit vajas lenne, t\u00f6r\u00f6ld meg egy pap\u00edrt\u00f6rl\u0151vel.) Helyezd el azon a t\u00e1lon, amelyen felt\u00e1lalod a tort\u00e1t. A tortaform\u00e1t tedd r\u00e1 vissza.\n<p><div id=\"attachment_31102\" style=\"width: 310px\" class=\"wp-caption aligncenter\"><img loading=\"lazy\" decoding=\"async\" aria-describedby=\"caption-attachment-31102\" class=\"size-medium wp-image-31102\" src=\"https:\/\/www.haztartas-ma.hu\/wp-content\/uploads\/2020\/12\/ta-tortaformaban-300x225.jpg\" alt=\"Tortaform\u00e1ban\" width=\"300\" height=\"225\" srcset=\"https:\/\/www.haztartas-ma.hu\/wp-content\/uploads\/2020\/12\/ta-tortaformaban-300x225.jpg 300w, https:\/\/www.haztartas-ma.hu\/wp-content\/uploads\/2020\/12\/ta-tortaformaban-1024x768.jpg 1024w, https:\/\/www.haztartas-ma.hu\/wp-content\/uploads\/2020\/12\/ta-tortaformaban-768x576.jpg 768w, https:\/\/www.haztartas-ma.hu\/wp-content\/uploads\/2020\/12\/ta-tortaformaban-1536x1152.jpg 1536w, https:\/\/www.haztartas-ma.hu\/wp-content\/uploads\/2020\/12\/ta-tortaformaban-2048x1536.jpg 2048w, https:\/\/www.haztartas-ma.hu\/wp-content\/uploads\/2020\/12\/ta-tortaformaban-1080x810.jpg 1080w\" sizes=\"(max-width: 300px) 100vw, 300px\" \/><p id=\"caption-attachment-31102\" class=\"wp-caption-text\">Tortaform\u00e1ban<\/p><\/div><\/li>\n<\/ol>\n<h4>Kr\u00e9m elk\u00e9sz\u00edt\u00e9se:<\/h4>\n<p>(A torta s\u00fct\u00e9se k\u00f6zben k\u00e9sz\u00edtheted.)<\/p>\n<ol>\n<li>A mascarponet \u00e9s a vajat keverd \u00f6ssze k\u00e9zi mixerrel vagy fakan\u00e1llal.\n<p><div id=\"attachment_31092\" style=\"width: 310px\" class=\"wp-caption aligncenter\"><img loading=\"lazy\" decoding=\"async\" aria-describedby=\"caption-attachment-31092\" class=\"size-medium wp-image-31092\" src=\"https:\/\/www.haztartas-ma.hu\/wp-content\/uploads\/2020\/12\/k-mascarpone-vaj-300x225.jpg\" alt=\"Mascarpone, vaj\" width=\"300\" height=\"225\" srcset=\"https:\/\/www.haztartas-ma.hu\/wp-content\/uploads\/2020\/12\/k-mascarpone-vaj-300x225.jpg 300w, https:\/\/www.haztartas-ma.hu\/wp-content\/uploads\/2020\/12\/k-mascarpone-vaj.jpg 640w\" sizes=\"(max-width: 300px) 100vw, 300px\" \/><p id=\"caption-attachment-31092\" class=\"wp-caption-text\">Mascarpone, vaj<\/p><\/div><\/li>\n<li>A toj\u00e1st a cukorral keverd ki, tedd bel a van\u00edli\u00e1t.\n<p><div id=\"attachment_31093\" style=\"width: 310px\" class=\"wp-caption aligncenter\"><img loading=\"lazy\" decoding=\"async\" aria-describedby=\"caption-attachment-31093\" class=\"size-medium wp-image-31093\" src=\"https:\/\/www.haztartas-ma.hu\/wp-content\/uploads\/2020\/12\/k-tojas-cukor-vanilia-300x225.jpg\" alt=\"Toj\u00e1s, cukor, van\u00edlia\" width=\"300\" height=\"225\" srcset=\"https:\/\/www.haztartas-ma.hu\/wp-content\/uploads\/2020\/12\/k-tojas-cukor-vanilia-300x225.jpg 300w, https:\/\/www.haztartas-ma.hu\/wp-content\/uploads\/2020\/12\/k-tojas-cukor-vanilia.jpg 640w\" sizes=\"(max-width: 300px) 100vw, 300px\" \/><p id=\"caption-attachment-31093\" class=\"wp-caption-text\">Toj\u00e1s, cukor, van\u00edlia<\/p><\/div><\/li>\n<li>G\u0151z f\u00f6l\u00f6tt f\u0151zd s\u0171r\u0171re. A van\u00edlia rudat t\u00e1vol\u00edtsd el.<\/li>\n<li>Ha csom\u00f3s lenne, sz\u0171rd \u00e1t. Kih\u0171l\u00e9s ut\u00e1n keverd habosra a vajas mascarponeval.\n<p><div id=\"attachment_31103\" style=\"width: 310px\" class=\"wp-caption aligncenter\"><img loading=\"lazy\" decoding=\"async\" aria-describedby=\"caption-attachment-31103\" class=\"size-medium wp-image-31103\" src=\"https:\/\/www.haztartas-ma.hu\/wp-content\/uploads\/2020\/12\/vanilia-krem-300x225.jpg\" alt=\"Van\u00edlia kr\u00e9m\" width=\"300\" height=\"225\" srcset=\"https:\/\/www.haztartas-ma.hu\/wp-content\/uploads\/2020\/12\/vanilia-krem-300x225.jpg 300w, https:\/\/www.haztartas-ma.hu\/wp-content\/uploads\/2020\/12\/vanilia-krem.jpg 640w\" sizes=\"(max-width: 300px) 100vw, 300px\" \/><p id=\"caption-attachment-31103\" class=\"wp-caption-text\">Van\u00edlia kr\u00e9m<\/p><\/div><\/li>\n<li>Kend r\u00e1 egyenletesen a m\u00e1kos guba alapra. Tedd a h\u0171t\u0151be n\u00e9h\u00e1ny \u00f3r\u00e1ra, vagy ak\u00e1r egy \u00e9jszak\u00e1ra.<\/li>\n<\/ol>\n<h4>Tejsz\u00ednhab k\u00e9sz\u00edt\u00e9se:<\/h4>\n<ol>\n<li>A tejsz\u00ednt tedd negyed \u00f3r\u00e1ra a fagyaszt\u00f3ba. Hidegen k\u00f6nnyebben \u00e9s szebben felver\u0151dik.<\/li>\n<li>K\u00e9zi mixerrel vagy habver\u0151vel verd fel. K\u00f6zben adagold hozz\u00e1 a porcukrot (1 &#8211; 2 te\u00e1skan\u00e1llal, \u00edzl\u00e9s szerint), amelyet \u00e1tszit\u00e1lt\u00e1l. (A habba is beleszit\u00e1lhatod. (Vigy\u00e1zz, ha t\u00fal hossz\u00fa ideig vered, vaj lehet bel\u0151le.)<\/li>\n<li>D\u00edsz\u00edtsd a habbal a tort\u00e1t. R\u00e1kenheted egyszer\u0171en, Kan\u00e1llal megform\u00e1zhtod (ezt tettem \u00e9n). Ha van el\u00e9g id\u0151d, habzs\u00e1kb\u00f3l cs\u00facsokat nyomkodhatsz a torta tetej\u00e9re. Term\u00e9szetesen ez lesz a legszebb.<\/li>\n<li>Sz\u00f3rd meg annyi dar\u00e1latlan m\u00e1kkal (e t\u00fal sokkal), amennyivel sz\u00e9pnek tal\u00e1lod. Ha nincs dar\u00e1latlan m\u00e1kod, \u00f3vatosan szit\u00e1lj r\u00e1 kev\u00e9s dar\u00e1lt m\u00e1kot.<\/li>\n<li>T\u00e1vol\u00edtsd el a tortaform\u00e1t. (El\u0151z\u0151leg k\u00e9ssel k\u00f6rben elv\u00e1laszthatod a form\u00e1t\u00f3l.) Ezzel a torta t\u00e1lal\u00e1sra elk\u00e9sz\u00fclt.\n<div id=\"attachment_31094\" style=\"width: 310px\" class=\"wp-caption aligncenter\"><img loading=\"lazy\" decoding=\"async\" aria-describedby=\"caption-attachment-31094\" class=\"size-medium wp-image-31094\" src=\"https:\/\/www.haztartas-ma.hu\/wp-content\/uploads\/2020\/12\/makos-guba-torta-1-300x225.jpg\" alt=\"M\u00e1kos guba torta 1\" width=\"300\" height=\"225\" srcset=\"https:\/\/www.haztartas-ma.hu\/wp-content\/uploads\/2020\/12\/makos-guba-torta-1-300x225.jpg 300w, https:\/\/www.haztartas-ma.hu\/wp-content\/uploads\/2020\/12\/makos-guba-torta-1.jpg 640w\" sizes=\"(max-width: 300px) 100vw, 300px\" \/><p id=\"caption-attachment-31094\" class=\"wp-caption-text\">M\u00e1kos guba torta 1<\/p><\/div>\n<p><div id=\"attachment_31095\" style=\"width: 310px\" class=\"wp-caption aligncenter\"><img loading=\"lazy\" decoding=\"async\" aria-describedby=\"caption-attachment-31095\" class=\"size-medium wp-image-31095\" src=\"https:\/\/www.haztartas-ma.hu\/wp-content\/uploads\/2020\/12\/makos-guba-torta-2-300x225.jpg\" alt=\"M\u00e1kos guba torta 2\" width=\"300\" height=\"225\" srcset=\"https:\/\/www.haztartas-ma.hu\/wp-content\/uploads\/2020\/12\/makos-guba-torta-2-300x225.jpg 300w, https:\/\/www.haztartas-ma.hu\/wp-content\/uploads\/2020\/12\/makos-guba-torta-2.jpg 640w\" sizes=\"(max-width: 300px) 100vw, 300px\" \/><p id=\"caption-attachment-31095\" class=\"wp-caption-text\">M\u00e1kos guba torta 2<\/p><\/div><\/li>\n<\/ol>\n<h4>Elk\u00e9sz\u00edt\u00e9si id\u0151:<\/h4>\n<p>(h\u0171t\u0151ben val\u00f3 t\u00e1rol\u00e1s n\u00e9lk\u00fcl)<\/p>\n<ul>\n<li>Torta alap elk\u00e9sz\u00edt\u00e9se: 30 perc<\/li>\n<li>Torta alap s\u00fct\u00e9se, kih\u0171l\u00e9se: 40 perc<\/li>\n<li>Van\u00edli\u00e1s kr\u00e9m elk\u00e9sz\u00edt\u00e9se \u00e9s felrak\u00e1sa: elk\u00e9sz\u00fcl az alap s\u00fct\u00e9se, h\u0171l\u00e9se k\u00f6zben<\/li>\n<li>Tejsz\u00ednhab elk\u00e9sz\u00edt\u00e9se, felrak\u00e1sa, d\u00edsz\u00edt\u00e9se: 10 perc<\/li>\n<\/ul>\n<h4>\u00d6sszesen: 80 perc<\/h4>\n<h2>T\u00e1lal\u00e1s<\/h2>\n<p>B\u00e1rmilyen, egyszer\u0171bb, vagy d\u00edszesebb tortat\u00e1lon. V\u00e1gd fel szeletekre \u00e9s \u00e1ll\u00edtva vagy tektetve tedd a t\u00e1ny\u00e9rokra.<img loading=\"lazy\" decoding=\"async\" class=\"aligncenter size-medium wp-image-31106\" src=\"https:\/\/www.haztartas-ma.hu\/wp-content\/uploads\/2020\/12\/makos-guba-torta-szelet-1-2-300x225.jpg\" alt=\"M\u00e1kos guba tortaszelet 1\" width=\"300\" height=\"225\" srcset=\"https:\/\/www.haztartas-ma.hu\/wp-content\/uploads\/2020\/12\/makos-guba-torta-szelet-1-2-300x225.jpg 300w, https:\/\/www.haztartas-ma.hu\/wp-content\/uploads\/2020\/12\/makos-guba-torta-szelet-1-2-768x576.jpg 768w, https:\/\/www.haztartas-ma.hu\/wp-content\/uploads\/2020\/12\/makos-guba-torta-szelet-1-2.jpg 1024w\" sizes=\"(max-width: 300px) 100vw, 300px\" \/><\/p>\n<p>&nbsp;<\/p>\n<p>A tort\u00e1t \u00e9s a felv\u00e9teleket k\u00e9sz\u00edtette: Pap Zsuzsa<\/p>\n<p>&nbsp;<\/p>\n","protected":false},"excerpt":{"rendered":"<p>M\u00e1kos guba torta: a m\u00e1kos guba \u00fcnnep\u00e9lyes form\u00e1ja. Itt egy bombabiztos, r\u00e9szletes k\u00e9pes receptet tal\u00e1lsz.<\/p>\n","protected":false},"author":171,"featured_media":31096,"comment_status":"open","ping_status":"closed","sticky":false,"template":"","format":"standard","meta":{"_et_pb_use_builder":"","_et_pb_old_content":"","_et_gb_content_width":"","_jetpack_memberships_contains_paid_content":false,"footnotes":"","_wp_rev_ctl_limit":""},"categories":[472,498],"tags":[537,599,612,621],"class_list":["post-31089","post","type-post","status-publish","format-standard","has-post-thumbnail","hentry","category-receptek","category-tortak","tag-karacsonyi-receptek","tag-karacsonyi-sutemenyek","tag-makos-receptek","tag-torta-receptek","et-has-post-format-content","et_post_format-et-post-format-standard"],"yoast_head":"<!-- This site is optimized with the Yoast SEO plugin v27.1.1 - https:\/\/yoast.com\/product\/yoast-seo-wordpress\/ -->\n<title>M\u00e1kos guba torta - \u00fcnnepi alkalmakra - H\u00e1ztart\u00e1s Ma<\/title>\n<meta name=\"description\" content=\"M\u00e1kos guba torta: m\u00e1kos guba alappal, egyszer\u0171 \u00e9s finom van\u00edliakr\u00e9mmel, m\u00e1kkal megsz\u00f3rt tejsz\u00ednhabbal d\u00edsz\u00edtve - bombabiztos recept.\" \/>\n<meta name=\"robots\" content=\"index, follow, max-snippet:-1, max-image-preview:large, max-video-preview:-1\" \/>\n<link rel=\"canonical\" href=\"https:\/\/www.haztartas-ma.hu\/index.php\/receptek\/makos-guba-torta\/\" \/>\n<meta property=\"og:locale\" content=\"hu_HU\" \/>\n<meta property=\"og:type\" content=\"article\" \/>\n<meta property=\"og:title\" content=\"M\u00e1kos guba torta - \u00fcnnepi alkalmakra - H\u00e1ztart\u00e1s Ma\" \/>\n<meta property=\"og:description\" content=\"M\u00e1kos guba torta: m\u00e1kos guba alappal, egyszer\u0171 \u00e9s finom van\u00edliakr\u00e9mmel, m\u00e1kkal megsz\u00f3rt tejsz\u00ednhabbal d\u00edsz\u00edtve - bombabiztos recept.\" \/>\n<meta property=\"og:url\" content=\"https:\/\/www.haztartas-ma.hu\/index.php\/receptek\/makos-guba-torta\/\" \/>\n<meta property=\"og:site_name\" content=\"H\u00e1ztart\u00e1s Ma\" \/>\n<meta property=\"article:published_time\" content=\"2020-12-25T17:12:02+00:00\" \/>\n<meta property=\"article:modified_time\" content=\"2022-03-22T06:00:12+00:00\" \/>\n<meta property=\"og:image\" content=\"https:\/\/www.haztartas-ma.hu\/wp-content\/uploads\/2020\/12\/makos-guba-torta-szelet-2.jpg\" \/>\n\t<meta property=\"og:image:width\" content=\"1024\" \/>\n\t<meta property=\"og:image:height\" content=\"768\" \/>\n\t<meta property=\"og:image:type\" content=\"image\/jpeg\" \/>\n<meta name=\"author\" content=\"Pap Zsuzsa\" \/>\n<meta name=\"twitter:label1\" content=\"Szerz\u0151:\" \/>\n\t<meta name=\"twitter:data1\" content=\"Pap Zsuzsa\" \/>\n\t<meta name=\"twitter:label2\" content=\"Becs\u00fclt olvas\u00e1si id\u0151\" \/>\n\t<meta name=\"twitter:data2\" content=\"8 perc\" \/>\n<script type=\"application\/ld+json\" class=\"yoast-schema-graph\">{\"@context\":\"https:\/\/schema.org\",\"@graph\":[{\"@type\":\"Article\",\"@id\":\"https:\/\/www.haztartas-ma.hu\/index.php\/receptek\/makos-guba-torta\/#article\",\"isPartOf\":{\"@id\":\"https:\/\/www.haztartas-ma.hu\/index.php\/receptek\/makos-guba-torta\/\"},\"author\":{\"name\":\"Pap Zsuzsa\",\"@id\":\"https:\/\/www.haztartas-ma.hu\/#\/schema\/person\/227e4a4f0d4777cbee1121e91494197e\"},\"headline\":\"M\u00e1kos guba torta\",\"datePublished\":\"2020-12-25T17:12:02+00:00\",\"dateModified\":\"2022-03-22T06:00:12+00:00\",\"mainEntityOfPage\":{\"@id\":\"https:\/\/www.haztartas-ma.hu\/index.php\/receptek\/makos-guba-torta\/\"},\"wordCount\":1250,\"commentCount\":2,\"image\":{\"@id\":\"https:\/\/www.haztartas-ma.hu\/index.php\/receptek\/makos-guba-torta\/#primaryimage\"},\"thumbnailUrl\":\"https:\/\/www.haztartas-ma.hu\/wp-content\/uploads\/2020\/12\/makos-guba-torta-szelet-2.jpg\",\"keywords\":[\"Kar\u00e1csonyi receptek\",\"Kar\u00e1csonyi s\u00fctem\u00e9nyek\",\"M\u00e1kos receptek\",\"Torta receptek\"],\"articleSection\":[\"Receptek\",\"Tort\u00e1k\"],\"inLanguage\":\"hu\",\"potentialAction\":[{\"@type\":\"CommentAction\",\"name\":\"Comment\",\"target\":[\"https:\/\/www.haztartas-ma.hu\/index.php\/receptek\/makos-guba-torta\/#respond\"]}]},{\"@type\":\"WebPage\",\"@id\":\"https:\/\/www.haztartas-ma.hu\/index.php\/receptek\/makos-guba-torta\/\",\"url\":\"https:\/\/www.haztartas-ma.hu\/index.php\/receptek\/makos-guba-torta\/\",\"name\":\"M\u00e1kos guba torta - \u00fcnnepi alkalmakra - H\u00e1ztart\u00e1s Ma\",\"isPartOf\":{\"@id\":\"https:\/\/www.haztartas-ma.hu\/#website\"},\"primaryImageOfPage\":{\"@id\":\"https:\/\/www.haztartas-ma.hu\/index.php\/receptek\/makos-guba-torta\/#primaryimage\"},\"image\":{\"@id\":\"https:\/\/www.haztartas-ma.hu\/index.php\/receptek\/makos-guba-torta\/#primaryimage\"},\"thumbnailUrl\":\"https:\/\/www.haztartas-ma.hu\/wp-content\/uploads\/2020\/12\/makos-guba-torta-szelet-2.jpg\",\"datePublished\":\"2020-12-25T17:12:02+00:00\",\"dateModified\":\"2022-03-22T06:00:12+00:00\",\"author\":{\"@id\":\"https:\/\/www.haztartas-ma.hu\/#\/schema\/person\/227e4a4f0d4777cbee1121e91494197e\"},\"description\":\"M\u00e1kos guba torta: m\u00e1kos guba alappal, egyszer\u0171 \u00e9s finom van\u00edliakr\u00e9mmel, m\u00e1kkal megsz\u00f3rt tejsz\u00ednhabbal d\u00edsz\u00edtve - bombabiztos recept.\",\"breadcrumb\":{\"@id\":\"https:\/\/www.haztartas-ma.hu\/index.php\/receptek\/makos-guba-torta\/#breadcrumb\"},\"inLanguage\":\"hu\",\"potentialAction\":[{\"@type\":\"ReadAction\",\"target\":[\"https:\/\/www.haztartas-ma.hu\/index.php\/receptek\/makos-guba-torta\/\"]}]},{\"@type\":\"ImageObject\",\"inLanguage\":\"hu\",\"@id\":\"https:\/\/www.haztartas-ma.hu\/index.php\/receptek\/makos-guba-torta\/#primaryimage\",\"url\":\"https:\/\/www.haztartas-ma.hu\/wp-content\/uploads\/2020\/12\/makos-guba-torta-szelet-2.jpg\",\"contentUrl\":\"https:\/\/www.haztartas-ma.hu\/wp-content\/uploads\/2020\/12\/makos-guba-torta-szelet-2.jpg\",\"width\":1024,\"height\":768,\"caption\":\"M\u00e1kos guba tortaszelet 2\"},{\"@type\":\"BreadcrumbList\",\"@id\":\"https:\/\/www.haztartas-ma.hu\/index.php\/receptek\/makos-guba-torta\/#breadcrumb\",\"itemListElement\":[{\"@type\":\"ListItem\",\"position\":1,\"name\":\"Home\",\"item\":\"https:\/\/www.haztartas-ma.hu\/\"},{\"@type\":\"ListItem\",\"position\":2,\"name\":\"M\u00e1kos guba torta\"}]},{\"@type\":\"WebSite\",\"@id\":\"https:\/\/www.haztartas-ma.hu\/#website\",\"url\":\"https:\/\/www.haztartas-ma.hu\/\",\"name\":\"H\u00e1ztart\u00e1s Ma\",\"description\":\"Egyszer\u0171 \u00e9telek, receptek, bef\u0151z\u00e9s, h\u00e1zi praktik\u00e1k\",\"potentialAction\":[{\"@type\":\"SearchAction\",\"target\":{\"@type\":\"EntryPoint\",\"urlTemplate\":\"https:\/\/www.haztartas-ma.hu\/?s={search_term_string}\"},\"query-input\":{\"@type\":\"PropertyValueSpecification\",\"valueRequired\":true,\"valueName\":\"search_term_string\"}}],\"inLanguage\":\"hu\"},{\"@type\":\"Person\",\"@id\":\"https:\/\/www.haztartas-ma.hu\/#\/schema\/person\/227e4a4f0d4777cbee1121e91494197e\",\"name\":\"Pap Zsuzsa\",\"image\":{\"@type\":\"ImageObject\",\"inLanguage\":\"hu\",\"@id\":\"https:\/\/www.haztartas-ma.hu\/#\/schema\/person\/image\/\",\"url\":\"https:\/\/secure.gravatar.com\/avatar\/2440b2ff40989c08a87baf0381e1a9dbe3ee77d34b712c593d29515b08cf2cbd?s=96&d=mm&r=g\",\"contentUrl\":\"https:\/\/secure.gravatar.com\/avatar\/2440b2ff40989c08a87baf0381e1a9dbe3ee77d34b712c593d29515b08cf2cbd?s=96&d=mm&r=g\",\"caption\":\"Pap Zsuzsa\"}}]}<\/script>\n<!-- \/ Yoast SEO plugin. -->","yoast_head_json":{"title":"M\u00e1kos guba torta - \u00fcnnepi alkalmakra - H\u00e1ztart\u00e1s Ma","description":"M\u00e1kos guba torta: m\u00e1kos guba alappal, egyszer\u0171 \u00e9s finom van\u00edliakr\u00e9mmel, m\u00e1kkal megsz\u00f3rt tejsz\u00ednhabbal d\u00edsz\u00edtve - bombabiztos recept.","robots":{"index":"index","follow":"follow","max-snippet":"max-snippet:-1","max-image-preview":"max-image-preview:large","max-video-preview":"max-video-preview:-1"},"canonical":"https:\/\/www.haztartas-ma.hu\/index.php\/receptek\/makos-guba-torta\/","og_locale":"hu_HU","og_type":"article","og_title":"M\u00e1kos guba torta - \u00fcnnepi alkalmakra - H\u00e1ztart\u00e1s Ma","og_description":"M\u00e1kos guba torta: m\u00e1kos guba alappal, egyszer\u0171 \u00e9s finom van\u00edliakr\u00e9mmel, m\u00e1kkal megsz\u00f3rt tejsz\u00ednhabbal d\u00edsz\u00edtve - bombabiztos recept.","og_url":"https:\/\/www.haztartas-ma.hu\/index.php\/receptek\/makos-guba-torta\/","og_site_name":"H\u00e1ztart\u00e1s Ma","article_published_time":"2020-12-25T17:12:02+00:00","article_modified_time":"2022-03-22T06:00:12+00:00","og_image":[{"width":1024,"height":768,"url":"https:\/\/www.haztartas-ma.hu\/wp-content\/uploads\/2020\/12\/makos-guba-torta-szelet-2.jpg","type":"image\/jpeg"}],"author":"Pap Zsuzsa","twitter_misc":{"Szerz\u0151:":"Pap Zsuzsa","Becs\u00fclt olvas\u00e1si id\u0151":"8 perc"},"schema":{"@context":"https:\/\/schema.org","@graph":[{"@type":"Article","@id":"https:\/\/www.haztartas-ma.hu\/index.php\/receptek\/makos-guba-torta\/#article","isPartOf":{"@id":"https:\/\/www.haztartas-ma.hu\/index.php\/receptek\/makos-guba-torta\/"},"author":{"name":"Pap Zsuzsa","@id":"https:\/\/www.haztartas-ma.hu\/#\/schema\/person\/227e4a4f0d4777cbee1121e91494197e"},"headline":"M\u00e1kos guba torta","datePublished":"2020-12-25T17:12:02+00:00","dateModified":"2022-03-22T06:00:12+00:00","mainEntityOfPage":{"@id":"https:\/\/www.haztartas-ma.hu\/index.php\/receptek\/makos-guba-torta\/"},"wordCount":1250,"commentCount":2,"image":{"@id":"https:\/\/www.haztartas-ma.hu\/index.php\/receptek\/makos-guba-torta\/#primaryimage"},"thumbnailUrl":"https:\/\/www.haztartas-ma.hu\/wp-content\/uploads\/2020\/12\/makos-guba-torta-szelet-2.jpg","keywords":["Kar\u00e1csonyi receptek","Kar\u00e1csonyi s\u00fctem\u00e9nyek","M\u00e1kos receptek","Torta receptek"],"articleSection":["Receptek","Tort\u00e1k"],"inLanguage":"hu","potentialAction":[{"@type":"CommentAction","name":"Comment","target":["https:\/\/www.haztartas-ma.hu\/index.php\/receptek\/makos-guba-torta\/#respond"]}]},{"@type":"WebPage","@id":"https:\/\/www.haztartas-ma.hu\/index.php\/receptek\/makos-guba-torta\/","url":"https:\/\/www.haztartas-ma.hu\/index.php\/receptek\/makos-guba-torta\/","name":"M\u00e1kos guba torta - \u00fcnnepi alkalmakra - H\u00e1ztart\u00e1s Ma","isPartOf":{"@id":"https:\/\/www.haztartas-ma.hu\/#website"},"primaryImageOfPage":{"@id":"https:\/\/www.haztartas-ma.hu\/index.php\/receptek\/makos-guba-torta\/#primaryimage"},"image":{"@id":"https:\/\/www.haztartas-ma.hu\/index.php\/receptek\/makos-guba-torta\/#primaryimage"},"thumbnailUrl":"https:\/\/www.haztartas-ma.hu\/wp-content\/uploads\/2020\/12\/makos-guba-torta-szelet-2.jpg","datePublished":"2020-12-25T17:12:02+00:00","dateModified":"2022-03-22T06:00:12+00:00","author":{"@id":"https:\/\/www.haztartas-ma.hu\/#\/schema\/person\/227e4a4f0d4777cbee1121e91494197e"},"description":"M\u00e1kos guba torta: m\u00e1kos guba alappal, egyszer\u0171 \u00e9s finom van\u00edliakr\u00e9mmel, m\u00e1kkal megsz\u00f3rt tejsz\u00ednhabbal d\u00edsz\u00edtve - bombabiztos recept.","breadcrumb":{"@id":"https:\/\/www.haztartas-ma.hu\/index.php\/receptek\/makos-guba-torta\/#breadcrumb"},"inLanguage":"hu","potentialAction":[{"@type":"ReadAction","target":["https:\/\/www.haztartas-ma.hu\/index.php\/receptek\/makos-guba-torta\/"]}]},{"@type":"ImageObject","inLanguage":"hu","@id":"https:\/\/www.haztartas-ma.hu\/index.php\/receptek\/makos-guba-torta\/#primaryimage","url":"https:\/\/www.haztartas-ma.hu\/wp-content\/uploads\/2020\/12\/makos-guba-torta-szelet-2.jpg","contentUrl":"https:\/\/www.haztartas-ma.hu\/wp-content\/uploads\/2020\/12\/makos-guba-torta-szelet-2.jpg","width":1024,"height":768,"caption":"M\u00e1kos guba tortaszelet 2"},{"@type":"BreadcrumbList","@id":"https:\/\/www.haztartas-ma.hu\/index.php\/receptek\/makos-guba-torta\/#breadcrumb","itemListElement":[{"@type":"ListItem","position":1,"name":"Home","item":"https:\/\/www.haztartas-ma.hu\/"},{"@type":"ListItem","position":2,"name":"M\u00e1kos guba torta"}]},{"@type":"WebSite","@id":"https:\/\/www.haztartas-ma.hu\/#website","url":"https:\/\/www.haztartas-ma.hu\/","name":"H\u00e1ztart\u00e1s Ma","description":"Egyszer\u0171 \u00e9telek, receptek, bef\u0151z\u00e9s, h\u00e1zi praktik\u00e1k","potentialAction":[{"@type":"SearchAction","target":{"@type":"EntryPoint","urlTemplate":"https:\/\/www.haztartas-ma.hu\/?s={search_term_string}"},"query-input":{"@type":"PropertyValueSpecification","valueRequired":true,"valueName":"search_term_string"}}],"inLanguage":"hu"},{"@type":"Person","@id":"https:\/\/www.haztartas-ma.hu\/#\/schema\/person\/227e4a4f0d4777cbee1121e91494197e","name":"Pap Zsuzsa","image":{"@type":"ImageObject","inLanguage":"hu","@id":"https:\/\/www.haztartas-ma.hu\/#\/schema\/person\/image\/","url":"https:\/\/secure.gravatar.com\/avatar\/2440b2ff40989c08a87baf0381e1a9dbe3ee77d34b712c593d29515b08cf2cbd?s=96&d=mm&r=g","contentUrl":"https:\/\/secure.gravatar.com\/avatar\/2440b2ff40989c08a87baf0381e1a9dbe3ee77d34b712c593d29515b08cf2cbd?s=96&d=mm&r=g","caption":"Pap Zsuzsa"}}]}},"jetpack_featured_media_url":"https:\/\/www.haztartas-ma.hu\/wp-content\/uploads\/2020\/12\/makos-guba-torta-szelet-2.jpg","jetpack_sharing_enabled":true,"_links":{"self":[{"href":"https:\/\/www.haztartas-ma.hu\/index.php\/wp-json\/wp\/v2\/posts\/31089","targetHints":{"allow":["GET"]}}],"collection":[{"href":"https:\/\/www.haztartas-ma.hu\/index.php\/wp-json\/wp\/v2\/posts"}],"about":[{"href":"https:\/\/www.haztartas-ma.hu\/index.php\/wp-json\/wp\/v2\/types\/post"}],"author":[{"embeddable":true,"href":"https:\/\/www.haztartas-ma.hu\/index.php\/wp-json\/wp\/v2\/users\/171"}],"replies":[{"embeddable":true,"href":"https:\/\/www.haztartas-ma.hu\/index.php\/wp-json\/wp\/v2\/comments?post=31089"}],"version-history":[{"count":3,"href":"https:\/\/www.haztartas-ma.hu\/index.php\/wp-json\/wp\/v2\/posts\/31089\/revisions"}],"predecessor-version":[{"id":33941,"href":"https:\/\/www.haztartas-ma.hu\/index.php\/wp-json\/wp\/v2\/posts\/31089\/revisions\/33941"}],"wp:featuredmedia":[{"embeddable":true,"href":"https:\/\/www.haztartas-ma.hu\/index.php\/wp-json\/wp\/v2\/media\/31096"}],"wp:attachment":[{"href":"https:\/\/www.haztartas-ma.hu\/index.php\/wp-json\/wp\/v2\/media?parent=31089"}],"wp:term":[{"taxonomy":"category","embeddable":true,"href":"https:\/\/www.haztartas-ma.hu\/index.php\/wp-json\/wp\/v2\/categories?post=31089"},{"taxonomy":"post_tag","embeddable":true,"href":"https:\/\/www.haztartas-ma.hu\/index.php\/wp-json\/wp\/v2\/tags?post=31089"}],"curies":[{"name":"wp","href":"https:\/\/api.w.org\/{rel}","templated":true}]}}