{"id":2723,"date":"2011-01-05T20:26:13","date_gmt":"2011-01-05T19:26:13","guid":{"rendered":"http:\/\/www.haztartas-ma.hu\/?p=2723"},"modified":"2020-09-22T06:23:54","modified_gmt":"2020-09-22T04:23:54","slug":"vizkereszt","status":"publish","type":"post","link":"https:\/\/www.haztartas-ma.hu\/index.php\/unnepek\/karacsony\/vizkereszt\/","title":{"rendered":"V\u00edzkereszt"},"content":{"rendered":"<p style=\"text-align: justify;\">V\u00edzkereszt napja: janu\u00e1r\u00a0 hatodika, h\u00e1romkir\u00e1lyok napj\u00e1nak is szokt\u00e1k nevezni. Ehhez a naphoz h\u00e1rom fontos esem\u00e9ny k\u00f6t\u0151dik, amelyek J\u00e9zus \u00e9let\u00e9nek fontos \u00e1llom\u00e1sai.<\/p>\n<p><!--more--><\/p>\n<p><img loading=\"lazy\" decoding=\"async\" class=\"aligncenter size-medium wp-image-18074\" src=\"https:\/\/www.haztartas-ma.hu\/wp-content\/uploads\/2011\/01\/h\u00e1romkir\u00e1lyok-300x225.jpg\" alt=\"H\u00e1romkir\u00e1lyok\" width=\"300\" height=\"225\" srcset=\"https:\/\/www.haztartas-ma.hu\/wp-content\/uploads\/2011\/01\/h\u00e1romkir\u00e1lyok-300x225.jpg 300w, https:\/\/www.haztartas-ma.hu\/wp-content\/uploads\/2011\/01\/h\u00e1romkir\u00e1lyok.jpg 640w\" sizes=\"(max-width: 300px) 100vw, 300px\" \/><\/p>\n<h2>V\u00edzkereszt napj\u00e1hoz k\u00f6t\u0151d\u0151 esem\u00e9nyek<\/h2>\n<p>H\u00e1rom esem\u00e9ny k\u00f6t\u0151dik ehhez a naphoz a kereszt\u00e9ny\u00a0 vall\u00e1sban, amelyek J\u00e9zus \u00e9let\u00e9nek fontos \u00e1llom\u00e1sai.<\/p>\n<h3>A h\u00e1romkir\u00e1lyok t\u00f6rt\u00e9nete<\/h3>\n<p style=\"text-align: justify;\"><span style=\"font-family: verdana,geneva;\"><span style=\"font-size: small;\">A h\u00e1romkir\u00e1lyok, vagy m\u00e1s n\u00e9ven napkeleti b\u00f6lcsek: magyar nev\u00fck\u00f6n <span style=\"color: #000000;\">G\u00e1sp\u00e1r, Menyh\u00e1rt<\/span> \u00e9s <span style=\"color: #000000;\">Boldizs\u00e1r\u00a0 (az akkor ismert vil\u00e1g: Eur\u00f3pa, \u00c1zsia \u00e9s Afrika jelk\u00e9pei) egy <\/span>f\u00e9nyes csillagot \u00e9s egy sugallatot k\u00f6vetve \u00e9rkeztek Betlehembe. El\u0151sz\u00f6r Her\u00f3des &#8211; az ottani uralkod\u00f3 palot\u00e1j\u00e1ban kerest\u00e9k a gyermeket, akit a sugallat a zsid\u00f3k kir\u00e1ly\u00e1nak nevezett. Her\u00f3des k\u00e9rte \u0151ket, hogy jelents\u00e9k neki, ha megtal\u00e1lt\u00e1k, mert szeretne aj\u00e1nd\u00e9kot vinni neki, de val\u00f3j\u00e1ban meg akarta \u00f6letni, mivel a h\u00e1romkir\u00e1lyok a zsid\u00f3k kir\u00e1ly\u00e1nak nevezt\u00e9k \u0151t. <\/span><\/span><\/p>\n<p style=\"text-align: justify;\"><span style=\"font-family: verdana,geneva;\"><span style=\"font-size: small;\">A kir\u00e1lyok a csillagot tov\u00e1bb k\u00f6vetve megtal\u00e1lt\u00e1k a gyermek J\u00e9zust anyj\u00e1val, M\u00e1ri\u00e1val \u00e9s annak f\u00e9rj\u00e9vel, J\u00f3zseffel.\u00a0<\/span><\/span><\/p>\n<p style=\"text-align: justify;\"><span style=\"font-family: verdana,geneva;\"><span style=\"font-size: small;\">Leborultak el\u0151tte \u00e9s \u00e1tadt\u00e1k aj\u00e1nd\u00e9kaikat: aranyat, t\u00f6mj\u00e9nt \u00e9s mirh\u00e1t. \u00c9jszaka \u00e1lmukban figyelmeztet\u00e9st kaptak egy angyalt\u00f3l a vesz\u00e9lyr\u0151l, amely a gyermeket fenyegette, ez\u00e9rt nem mentek vissza Her\u00f3deshez, hanem m\u00e1s \u00faton t\u00e9rtek vissza haz\u00e1jukba.\u00a0<\/span><\/span><\/p>\n<p style=\"text-align: justify;\"><img loading=\"lazy\" decoding=\"async\" class=\"aligncenter size-full wp-image-2721\" src=\"https:\/\/www.haztartas-ma.hu\/wp-content\/uploads\/2011\/01\/H\u00e1romkir\u00e1lyo-Udvardi-Erzs\u00e9bet-e1406805635243.jpg\" alt=\"H\u00e1romkir\u00e1lyok\" width=\"193\" height=\"186\" \/><\/p>\n<h3>J\u00e9zus megkeresztel\u00e9se<\/h3>\n<p><span style=\"font-family: verdana,geneva;\"><span style=\"font-size: small;\">Ugyanezen a napon keresztelte meg J\u00e9zust Keresztel\u0151 Szent J\u00e1nos a Jord\u00e1n foly\u00f3 viz\u00e9ben: innen sz\u00e1rmazik a v\u00edzkereszt elnevez\u00e9s.\u00a0<\/span><\/span><\/p>\n<h3>J\u00e9zus els\u0151 csodat\u00e9tele<\/h3>\n<p style=\"text-align: justify;\"><span style=\"font-family: verdana,geneva;\"><span style=\"font-size: small;\">Ugyancsak ezen a napon J\u00e9zus els\u0151 csodat\u00e9tel\u00e9nek helye a k\u00e1nai mennyegz\u0151 volt, ahol J\u00e9zus is jelen volt anyj\u00e1val, M\u00e1ri\u00e1val egy\u00fctt. Egy id\u0151 ut\u00e1n elfogyott a bor. M\u00e1ria \u00e9szrevette ezt, \u00e9s k\u00f6z\u00f6lte J\u00e9zussal, aki &#8211; hogy a n\u00e1szn\u00e9p bor n\u00e9lk\u00fcl ne maradjon &#8211; vizet v\u00e1ltoztatott borr\u00e1. A r\u00e9sztvev\u0151k pedig csod\u00e1lkoztak \u00e9s megjegyezt\u00e9k a h\u00e1zigazd\u00e1nak, hogy a szok\u00e1sokkal ellent\u00e9tben \u0151 a jobb bort a tartogatta a vigass\u00e1g v\u00e9g\u00e9re.\u00a0\u00a0<\/span><\/span><\/p>\n<h2>V\u00edzkereszt napj\u00e1hoz n\u00e9h\u00e1ny kieg\u00e9sz\u00edt\u00e9s<\/h2>\n<ul>\n<li>A t\u00f6rt\u00e9net t\u00f6bb k\u00f6lt\u0151nket is megihletett. A k\u00f6ltem\u00e9nyek k\u00f6z\u00fcl tal\u00e1n legismertebb: &gt;<a href=\"https:\/\/magyar-irodalom.elte.hu\/sulinet\/igyjo\/setup\/portrek\/jozsefa\/betlehem.htm\">J\u00f3zsef Attila: Betlehemi kir\u00e1lyok\u00a0<\/a>c\u00edm\u0171 verse, amelyet 1929 december\u00e9ben, 24 \u00e9vesen \u00edrt.<\/li>\n<li>Ezen a napon &#8211; mivel most \u00e9rnek v\u00e9get a kar\u00e1csonyi \u00fcnnepek &#8211; szok\u00e1s leszedni a kar\u00e1csonyf\u00e1t. Ha \u00e9l\u0151 feny\u0151d van, nem mindegy, hogy hova ker\u00fcl. Ha\u00a0gy\u00f6keres, esetleg vissza lehet \u00fcltetni, b\u00e1r nem biztos, hogy megmarad. Ha nem gy\u00f6keres, komposzt\u00e1lva talajjav\u00edt\u00f3k\u00e9nt\u00a0juttathat\u00f3 vissza \u00a0a term\u00e9szetbe.<\/li>\n<li>J\u00f3 tudni m\u00e9g, hogy v\u00edzkereszt napj\u00e1n kezd\u0151dik a <a href=\"https:\/\/www.haztartas-ma.hu\/index.php\/unnepek-fesztivalok\/mas-unnepek\/farsang-es-maszkok\/\">farsang,<\/a> a nagy t\u00e9li mulats\u00e1gok ideje.<\/li>\n<li>A t\u00f6mj\u00e9n\u00a0\u00a0\u00e9s a mirha gyanta szer\u0171 anyagok, valamikor \u00e9rt\u00e9k\u00fck az arany\u00e9val volt egyenl\u0151. Az egyh\u00e1zi szertart\u00e1sok alkalm\u00e1val ma is haszn\u00e1lj\u00e1k illatanyagk\u00e9nt, f\u00fcst\u00f6l\u0151kben \u00e9getve.<\/li>\n<li>Shakespeare egyik h\u00edres sz\u00ednm\u0171ve: a &#8211; <a href=\"https:\/\/mek.oszk.hu\/04500\/04552\/html\/magyar.htm\">V\u00edzkereszt, vagy amit akartok<\/a> &#8211; ezen a napon ker\u00fclt el\u0151sz\u00f6r sz\u00ednpadra, \u00e9s erre a napra &#8211; a farsang kezdet\u00e9re utal m\u00e9g a m\u0171ben Viola \u00e1lruh\u00e1ba \u00f6lt\u00f6z\u00e9se (forr\u00e1s: https:\/\/mek.oszk.hu\/04500\/04552\/html\/magyar.htm)<\/li>\n<\/ul>\n<p>&nbsp;<\/p>\n<p style=\"text-align: justify;\">Illusztr\u00e1ci\u00f3:\u00a0 Udvardi Erzs\u00e9bet: H\u00e1romkir\u00e1lyok\u00a0(r\u00e9szlet)<\/p>\n<p>&nbsp;<\/p>\n","protected":false},"excerpt":{"rendered":"<p>A legenda szerint janu\u00e1r 6-\u00e1n, V\u00edzkereszt napj\u00e1n kerest\u00e9k fel a napkeleti b\u00f6lcsek, vagy m\u00e1sk\u00e9p a h\u00e1rom kir\u00e1lyok a gyermek J\u00e9zust. Aj\u00e1nd\u00e9kot vittek neki: aranyat, t\u00f6mj\u00e9nt \u00e9s mirh\u00e1t. <\/p>\n","protected":false},"author":171,"featured_media":2721,"comment_status":"open","ping_status":"open","sticky":false,"template":"","format":"standard","meta":{"_et_pb_use_builder":"","_et_pb_old_content":"","_et_gb_content_width":"","_jetpack_memberships_contains_paid_content":false,"footnotes":"","_wp_rev_ctl_limit":""},"categories":[512],"tags":[],"class_list":["post-2723","post","type-post","status-publish","format-standard","has-post-thumbnail","hentry","category-karacsony","et-has-post-format-content","et_post_format-et-post-format-standard"],"yoast_head":"<!-- This site is optimized with the Yoast SEO plugin v27.1.1 - https:\/\/yoast.com\/product\/yoast-seo-wordpress\/ -->\n<title>V\u00edzkereszt - a naphoz k\u00f6t\u0151d\u0151 esem\u00e9nyek, t\u00f6rt\u00e9netek - H\u00e1ztart\u00e1s Ma<\/title>\n<meta name=\"description\" content=\"V\u00edzkereszt: a kereszt\u00e9ny kult\u00fark\u00f6rben a naphoz J\u00e9zus \u00e9let\u00e9nek h\u00e1rom fontos esem\u00e9nye k\u00f6t\u0151dik, \u00e9s k\u00fcl\u00f6nf\u00e9le szok\u00e1sok kapcsol\u00f3dnak hozz\u00e1.\" \/>\n<meta name=\"robots\" content=\"index, follow, max-snippet:-1, max-image-preview:large, max-video-preview:-1\" \/>\n<link rel=\"canonical\" href=\"https:\/\/www.haztartas-ma.hu\/index.php\/unnepek\/karacsony\/vizkereszt\/\" \/>\n<meta property=\"og:locale\" content=\"hu_HU\" \/>\n<meta property=\"og:type\" content=\"article\" \/>\n<meta property=\"og:title\" content=\"V\u00edzkereszt - a naphoz k\u00f6t\u0151d\u0151 esem\u00e9nyek, t\u00f6rt\u00e9netek - H\u00e1ztart\u00e1s Ma\" \/>\n<meta property=\"og:description\" content=\"V\u00edzkereszt: a kereszt\u00e9ny kult\u00fark\u00f6rben a naphoz J\u00e9zus \u00e9let\u00e9nek h\u00e1rom fontos esem\u00e9nye k\u00f6t\u0151dik, \u00e9s k\u00fcl\u00f6nf\u00e9le szok\u00e1sok kapcsol\u00f3dnak hozz\u00e1.\" \/>\n<meta property=\"og:url\" content=\"https:\/\/www.haztartas-ma.hu\/index.php\/unnepek\/karacsony\/vizkereszt\/\" \/>\n<meta property=\"og:site_name\" content=\"H\u00e1ztart\u00e1s Ma\" \/>\n<meta property=\"article:published_time\" content=\"2011-01-05T19:26:13+00:00\" \/>\n<meta property=\"article:modified_time\" content=\"2020-09-22T04:23:54+00:00\" \/>\n<meta property=\"og:image\" content=\"https:\/\/i0.wp.com\/www.haztartas-ma.hu\/wp-content\/uploads\/2011\/01\/H\u00e1romkir\u00e1lyo-Udvardi-Erzs\u00e9bet-e1406805635243.jpg?fit=193%2C186&ssl=1\" \/>\n\t<meta property=\"og:image:width\" content=\"193\" \/>\n\t<meta property=\"og:image:height\" content=\"186\" \/>\n\t<meta property=\"og:image:type\" content=\"image\/jpeg\" \/>\n<meta name=\"author\" content=\"Pap Zsuzsa\" \/>\n<meta name=\"twitter:label1\" content=\"Szerz\u0151:\" \/>\n\t<meta name=\"twitter:data1\" content=\"Pap Zsuzsa\" \/>\n\t<meta name=\"twitter:label2\" content=\"Becs\u00fclt olvas\u00e1si id\u0151\" \/>\n\t<meta name=\"twitter:data2\" content=\"3 perc\" \/>\n<script type=\"application\/ld+json\" class=\"yoast-schema-graph\">{\"@context\":\"https:\/\/schema.org\",\"@graph\":[{\"@type\":\"Article\",\"@id\":\"https:\/\/www.haztartas-ma.hu\/index.php\/unnepek\/karacsony\/vizkereszt\/#article\",\"isPartOf\":{\"@id\":\"https:\/\/www.haztartas-ma.hu\/index.php\/unnepek\/karacsony\/vizkereszt\/\"},\"author\":{\"name\":\"Pap Zsuzsa\",\"@id\":\"https:\/\/www.haztartas-ma.hu\/#\/schema\/person\/227e4a4f0d4777cbee1121e91494197e\"},\"headline\":\"V\u00edzkereszt\",\"datePublished\":\"2011-01-05T19:26:13+00:00\",\"dateModified\":\"2020-09-22T04:23:54+00:00\",\"mainEntityOfPage\":{\"@id\":\"https:\/\/www.haztartas-ma.hu\/index.php\/unnepek\/karacsony\/vizkereszt\/\"},\"wordCount\":626,\"commentCount\":4,\"image\":{\"@id\":\"https:\/\/www.haztartas-ma.hu\/index.php\/unnepek\/karacsony\/vizkereszt\/#primaryimage\"},\"thumbnailUrl\":\"https:\/\/www.haztartas-ma.hu\/wp-content\/uploads\/2011\/01\/H\u00e1romkir\u00e1lyo-Udvardi-Erzs\u00e9bet-e1406805635243.jpg\",\"articleSection\":[\"Kar\u00e1csony\"],\"inLanguage\":\"hu\",\"potentialAction\":[{\"@type\":\"CommentAction\",\"name\":\"Comment\",\"target\":[\"https:\/\/www.haztartas-ma.hu\/index.php\/unnepek\/karacsony\/vizkereszt\/#respond\"]}]},{\"@type\":\"WebPage\",\"@id\":\"https:\/\/www.haztartas-ma.hu\/index.php\/unnepek\/karacsony\/vizkereszt\/\",\"url\":\"https:\/\/www.haztartas-ma.hu\/index.php\/unnepek\/karacsony\/vizkereszt\/\",\"name\":\"V\u00edzkereszt - a naphoz k\u00f6t\u0151d\u0151 esem\u00e9nyek, t\u00f6rt\u00e9netek - H\u00e1ztart\u00e1s Ma\",\"isPartOf\":{\"@id\":\"https:\/\/www.haztartas-ma.hu\/#website\"},\"primaryImageOfPage\":{\"@id\":\"https:\/\/www.haztartas-ma.hu\/index.php\/unnepek\/karacsony\/vizkereszt\/#primaryimage\"},\"image\":{\"@id\":\"https:\/\/www.haztartas-ma.hu\/index.php\/unnepek\/karacsony\/vizkereszt\/#primaryimage\"},\"thumbnailUrl\":\"https:\/\/www.haztartas-ma.hu\/wp-content\/uploads\/2011\/01\/H\u00e1romkir\u00e1lyo-Udvardi-Erzs\u00e9bet-e1406805635243.jpg\",\"datePublished\":\"2011-01-05T19:26:13+00:00\",\"dateModified\":\"2020-09-22T04:23:54+00:00\",\"author\":{\"@id\":\"https:\/\/www.haztartas-ma.hu\/#\/schema\/person\/227e4a4f0d4777cbee1121e91494197e\"},\"description\":\"V\u00edzkereszt: a kereszt\u00e9ny kult\u00fark\u00f6rben a naphoz J\u00e9zus \u00e9let\u00e9nek h\u00e1rom fontos esem\u00e9nye k\u00f6t\u0151dik, \u00e9s k\u00fcl\u00f6nf\u00e9le szok\u00e1sok kapcsol\u00f3dnak hozz\u00e1.\",\"breadcrumb\":{\"@id\":\"https:\/\/www.haztartas-ma.hu\/index.php\/unnepek\/karacsony\/vizkereszt\/#breadcrumb\"},\"inLanguage\":\"hu\",\"potentialAction\":[{\"@type\":\"ReadAction\",\"target\":[\"https:\/\/www.haztartas-ma.hu\/index.php\/unnepek\/karacsony\/vizkereszt\/\"]}]},{\"@type\":\"ImageObject\",\"inLanguage\":\"hu\",\"@id\":\"https:\/\/www.haztartas-ma.hu\/index.php\/unnepek\/karacsony\/vizkereszt\/#primaryimage\",\"url\":\"https:\/\/www.haztartas-ma.hu\/wp-content\/uploads\/2011\/01\/H\u00e1romkir\u00e1lyo-Udvardi-Erzs\u00e9bet-e1406805635243.jpg\",\"contentUrl\":\"https:\/\/www.haztartas-ma.hu\/wp-content\/uploads\/2011\/01\/H\u00e1romkir\u00e1lyo-Udvardi-Erzs\u00e9bet-e1406805635243.jpg\",\"width\":193,\"height\":186},{\"@type\":\"BreadcrumbList\",\"@id\":\"https:\/\/www.haztartas-ma.hu\/index.php\/unnepek\/karacsony\/vizkereszt\/#breadcrumb\",\"itemListElement\":[{\"@type\":\"ListItem\",\"position\":1,\"name\":\"Home\",\"item\":\"https:\/\/www.haztartas-ma.hu\/\"},{\"@type\":\"ListItem\",\"position\":2,\"name\":\"V\u00edzkereszt\"}]},{\"@type\":\"WebSite\",\"@id\":\"https:\/\/www.haztartas-ma.hu\/#website\",\"url\":\"https:\/\/www.haztartas-ma.hu\/\",\"name\":\"H\u00e1ztart\u00e1s Ma\",\"description\":\"Egyszer\u0171 \u00e9telek, receptek, bef\u0151z\u00e9s, h\u00e1zi praktik\u00e1k\",\"potentialAction\":[{\"@type\":\"SearchAction\",\"target\":{\"@type\":\"EntryPoint\",\"urlTemplate\":\"https:\/\/www.haztartas-ma.hu\/?s={search_term_string}\"},\"query-input\":{\"@type\":\"PropertyValueSpecification\",\"valueRequired\":true,\"valueName\":\"search_term_string\"}}],\"inLanguage\":\"hu\"},{\"@type\":\"Person\",\"@id\":\"https:\/\/www.haztartas-ma.hu\/#\/schema\/person\/227e4a4f0d4777cbee1121e91494197e\",\"name\":\"Pap Zsuzsa\",\"image\":{\"@type\":\"ImageObject\",\"inLanguage\":\"hu\",\"@id\":\"https:\/\/www.haztartas-ma.hu\/#\/schema\/person\/image\/\",\"url\":\"https:\/\/secure.gravatar.com\/avatar\/2440b2ff40989c08a87baf0381e1a9dbe3ee77d34b712c593d29515b08cf2cbd?s=96&d=mm&r=g\",\"contentUrl\":\"https:\/\/secure.gravatar.com\/avatar\/2440b2ff40989c08a87baf0381e1a9dbe3ee77d34b712c593d29515b08cf2cbd?s=96&d=mm&r=g\",\"caption\":\"Pap Zsuzsa\"}}]}<\/script>\n<!-- \/ Yoast SEO plugin. -->","yoast_head_json":{"title":"V\u00edzkereszt - a naphoz k\u00f6t\u0151d\u0151 esem\u00e9nyek, t\u00f6rt\u00e9netek - H\u00e1ztart\u00e1s Ma","description":"V\u00edzkereszt: a kereszt\u00e9ny kult\u00fark\u00f6rben a naphoz J\u00e9zus \u00e9let\u00e9nek h\u00e1rom fontos esem\u00e9nye k\u00f6t\u0151dik, \u00e9s k\u00fcl\u00f6nf\u00e9le szok\u00e1sok kapcsol\u00f3dnak hozz\u00e1.","robots":{"index":"index","follow":"follow","max-snippet":"max-snippet:-1","max-image-preview":"max-image-preview:large","max-video-preview":"max-video-preview:-1"},"canonical":"https:\/\/www.haztartas-ma.hu\/index.php\/unnepek\/karacsony\/vizkereszt\/","og_locale":"hu_HU","og_type":"article","og_title":"V\u00edzkereszt - a naphoz k\u00f6t\u0151d\u0151 esem\u00e9nyek, t\u00f6rt\u00e9netek - H\u00e1ztart\u00e1s Ma","og_description":"V\u00edzkereszt: a kereszt\u00e9ny kult\u00fark\u00f6rben a naphoz J\u00e9zus \u00e9let\u00e9nek h\u00e1rom fontos esem\u00e9nye k\u00f6t\u0151dik, \u00e9s k\u00fcl\u00f6nf\u00e9le szok\u00e1sok kapcsol\u00f3dnak hozz\u00e1.","og_url":"https:\/\/www.haztartas-ma.hu\/index.php\/unnepek\/karacsony\/vizkereszt\/","og_site_name":"H\u00e1ztart\u00e1s Ma","article_published_time":"2011-01-05T19:26:13+00:00","article_modified_time":"2020-09-22T04:23:54+00:00","og_image":[{"width":193,"height":186,"url":"https:\/\/i0.wp.com\/www.haztartas-ma.hu\/wp-content\/uploads\/2011\/01\/H\u00e1romkir\u00e1lyo-Udvardi-Erzs\u00e9bet-e1406805635243.jpg?fit=193%2C186&ssl=1","type":"image\/jpeg"}],"author":"Pap Zsuzsa","twitter_misc":{"Szerz\u0151:":"Pap Zsuzsa","Becs\u00fclt olvas\u00e1si id\u0151":"3 perc"},"schema":{"@context":"https:\/\/schema.org","@graph":[{"@type":"Article","@id":"https:\/\/www.haztartas-ma.hu\/index.php\/unnepek\/karacsony\/vizkereszt\/#article","isPartOf":{"@id":"https:\/\/www.haztartas-ma.hu\/index.php\/unnepek\/karacsony\/vizkereszt\/"},"author":{"name":"Pap Zsuzsa","@id":"https:\/\/www.haztartas-ma.hu\/#\/schema\/person\/227e4a4f0d4777cbee1121e91494197e"},"headline":"V\u00edzkereszt","datePublished":"2011-01-05T19:26:13+00:00","dateModified":"2020-09-22T04:23:54+00:00","mainEntityOfPage":{"@id":"https:\/\/www.haztartas-ma.hu\/index.php\/unnepek\/karacsony\/vizkereszt\/"},"wordCount":626,"commentCount":4,"image":{"@id":"https:\/\/www.haztartas-ma.hu\/index.php\/unnepek\/karacsony\/vizkereszt\/#primaryimage"},"thumbnailUrl":"https:\/\/www.haztartas-ma.hu\/wp-content\/uploads\/2011\/01\/H\u00e1romkir\u00e1lyo-Udvardi-Erzs\u00e9bet-e1406805635243.jpg","articleSection":["Kar\u00e1csony"],"inLanguage":"hu","potentialAction":[{"@type":"CommentAction","name":"Comment","target":["https:\/\/www.haztartas-ma.hu\/index.php\/unnepek\/karacsony\/vizkereszt\/#respond"]}]},{"@type":"WebPage","@id":"https:\/\/www.haztartas-ma.hu\/index.php\/unnepek\/karacsony\/vizkereszt\/","url":"https:\/\/www.haztartas-ma.hu\/index.php\/unnepek\/karacsony\/vizkereszt\/","name":"V\u00edzkereszt - a naphoz k\u00f6t\u0151d\u0151 esem\u00e9nyek, t\u00f6rt\u00e9netek - H\u00e1ztart\u00e1s Ma","isPartOf":{"@id":"https:\/\/www.haztartas-ma.hu\/#website"},"primaryImageOfPage":{"@id":"https:\/\/www.haztartas-ma.hu\/index.php\/unnepek\/karacsony\/vizkereszt\/#primaryimage"},"image":{"@id":"https:\/\/www.haztartas-ma.hu\/index.php\/unnepek\/karacsony\/vizkereszt\/#primaryimage"},"thumbnailUrl":"https:\/\/www.haztartas-ma.hu\/wp-content\/uploads\/2011\/01\/H\u00e1romkir\u00e1lyo-Udvardi-Erzs\u00e9bet-e1406805635243.jpg","datePublished":"2011-01-05T19:26:13+00:00","dateModified":"2020-09-22T04:23:54+00:00","author":{"@id":"https:\/\/www.haztartas-ma.hu\/#\/schema\/person\/227e4a4f0d4777cbee1121e91494197e"},"description":"V\u00edzkereszt: a kereszt\u00e9ny kult\u00fark\u00f6rben a naphoz J\u00e9zus \u00e9let\u00e9nek h\u00e1rom fontos esem\u00e9nye k\u00f6t\u0151dik, \u00e9s k\u00fcl\u00f6nf\u00e9le szok\u00e1sok kapcsol\u00f3dnak hozz\u00e1.","breadcrumb":{"@id":"https:\/\/www.haztartas-ma.hu\/index.php\/unnepek\/karacsony\/vizkereszt\/#breadcrumb"},"inLanguage":"hu","potentialAction":[{"@type":"ReadAction","target":["https:\/\/www.haztartas-ma.hu\/index.php\/unnepek\/karacsony\/vizkereszt\/"]}]},{"@type":"ImageObject","inLanguage":"hu","@id":"https:\/\/www.haztartas-ma.hu\/index.php\/unnepek\/karacsony\/vizkereszt\/#primaryimage","url":"https:\/\/www.haztartas-ma.hu\/wp-content\/uploads\/2011\/01\/H\u00e1romkir\u00e1lyo-Udvardi-Erzs\u00e9bet-e1406805635243.jpg","contentUrl":"https:\/\/www.haztartas-ma.hu\/wp-content\/uploads\/2011\/01\/H\u00e1romkir\u00e1lyo-Udvardi-Erzs\u00e9bet-e1406805635243.jpg","width":193,"height":186},{"@type":"BreadcrumbList","@id":"https:\/\/www.haztartas-ma.hu\/index.php\/unnepek\/karacsony\/vizkereszt\/#breadcrumb","itemListElement":[{"@type":"ListItem","position":1,"name":"Home","item":"https:\/\/www.haztartas-ma.hu\/"},{"@type":"ListItem","position":2,"name":"V\u00edzkereszt"}]},{"@type":"WebSite","@id":"https:\/\/www.haztartas-ma.hu\/#website","url":"https:\/\/www.haztartas-ma.hu\/","name":"H\u00e1ztart\u00e1s Ma","description":"Egyszer\u0171 \u00e9telek, receptek, bef\u0151z\u00e9s, h\u00e1zi praktik\u00e1k","potentialAction":[{"@type":"SearchAction","target":{"@type":"EntryPoint","urlTemplate":"https:\/\/www.haztartas-ma.hu\/?s={search_term_string}"},"query-input":{"@type":"PropertyValueSpecification","valueRequired":true,"valueName":"search_term_string"}}],"inLanguage":"hu"},{"@type":"Person","@id":"https:\/\/www.haztartas-ma.hu\/#\/schema\/person\/227e4a4f0d4777cbee1121e91494197e","name":"Pap Zsuzsa","image":{"@type":"ImageObject","inLanguage":"hu","@id":"https:\/\/www.haztartas-ma.hu\/#\/schema\/person\/image\/","url":"https:\/\/secure.gravatar.com\/avatar\/2440b2ff40989c08a87baf0381e1a9dbe3ee77d34b712c593d29515b08cf2cbd?s=96&d=mm&r=g","contentUrl":"https:\/\/secure.gravatar.com\/avatar\/2440b2ff40989c08a87baf0381e1a9dbe3ee77d34b712c593d29515b08cf2cbd?s=96&d=mm&r=g","caption":"Pap Zsuzsa"}}]}},"jetpack_featured_media_url":"https:\/\/www.haztartas-ma.hu\/wp-content\/uploads\/2011\/01\/H\u00e1romkir\u00e1lyo-Udvardi-Erzs\u00e9bet-e1406805635243.jpg","jetpack_sharing_enabled":true,"_links":{"self":[{"href":"https:\/\/www.haztartas-ma.hu\/index.php\/wp-json\/wp\/v2\/posts\/2723","targetHints":{"allow":["GET"]}}],"collection":[{"href":"https:\/\/www.haztartas-ma.hu\/index.php\/wp-json\/wp\/v2\/posts"}],"about":[{"href":"https:\/\/www.haztartas-ma.hu\/index.php\/wp-json\/wp\/v2\/types\/post"}],"author":[{"embeddable":true,"href":"https:\/\/www.haztartas-ma.hu\/index.php\/wp-json\/wp\/v2\/users\/171"}],"replies":[{"embeddable":true,"href":"https:\/\/www.haztartas-ma.hu\/index.php\/wp-json\/wp\/v2\/comments?post=2723"}],"version-history":[{"count":2,"href":"https:\/\/www.haztartas-ma.hu\/index.php\/wp-json\/wp\/v2\/posts\/2723\/revisions"}],"predecessor-version":[{"id":30628,"href":"https:\/\/www.haztartas-ma.hu\/index.php\/wp-json\/wp\/v2\/posts\/2723\/revisions\/30628"}],"wp:featuredmedia":[{"embeddable":true,"href":"https:\/\/www.haztartas-ma.hu\/index.php\/wp-json\/wp\/v2\/media\/2721"}],"wp:attachment":[{"href":"https:\/\/www.haztartas-ma.hu\/index.php\/wp-json\/wp\/v2\/media?parent=2723"}],"wp:term":[{"taxonomy":"category","embeddable":true,"href":"https:\/\/www.haztartas-ma.hu\/index.php\/wp-json\/wp\/v2\/categories?post=2723"},{"taxonomy":"post_tag","embeddable":true,"href":"https:\/\/www.haztartas-ma.hu\/index.php\/wp-json\/wp\/v2\/tags?post=2723"}],"curies":[{"name":"wp","href":"https:\/\/api.w.org\/{rel}","templated":true}]}}