{"id":26702,"date":"2019-12-15T09:30:26","date_gmt":"2019-12-15T08:30:26","guid":{"rendered":"http:\/\/www.haztartas-ma.hu\/?p=26702"},"modified":"2023-09-15T19:47:10","modified_gmt":"2023-09-15T17:47:10","slug":"disznotoros-kolbaszfesztival-2020-budapest","status":"publish","type":"post","link":"https:\/\/www.haztartas-ma.hu\/index.php\/unnepek\/fesztivalok\/disznotoros-kolbaszfesztival-2020-budapest\/","title":{"rendered":"Diszn\u00f3toros Kolb\u00e1szfesztiv\u00e1l 2023 Budapest"},"content":{"rendered":"<p>Diszn\u00f3toros Kolb\u00e1szfesztiv\u00e1l 2023 &#8211; v\u00e1rhat\u00f3an okt\u00f3berben rendezik meg a Vas\u00fatt\u00f6rt\u00e9neti Parkban ezt a budapestiek sz\u00e1m\u00e1ra k\u00f6nnyen megk\u00f6zel\u00edthet\u0151 esem\u00e9nyt.<\/p>\n<p><!--more--><\/p>\n<p style=\"text-align: center;\"><img loading=\"lazy\" decoding=\"async\" class=\"aligncenter size-full wp-image-26704\" src=\"https:\/\/www.haztartas-ma.hu\/wp-content\/uploads\/2020\/01\/disznotoros-kolbaszfesztival.png\" alt=\"Diszn\u00f3toros Kolb\u00e1szfesztiv\u00e1l\" width=\"132\" height=\"132\" \/><\/p>\n<h2>Diszn\u00f3toros Kolb\u00e1szfesztiv\u00e1l<\/h2>\n<p>A Diszn\u00f3toros Kolb\u00e1szfesztiv\u00e1l igazi csal\u00e1di esem\u00e9ny azok sz\u00e1m\u00e1ra, akiket \u00e9rdekel a diszn\u00f3 feldolgoz\u00e1sa \u00e9s egy olyan kolb\u00e1szv\u00e1s\u00e1r, ahol csupa boltban nem kaphat\u00f3 k\u00e9zm\u0171ves finoms\u00e1got v\u00e1s\u00e1rolhat (<a href=\"https:\/\/www.haztartas-ma.hu\/index.php\/etelreceptek\/husetel\/husetelek-sertesbol\/kolbasz-sutese-sutoben\/\">a s\u00fctnival\u00f3t \u00edgy s\u00fctheted meg<\/a>). A helysz\u00edn pedig k\u00fcl\u00f6nleges, hiszen m\u00e9g k\u00fcl\u00f6nf\u00e9le vas\u00fatt\u00f6rt\u00e9neti \u00e9rdekess\u00e9geket is lehet l\u00e1tni.<\/p>\n<h3>V\u00e1rhat\u00f3 programok &#8211; a kor\u00e1bbi \u00e9vek alapj\u00e1n<\/h3>\n<p>Kiemelt szempont: a kolb\u00e1sz min\u0151s\u00e9ge. Lesz:<\/p>\n<ul>\n<li>K\u00e9zm\u0171ves v\u00e1s\u00e1r<\/li>\n<li>\u00c9tel-ital k\u00f3stol\u00e1s<\/li>\n<li>Diszn\u00f3 feldolgoz\u00e1s 4 \u00f3r\u00e1ban<\/li>\n<li>T\u00e1jh\u00e1z m\u00fazeum<\/li>\n<li>K\u00f6zleked\u00e9si \u00e9s termel\u0151 eszk\u00f6z ki\u00e1ll\u00edt\u00e1s<\/li>\n<li>Oldtimer aut\u00f3 \u00e9s motorki\u00e1ll\u00edt\u00e1s<\/li>\n<li>J\u00e1t\u00e9kok gyerekeknek, \u00e1llatsimogat\u00e1s<\/li>\n<li>Zenei \u00e9s folkl\u00f3r programok<\/li>\n<li>K\u00f6zleked\u00e9si eszk\u00f6z\u00f6k interakt\u00edv haszn\u00e1lata<\/li>\n<li>3 napig tart\u00f3 kolb\u00e1szv\u00e1s\u00e1r\n<p><div id=\"attachment_26705\" style=\"width: 310px\" class=\"wp-caption aligncenter\"><img loading=\"lazy\" decoding=\"async\" aria-describedby=\"caption-attachment-26705\" class=\"size-full wp-image-26705\" src=\"https:\/\/www.haztartas-ma.hu\/wp-content\/uploads\/2020\/01\/sokadalom-19.jpg\" alt=\"Diszn\u00f3toros Kolb\u00e1szfesztiv\u00e1l sokadalom\" width=\"300\" height=\"225\" \/><p id=\"caption-attachment-26705\" class=\"wp-caption-text\">Sokadalom<\/p><\/div><\/li>\n<\/ul>\n<h3>\u00c9tel- \u00e9s italk\u00f3stol\u00e1s, v\u00e1s\u00e1rl\u00e1si lehet\u0151s\u00e9gek<\/h3>\n<ul>\n<li>3 kolb\u00e1sz utca (250 f\u00e9le, boltban nem kaphat\u00f3 k\u00e9zm\u0171ves kolb\u00e1sz v\u00e1s\u00e1rl\u00e1si lehet\u0151s\u00e9g\u00e9vel)<\/li>\n<li>sajt \u00e9s f\u0171szer utca<\/li>\n<li>k\u00e9zm\u0171ves utca \u00e9s v\u00e1s\u00e1rt\u00e9r<\/li>\n<li>p\u00e1linkaf\u0151zd\u00e9k, s\u00f6rf\u0151zd\u00e9k \u00e9s bor\u00e1szatok k\u00edn\u00e1latai<\/li>\n<\/ul>\n<h2>Diszn\u00f3toros Kolb\u00e1szfesztiv\u00e1l inform\u00e1ci\u00f3k<\/h2>\n<h3>A rendezv\u00e9ny v\u00e1rhat\u00f3 ideje, id\u0151tartama, bel\u00e9p\u00e9s<\/h3>\n<p>A l\u00e1togat\u00f3knak sz\u00f3l\u00f3 el\u0151zetes inform\u00e1ci\u00f3k<\/p>\n<p>A rendezv\u00e9ny helye: Vas\u00fatt\u00f6rt\u00e9neti Park, Budapest<\/p>\n<div id=\"attachment_26706\" style=\"width: 310px\" class=\"wp-caption aligncenter\"><img loading=\"lazy\" decoding=\"async\" aria-describedby=\"caption-attachment-26706\" class=\"size-medium wp-image-26706\" src=\"https:\/\/www.haztartas-ma.hu\/wp-content\/uploads\/2020\/01\/vasuttorteneti-park-300x200.jpg\" alt=\"Vas\u00fatt\u00f6rt\u00e9neti Park\" width=\"300\" height=\"200\" srcset=\"https:\/\/www.haztartas-ma.hu\/wp-content\/uploads\/2020\/01\/vasuttorteneti-park-300x200.jpg 300w, https:\/\/www.haztartas-ma.hu\/wp-content\/uploads\/2020\/01\/vasuttorteneti-park.jpg 395w\" sizes=\"(max-width: 300px) 100vw, 300px\" \/><p id=\"caption-attachment-26706\" class=\"wp-caption-text\">Vas\u00fatt\u00f6rt\u00e9neti Park<\/p><\/div>\n<ul>\n<li>Id\u0151tartam: 3 nap<\/li>\n<li>2023 okt\u00f3ber<\/li>\n<li>A fesztiv\u00e1l bel\u00e9p\u0151jegyes (r\u00e9szletek k\u00e9s\u0151bb). A bel\u00e9p\u0151jegyekkel meghat\u00e1rozott programokat lehet l\u00e1togatni.<\/li>\n<li>Szolg\u00e1ltat\u00e1s: fesztiv\u00e1lbusz a fesztiv\u00e1l eg\u00e9sz ideje alatt.<\/li>\n<li>A l\u00e1togat\u00f3kra Fesztiv\u00e1l h\u00e1zirend lesz \u00e9rv\u00e9nyes.<\/li>\n<\/ul>\n<p>&nbsp;<\/p>\n","protected":false},"excerpt":{"rendered":"<p>Diszn\u00f3toros Kolb\u00e1szfesztiv\u00e1l 2023 &#8211; v\u00e1rhat\u00f3an okt\u00f3berben rendezik meg a Vas\u00fatt\u00f6rt\u00e9neti Parkban ezt a budapestiek sz\u00e1m\u00e1ra k\u00f6nnyen megk\u00f6zel\u00edthet\u0151 esem\u00e9nyt.<\/p>\n","protected":false},"author":171,"featured_media":26705,"comment_status":"open","ping_status":"closed","sticky":false,"template":"","format":"standard","meta":{"_et_pb_use_builder":"","_et_pb_old_content":"","_et_gb_content_width":"","_jetpack_memberships_contains_paid_content":false,"footnotes":"","_wp_rev_ctl_limit":""},"categories":[755],"tags":[549],"class_list":["post-26702","post","type-post","status-publish","format-standard","has-post-thumbnail","hentry","category-fesztivalok","tag-gasztronomiai-fesztivalok","et-has-post-format-content","et_post_format-et-post-format-standard"],"yoast_head":"<!-- This site is optimized with the Yoast SEO plugin v27.1.1 - https:\/\/yoast.com\/product\/yoast-seo-wordpress\/ -->\n<title>Diszn\u00f3toros Kolb\u00e1szfesztiv\u00e1l -Budapest- H\u00e1ztart\u00e1s Ma<\/title>\n<meta name=\"description\" content=\"Diszn\u00f3toros Kolb\u00e1szfesztiv\u00e1l \u00e9vr\u0151l-\u00e9vre okt\u00f3berben: sok \u00e9rdekes l\u00e1tnival\u00f3, t\u00f6bbek k\u00f6z\u00f6tt a diszn\u00f3 feldolgoz\u00e1sa is a Vas\u00fatt\u00f6rt\u00e9neti Parkban.\" \/>\n<meta name=\"robots\" content=\"index, follow, max-snippet:-1, max-image-preview:large, max-video-preview:-1\" \/>\n<link rel=\"canonical\" href=\"https:\/\/www.haztartas-ma.hu\/index.php\/unnepek\/fesztivalok\/disznotoros-kolbaszfesztival-2020-budapest\/\" \/>\n<meta property=\"og:locale\" content=\"hu_HU\" \/>\n<meta property=\"og:type\" content=\"article\" \/>\n<meta property=\"og:title\" content=\"Diszn\u00f3toros Kolb\u00e1szfesztiv\u00e1l -Budapest- H\u00e1ztart\u00e1s Ma\" \/>\n<meta property=\"og:description\" content=\"Diszn\u00f3toros Kolb\u00e1szfesztiv\u00e1l \u00e9vr\u0151l-\u00e9vre okt\u00f3berben: sok \u00e9rdekes l\u00e1tnival\u00f3, t\u00f6bbek k\u00f6z\u00f6tt a diszn\u00f3 feldolgoz\u00e1sa is a Vas\u00fatt\u00f6rt\u00e9neti Parkban.\" \/>\n<meta property=\"og:url\" content=\"https:\/\/www.haztartas-ma.hu\/index.php\/unnepek\/fesztivalok\/disznotoros-kolbaszfesztival-2020-budapest\/\" \/>\n<meta property=\"og:site_name\" content=\"H\u00e1ztart\u00e1s Ma\" \/>\n<meta property=\"article:published_time\" content=\"2019-12-15T08:30:26+00:00\" \/>\n<meta property=\"article:modified_time\" content=\"2023-09-15T17:47:10+00:00\" \/>\n<meta property=\"og:image\" content=\"https:\/\/www.haztartas-ma.hu\/wp-content\/uploads\/2020\/01\/sokadalom-19.jpg\" \/>\n\t<meta property=\"og:image:width\" content=\"300\" \/>\n\t<meta property=\"og:image:height\" content=\"225\" \/>\n\t<meta property=\"og:image:type\" content=\"image\/jpeg\" \/>\n<meta name=\"author\" content=\"Pap Zsuzsa\" \/>\n<meta name=\"twitter:label1\" content=\"Szerz\u0151:\" \/>\n\t<meta name=\"twitter:data1\" content=\"Pap Zsuzsa\" \/>\n\t<meta name=\"twitter:label2\" content=\"Becs\u00fclt olvas\u00e1si id\u0151\" \/>\n\t<meta name=\"twitter:data2\" content=\"2 perc\" \/>\n<script type=\"application\/ld+json\" class=\"yoast-schema-graph\">{\"@context\":\"https:\/\/schema.org\",\"@graph\":[{\"@type\":\"Article\",\"@id\":\"https:\/\/www.haztartas-ma.hu\/index.php\/unnepek\/fesztivalok\/disznotoros-kolbaszfesztival-2020-budapest\/#article\",\"isPartOf\":{\"@id\":\"https:\/\/www.haztartas-ma.hu\/index.php\/unnepek\/fesztivalok\/disznotoros-kolbaszfesztival-2020-budapest\/\"},\"author\":{\"name\":\"Pap Zsuzsa\",\"@id\":\"https:\/\/www.haztartas-ma.hu\/#\/schema\/person\/227e4a4f0d4777cbee1121e91494197e\"},\"headline\":\"Diszn\u00f3toros Kolb\u00e1szfesztiv\u00e1l 2023 Budapest\",\"datePublished\":\"2019-12-15T08:30:26+00:00\",\"dateModified\":\"2023-09-15T17:47:10+00:00\",\"mainEntityOfPage\":{\"@id\":\"https:\/\/www.haztartas-ma.hu\/index.php\/unnepek\/fesztivalok\/disznotoros-kolbaszfesztival-2020-budapest\/\"},\"wordCount\":371,\"commentCount\":0,\"image\":{\"@id\":\"https:\/\/www.haztartas-ma.hu\/index.php\/unnepek\/fesztivalok\/disznotoros-kolbaszfesztival-2020-budapest\/#primaryimage\"},\"thumbnailUrl\":\"https:\/\/www.haztartas-ma.hu\/wp-content\/uploads\/2020\/01\/sokadalom-19.jpg\",\"keywords\":[\"Gasztron\u00f3miai fesztiv\u00e1lok\"],\"articleSection\":[\"Fesztiv\u00e1lok\"],\"inLanguage\":\"hu\",\"potentialAction\":[{\"@type\":\"CommentAction\",\"name\":\"Comment\",\"target\":[\"https:\/\/www.haztartas-ma.hu\/index.php\/unnepek\/fesztivalok\/disznotoros-kolbaszfesztival-2020-budapest\/#respond\"]}]},{\"@type\":\"WebPage\",\"@id\":\"https:\/\/www.haztartas-ma.hu\/index.php\/unnepek\/fesztivalok\/disznotoros-kolbaszfesztival-2020-budapest\/\",\"url\":\"https:\/\/www.haztartas-ma.hu\/index.php\/unnepek\/fesztivalok\/disznotoros-kolbaszfesztival-2020-budapest\/\",\"name\":\"Diszn\u00f3toros Kolb\u00e1szfesztiv\u00e1l -Budapest- H\u00e1ztart\u00e1s Ma\",\"isPartOf\":{\"@id\":\"https:\/\/www.haztartas-ma.hu\/#website\"},\"primaryImageOfPage\":{\"@id\":\"https:\/\/www.haztartas-ma.hu\/index.php\/unnepek\/fesztivalok\/disznotoros-kolbaszfesztival-2020-budapest\/#primaryimage\"},\"image\":{\"@id\":\"https:\/\/www.haztartas-ma.hu\/index.php\/unnepek\/fesztivalok\/disznotoros-kolbaszfesztival-2020-budapest\/#primaryimage\"},\"thumbnailUrl\":\"https:\/\/www.haztartas-ma.hu\/wp-content\/uploads\/2020\/01\/sokadalom-19.jpg\",\"datePublished\":\"2019-12-15T08:30:26+00:00\",\"dateModified\":\"2023-09-15T17:47:10+00:00\",\"author\":{\"@id\":\"https:\/\/www.haztartas-ma.hu\/#\/schema\/person\/227e4a4f0d4777cbee1121e91494197e\"},\"description\":\"Diszn\u00f3toros Kolb\u00e1szfesztiv\u00e1l \u00e9vr\u0151l-\u00e9vre okt\u00f3berben: sok \u00e9rdekes l\u00e1tnival\u00f3, t\u00f6bbek k\u00f6z\u00f6tt a diszn\u00f3 feldolgoz\u00e1sa is a Vas\u00fatt\u00f6rt\u00e9neti Parkban.\",\"breadcrumb\":{\"@id\":\"https:\/\/www.haztartas-ma.hu\/index.php\/unnepek\/fesztivalok\/disznotoros-kolbaszfesztival-2020-budapest\/#breadcrumb\"},\"inLanguage\":\"hu\",\"potentialAction\":[{\"@type\":\"ReadAction\",\"target\":[\"https:\/\/www.haztartas-ma.hu\/index.php\/unnepek\/fesztivalok\/disznotoros-kolbaszfesztival-2020-budapest\/\"]}]},{\"@type\":\"ImageObject\",\"inLanguage\":\"hu\",\"@id\":\"https:\/\/www.haztartas-ma.hu\/index.php\/unnepek\/fesztivalok\/disznotoros-kolbaszfesztival-2020-budapest\/#primaryimage\",\"url\":\"https:\/\/www.haztartas-ma.hu\/wp-content\/uploads\/2020\/01\/sokadalom-19.jpg\",\"contentUrl\":\"https:\/\/www.haztartas-ma.hu\/wp-content\/uploads\/2020\/01\/sokadalom-19.jpg\",\"width\":300,\"height\":225,\"caption\":\"Diszn\u00f3toros Kolb\u00e1szfesztiv\u00e1l sokadalom\"},{\"@type\":\"BreadcrumbList\",\"@id\":\"https:\/\/www.haztartas-ma.hu\/index.php\/unnepek\/fesztivalok\/disznotoros-kolbaszfesztival-2020-budapest\/#breadcrumb\",\"itemListElement\":[{\"@type\":\"ListItem\",\"position\":1,\"name\":\"Home\",\"item\":\"https:\/\/www.haztartas-ma.hu\/\"},{\"@type\":\"ListItem\",\"position\":2,\"name\":\"Diszn\u00f3toros Kolb\u00e1szfesztiv\u00e1l 2023 Budapest\"}]},{\"@type\":\"WebSite\",\"@id\":\"https:\/\/www.haztartas-ma.hu\/#website\",\"url\":\"https:\/\/www.haztartas-ma.hu\/\",\"name\":\"H\u00e1ztart\u00e1s Ma\",\"description\":\"Egyszer\u0171 \u00e9telek, receptek, bef\u0151z\u00e9s, h\u00e1zi praktik\u00e1k\",\"potentialAction\":[{\"@type\":\"SearchAction\",\"target\":{\"@type\":\"EntryPoint\",\"urlTemplate\":\"https:\/\/www.haztartas-ma.hu\/?s={search_term_string}\"},\"query-input\":{\"@type\":\"PropertyValueSpecification\",\"valueRequired\":true,\"valueName\":\"search_term_string\"}}],\"inLanguage\":\"hu\"},{\"@type\":\"Person\",\"@id\":\"https:\/\/www.haztartas-ma.hu\/#\/schema\/person\/227e4a4f0d4777cbee1121e91494197e\",\"name\":\"Pap Zsuzsa\",\"image\":{\"@type\":\"ImageObject\",\"inLanguage\":\"hu\",\"@id\":\"https:\/\/www.haztartas-ma.hu\/#\/schema\/person\/image\/\",\"url\":\"https:\/\/secure.gravatar.com\/avatar\/2440b2ff40989c08a87baf0381e1a9dbe3ee77d34b712c593d29515b08cf2cbd?s=96&d=mm&r=g\",\"contentUrl\":\"https:\/\/secure.gravatar.com\/avatar\/2440b2ff40989c08a87baf0381e1a9dbe3ee77d34b712c593d29515b08cf2cbd?s=96&d=mm&r=g\",\"caption\":\"Pap Zsuzsa\"}}]}<\/script>\n<!-- \/ Yoast SEO plugin. -->","yoast_head_json":{"title":"Diszn\u00f3toros Kolb\u00e1szfesztiv\u00e1l -Budapest- H\u00e1ztart\u00e1s Ma","description":"Diszn\u00f3toros Kolb\u00e1szfesztiv\u00e1l \u00e9vr\u0151l-\u00e9vre okt\u00f3berben: sok \u00e9rdekes l\u00e1tnival\u00f3, t\u00f6bbek k\u00f6z\u00f6tt a diszn\u00f3 feldolgoz\u00e1sa is a Vas\u00fatt\u00f6rt\u00e9neti Parkban.","robots":{"index":"index","follow":"follow","max-snippet":"max-snippet:-1","max-image-preview":"max-image-preview:large","max-video-preview":"max-video-preview:-1"},"canonical":"https:\/\/www.haztartas-ma.hu\/index.php\/unnepek\/fesztivalok\/disznotoros-kolbaszfesztival-2020-budapest\/","og_locale":"hu_HU","og_type":"article","og_title":"Diszn\u00f3toros Kolb\u00e1szfesztiv\u00e1l -Budapest- H\u00e1ztart\u00e1s Ma","og_description":"Diszn\u00f3toros Kolb\u00e1szfesztiv\u00e1l \u00e9vr\u0151l-\u00e9vre okt\u00f3berben: sok \u00e9rdekes l\u00e1tnival\u00f3, t\u00f6bbek k\u00f6z\u00f6tt a diszn\u00f3 feldolgoz\u00e1sa is a Vas\u00fatt\u00f6rt\u00e9neti Parkban.","og_url":"https:\/\/www.haztartas-ma.hu\/index.php\/unnepek\/fesztivalok\/disznotoros-kolbaszfesztival-2020-budapest\/","og_site_name":"H\u00e1ztart\u00e1s Ma","article_published_time":"2019-12-15T08:30:26+00:00","article_modified_time":"2023-09-15T17:47:10+00:00","og_image":[{"width":300,"height":225,"url":"https:\/\/www.haztartas-ma.hu\/wp-content\/uploads\/2020\/01\/sokadalom-19.jpg","type":"image\/jpeg"}],"author":"Pap Zsuzsa","twitter_misc":{"Szerz\u0151:":"Pap Zsuzsa","Becs\u00fclt olvas\u00e1si id\u0151":"2 perc"},"schema":{"@context":"https:\/\/schema.org","@graph":[{"@type":"Article","@id":"https:\/\/www.haztartas-ma.hu\/index.php\/unnepek\/fesztivalok\/disznotoros-kolbaszfesztival-2020-budapest\/#article","isPartOf":{"@id":"https:\/\/www.haztartas-ma.hu\/index.php\/unnepek\/fesztivalok\/disznotoros-kolbaszfesztival-2020-budapest\/"},"author":{"name":"Pap Zsuzsa","@id":"https:\/\/www.haztartas-ma.hu\/#\/schema\/person\/227e4a4f0d4777cbee1121e91494197e"},"headline":"Diszn\u00f3toros Kolb\u00e1szfesztiv\u00e1l 2023 Budapest","datePublished":"2019-12-15T08:30:26+00:00","dateModified":"2023-09-15T17:47:10+00:00","mainEntityOfPage":{"@id":"https:\/\/www.haztartas-ma.hu\/index.php\/unnepek\/fesztivalok\/disznotoros-kolbaszfesztival-2020-budapest\/"},"wordCount":371,"commentCount":0,"image":{"@id":"https:\/\/www.haztartas-ma.hu\/index.php\/unnepek\/fesztivalok\/disznotoros-kolbaszfesztival-2020-budapest\/#primaryimage"},"thumbnailUrl":"https:\/\/www.haztartas-ma.hu\/wp-content\/uploads\/2020\/01\/sokadalom-19.jpg","keywords":["Gasztron\u00f3miai fesztiv\u00e1lok"],"articleSection":["Fesztiv\u00e1lok"],"inLanguage":"hu","potentialAction":[{"@type":"CommentAction","name":"Comment","target":["https:\/\/www.haztartas-ma.hu\/index.php\/unnepek\/fesztivalok\/disznotoros-kolbaszfesztival-2020-budapest\/#respond"]}]},{"@type":"WebPage","@id":"https:\/\/www.haztartas-ma.hu\/index.php\/unnepek\/fesztivalok\/disznotoros-kolbaszfesztival-2020-budapest\/","url":"https:\/\/www.haztartas-ma.hu\/index.php\/unnepek\/fesztivalok\/disznotoros-kolbaszfesztival-2020-budapest\/","name":"Diszn\u00f3toros Kolb\u00e1szfesztiv\u00e1l -Budapest- H\u00e1ztart\u00e1s Ma","isPartOf":{"@id":"https:\/\/www.haztartas-ma.hu\/#website"},"primaryImageOfPage":{"@id":"https:\/\/www.haztartas-ma.hu\/index.php\/unnepek\/fesztivalok\/disznotoros-kolbaszfesztival-2020-budapest\/#primaryimage"},"image":{"@id":"https:\/\/www.haztartas-ma.hu\/index.php\/unnepek\/fesztivalok\/disznotoros-kolbaszfesztival-2020-budapest\/#primaryimage"},"thumbnailUrl":"https:\/\/www.haztartas-ma.hu\/wp-content\/uploads\/2020\/01\/sokadalom-19.jpg","datePublished":"2019-12-15T08:30:26+00:00","dateModified":"2023-09-15T17:47:10+00:00","author":{"@id":"https:\/\/www.haztartas-ma.hu\/#\/schema\/person\/227e4a4f0d4777cbee1121e91494197e"},"description":"Diszn\u00f3toros Kolb\u00e1szfesztiv\u00e1l \u00e9vr\u0151l-\u00e9vre okt\u00f3berben: sok \u00e9rdekes l\u00e1tnival\u00f3, t\u00f6bbek k\u00f6z\u00f6tt a diszn\u00f3 feldolgoz\u00e1sa is a Vas\u00fatt\u00f6rt\u00e9neti Parkban.","breadcrumb":{"@id":"https:\/\/www.haztartas-ma.hu\/index.php\/unnepek\/fesztivalok\/disznotoros-kolbaszfesztival-2020-budapest\/#breadcrumb"},"inLanguage":"hu","potentialAction":[{"@type":"ReadAction","target":["https:\/\/www.haztartas-ma.hu\/index.php\/unnepek\/fesztivalok\/disznotoros-kolbaszfesztival-2020-budapest\/"]}]},{"@type":"ImageObject","inLanguage":"hu","@id":"https:\/\/www.haztartas-ma.hu\/index.php\/unnepek\/fesztivalok\/disznotoros-kolbaszfesztival-2020-budapest\/#primaryimage","url":"https:\/\/www.haztartas-ma.hu\/wp-content\/uploads\/2020\/01\/sokadalom-19.jpg","contentUrl":"https:\/\/www.haztartas-ma.hu\/wp-content\/uploads\/2020\/01\/sokadalom-19.jpg","width":300,"height":225,"caption":"Diszn\u00f3toros Kolb\u00e1szfesztiv\u00e1l sokadalom"},{"@type":"BreadcrumbList","@id":"https:\/\/www.haztartas-ma.hu\/index.php\/unnepek\/fesztivalok\/disznotoros-kolbaszfesztival-2020-budapest\/#breadcrumb","itemListElement":[{"@type":"ListItem","position":1,"name":"Home","item":"https:\/\/www.haztartas-ma.hu\/"},{"@type":"ListItem","position":2,"name":"Diszn\u00f3toros Kolb\u00e1szfesztiv\u00e1l 2023 Budapest"}]},{"@type":"WebSite","@id":"https:\/\/www.haztartas-ma.hu\/#website","url":"https:\/\/www.haztartas-ma.hu\/","name":"H\u00e1ztart\u00e1s Ma","description":"Egyszer\u0171 \u00e9telek, receptek, bef\u0151z\u00e9s, h\u00e1zi praktik\u00e1k","potentialAction":[{"@type":"SearchAction","target":{"@type":"EntryPoint","urlTemplate":"https:\/\/www.haztartas-ma.hu\/?s={search_term_string}"},"query-input":{"@type":"PropertyValueSpecification","valueRequired":true,"valueName":"search_term_string"}}],"inLanguage":"hu"},{"@type":"Person","@id":"https:\/\/www.haztartas-ma.hu\/#\/schema\/person\/227e4a4f0d4777cbee1121e91494197e","name":"Pap Zsuzsa","image":{"@type":"ImageObject","inLanguage":"hu","@id":"https:\/\/www.haztartas-ma.hu\/#\/schema\/person\/image\/","url":"https:\/\/secure.gravatar.com\/avatar\/2440b2ff40989c08a87baf0381e1a9dbe3ee77d34b712c593d29515b08cf2cbd?s=96&d=mm&r=g","contentUrl":"https:\/\/secure.gravatar.com\/avatar\/2440b2ff40989c08a87baf0381e1a9dbe3ee77d34b712c593d29515b08cf2cbd?s=96&d=mm&r=g","caption":"Pap Zsuzsa"}}]}},"jetpack_featured_media_url":"https:\/\/www.haztartas-ma.hu\/wp-content\/uploads\/2020\/01\/sokadalom-19.jpg","jetpack_sharing_enabled":true,"_links":{"self":[{"href":"https:\/\/www.haztartas-ma.hu\/index.php\/wp-json\/wp\/v2\/posts\/26702","targetHints":{"allow":["GET"]}}],"collection":[{"href":"https:\/\/www.haztartas-ma.hu\/index.php\/wp-json\/wp\/v2\/posts"}],"about":[{"href":"https:\/\/www.haztartas-ma.hu\/index.php\/wp-json\/wp\/v2\/types\/post"}],"author":[{"embeddable":true,"href":"https:\/\/www.haztartas-ma.hu\/index.php\/wp-json\/wp\/v2\/users\/171"}],"replies":[{"embeddable":true,"href":"https:\/\/www.haztartas-ma.hu\/index.php\/wp-json\/wp\/v2\/comments?post=26702"}],"version-history":[{"count":3,"href":"https:\/\/www.haztartas-ma.hu\/index.php\/wp-json\/wp\/v2\/posts\/26702\/revisions"}],"predecessor-version":[{"id":36345,"href":"https:\/\/www.haztartas-ma.hu\/index.php\/wp-json\/wp\/v2\/posts\/26702\/revisions\/36345"}],"wp:featuredmedia":[{"embeddable":true,"href":"https:\/\/www.haztartas-ma.hu\/index.php\/wp-json\/wp\/v2\/media\/26705"}],"wp:attachment":[{"href":"https:\/\/www.haztartas-ma.hu\/index.php\/wp-json\/wp\/v2\/media?parent=26702"}],"wp:term":[{"taxonomy":"category","embeddable":true,"href":"https:\/\/www.haztartas-ma.hu\/index.php\/wp-json\/wp\/v2\/categories?post=26702"},{"taxonomy":"post_tag","embeddable":true,"href":"https:\/\/www.haztartas-ma.hu\/index.php\/wp-json\/wp\/v2\/tags?post=26702"}],"curies":[{"name":"wp","href":"https:\/\/api.w.org\/{rel}","templated":true}]}}