{"id":2435,"date":"2010-11-25T15:02:43","date_gmt":"2010-11-25T14:02:43","guid":{"rendered":"http:\/\/www.haztartas-ma.hu\/?p=2435"},"modified":"2017-10-21T15:20:59","modified_gmt":"2017-10-21T13:20:59","slug":"a-fenyok-megindultak","status":"publish","type":"post","link":"https:\/\/www.haztartas-ma.hu\/index.php\/unnepek\/karacsony\/a-fenyok-megindultak\/","title":{"rendered":"A feny\u0151k megindultak"},"content":{"rendered":"<p style=\"text-align: justify;\">A feny\u0151k megindultak az erd\u0151kb\u0151l, feny\u0151fa telepekr\u0151l a falvakba \u00e9s v\u00e1rosokba.\u00a0Elkezd\u0151d\u00f6tt a feny\u0151f\u00e1k kiv\u00e1g\u00e1sa. K\u00f6zeledik a kar\u00e1csony.<\/p>\n<p><!--more--><\/p>\n<p><img loading=\"lazy\" decoding=\"async\" class=\"aligncenter size-medium wp-image-18087\" src=\"https:\/\/www.haztartas-ma.hu\/wp-content\/uploads\/2010\/11\/borus-reggel-300x225.jpg\" alt=\"Feny\u0151k\" width=\"300\" height=\"225\" srcset=\"https:\/\/www.haztartas-ma.hu\/wp-content\/uploads\/2010\/11\/borus-reggel-300x225.jpg 300w, https:\/\/www.haztartas-ma.hu\/wp-content\/uploads\/2010\/11\/borus-reggel.jpg 640w\" sizes=\"(max-width: 300px) 100vw, 300px\" \/><\/p>\n<h3>A kar\u00e1csonyf\u00e1nak haszn\u00e1lt f\u00e1k fajt\u00e1i<\/h3>\n<ul>\n<li>kiv\u00e1gott<\/li>\n<li>\u00e9l\u0151 cserepes \u00e9s<\/li>\n<li>m\u0171 feny\u0151k<\/li>\n<\/ul>\n<p style=\"text-align: justify;\">A kar\u00e1csony el\u0151tti hetek \u00e1ltal\u00e1ban mindenkinek, val\u00f3sz\u00edn\u0171leg neked is gondot okoznak. Nagyon sok a tennival\u00f3: takar\u00edt\u00e1s, mos\u00e1s-vasal\u00e1s, s\u00fct\u00e9s-f\u0151z\u00e9s, aj\u00e1nd\u00e9k \u00e9s feny\u0151fa v\u00e1s\u00e1rl\u00e1s \u00e9s m\u00e9g ezernyi apr\u00f3s\u00e1g, ami nem is jut esz\u00fcnkbe, amikor a kar\u00e1csonyra gondolunk.<\/p>\n<div style=\"text-align: justify;\"><img loading=\"lazy\" decoding=\"async\" class=\"aligncenter size-full wp-image-2431\" src=\"https:\/\/www.haztartas-ma.hu\/wp-content\/uploads\/2010\/11\/T\u00e1ncra-kel-a-feny\u0151fa1.jpg\" alt=\"Megindultak a feny\u0151k\" width=\"99\" height=\"94\" \/><\/div>\n<div style=\"text-align: justify;\"><\/div>\n<h3 style=\"text-align: justify;\">A feny\u0151k v\u00e1s\u00e1rl\u00e1sa<\/h3>\n<p>A feny\u0151fa v\u00e1s\u00e1rl\u00e1s\u00e1n\u00e1l gondban lehetsz, hogy melyik megold\u00e1st v\u00e1laszd a fenti h\u00e1rom k\u00f6z\u00fcl.<\/p>\n<p><strong>Kiv\u00e1gott:\u00a0<\/strong><\/p>\n<p style=\"text-align: justify;\">Csak egyszer lehet felhaszn\u00e1lni. Kellemes feny\u0151 illatot \u00e1raszt, am\u00edg kar\u00e1csonyfa form\u00e1j\u00e1ban a nappali d\u00edsze, de ut\u00e1na gondoskodni kell tov\u00e1bbi sors\u00e1r\u00f3l. Ahol van elt\u00fczel\u00e9si lehet\u0151s\u00e9g (faf\u0171t\u00e9ses k\u00e1lyha, kaz\u00e1n), ott ez nem gond. S\u0151t ny\u00e1ri bogr\u00e1csoz\u00e1sn\u00e1l is fel lehet haszn\u00e1lni. Ahol viszont ilyen lehet\u0151s\u00e9g nincs, ott \u00e9rtelmes m\u00f3don kell a f\u00e1t\u00f3l megv\u00e1lni: van, ahol \u00f6sszeszedik, ha nem, tal\u00e1ld meg a m\u00f3dj\u00e1t, hogy energia termel\u0151dj\u00e9k bel\u0151le, vagy visszaker\u00fclj\u00f6n a term\u00e9szetbe.<\/p>\n<p style=\"text-align: justify;\"><strong>\u00c9l\u0151 cserepes:<\/strong><\/p>\n<p style=\"text-align: justify;\">V\u00e1s\u00e1rl\u00e1s ut\u00e1n ki lehet \u00fcltetni kertbe, vagy m\u00e1s alkalmas helyre annak figyelembev\u00e9tel\u00e9vel, hogy a n\u00f6vekv\u0151 f\u00e1nak helyre van sz\u00fcks\u00e9ge. Ugyanaz a feny\u0151 t\u00f6bbsz\u00f6r val\u00f3sz\u00edn\u0171leg nem lesz felhaszn\u00e1lhat\u00f3, mert egyre nagyobb lesz.<\/p>\n<p style=\"text-align: justify;\"><strong>M\u0171:<\/strong><\/p>\n<p style=\"text-align: justify;\">Egyszer\u0171nek t\u0171n\u0151 megold\u00e1s, mert \u00e9vr\u0151l \u00e9vre felhaszn\u00e1lhat\u00f3. Egyszer kell megv\u00e1s\u00e1rolni, viszont eg\u00e9sz \u00e9vben t\u00e1rolni kell valahol. Igaz, nagy hely nem kell, mert a feny\u0151 \u00f6sszecsukhat\u00f3. Viszont, ha egyszer \u00fagy d\u00f6ntesz, hogy m\u00e1r nem szeretn\u00e9d, akkor olyan hullad\u00e9kk\u00e1 v\u00e1lik, amelyet a term\u00e9szet nem fogad vissza.<\/p>\n<p style=\"text-align: justify;\">A fenti k\u00e9rd\u00e9seket \u00e1tgondolva, rem\u00e9lem, okosan tudsz majd d\u00f6nteni.<\/p>\n<p>&nbsp;<\/p>\n<p style=\"text-align: justify;\">Mi a v\u00e9lem\u00e9nyed, Te milyen feny\u0151t veszel?<\/p>\n<p>&nbsp;<\/p>\n<p style=\"text-align: justify;\">K\u00e9pek: saj\u00e1t fot\u00f3,\u00a0Google k\u00e9pt\u00e1r<\/p>\n<p style=\"text-align: justify;\"><span style=\"font-family: verdana,geneva; font-size: small;\">\u00a0<\/span><\/p>\n","protected":false},"excerpt":{"rendered":"<p>A kar\u00e1csony el\u0151tti hetek hangulata az \u00e9v egyik id\u0151szak\u00e1hoz sem hasonl\u00edthat\u00f3. Megkezd\u0151dik a feny\u0151f\u00e1k kiv\u00e1g\u00e1sa, \u00e9s a v\u00e1rakoz\u00e1s \u00e9rz\u00e9se t\u00f6lt el gyermeket \u00e9s feln\u0151ttet egyar\u00e1nt.<\/p>\n","protected":false},"author":171,"featured_media":2431,"comment_status":"open","ping_status":"open","sticky":false,"template":"","format":"standard","meta":{"_et_pb_use_builder":"","_et_pb_old_content":"","_et_gb_content_width":"","_jetpack_memberships_contains_paid_content":false,"footnotes":"","_wp_rev_ctl_limit":""},"categories":[512],"tags":[],"class_list":["post-2435","post","type-post","status-publish","format-standard","has-post-thumbnail","hentry","category-karacsony","et-has-post-format-content","et_post_format-et-post-format-standard"],"yoast_head":"<!-- This site is optimized with the Yoast SEO plugin v27.1.1 - https:\/\/yoast.com\/product\/yoast-seo-wordpress\/ -->\n<title>Feny\u0151k: megindultak az erd\u0151kb\u0151l a falvakba \u00e9s v\u00e1rosokba - H\u00e1ztart\u00e1s Ma<\/title>\n<meta name=\"description\" content=\"Feny\u0151k: megindultak az erd\u0151kb\u0151l a falvak \u00e9s v\u00e1rosok fel\u00e9 - m\u00e1rmint kiv\u00e1gt\u00e1k \u0151ket kar\u00e1csonyf\u00e1nak. Egy-k\u00e9t h\u00e9tre pomp\u00e1s kar\u00e1csonyi d\u00edszbe \u00f6lt\u00f6znek.\" \/>\n<meta name=\"robots\" content=\"index, follow, max-snippet:-1, max-image-preview:large, max-video-preview:-1\" \/>\n<link rel=\"canonical\" href=\"https:\/\/www.haztartas-ma.hu\/index.php\/unnepek\/karacsony\/a-fenyok-megindultak\/\" \/>\n<meta property=\"og:locale\" content=\"hu_HU\" \/>\n<meta property=\"og:type\" content=\"article\" \/>\n<meta property=\"og:title\" content=\"Feny\u0151k: megindultak az erd\u0151kb\u0151l a falvakba \u00e9s v\u00e1rosokba - H\u00e1ztart\u00e1s Ma\" \/>\n<meta property=\"og:description\" content=\"Feny\u0151k: megindultak az erd\u0151kb\u0151l a falvak \u00e9s v\u00e1rosok fel\u00e9 - m\u00e1rmint kiv\u00e1gt\u00e1k \u0151ket kar\u00e1csonyf\u00e1nak. Egy-k\u00e9t h\u00e9tre pomp\u00e1s kar\u00e1csonyi d\u00edszbe \u00f6lt\u00f6znek.\" \/>\n<meta property=\"og:url\" content=\"https:\/\/www.haztartas-ma.hu\/index.php\/unnepek\/karacsony\/a-fenyok-megindultak\/\" \/>\n<meta property=\"og:site_name\" content=\"H\u00e1ztart\u00e1s Ma\" \/>\n<meta property=\"article:published_time\" content=\"2010-11-25T14:02:43+00:00\" \/>\n<meta property=\"article:modified_time\" content=\"2017-10-21T13:20:59+00:00\" \/>\n<meta property=\"og:image\" content=\"https:\/\/i1.wp.com\/www.haztartas-ma.hu\/wp-content\/uploads\/2010\/11\/T\u00e1ncra-kel-a-feny\u0151fa1.jpg?fit=99%2C94&ssl=1\" \/>\n\t<meta property=\"og:image:width\" content=\"99\" \/>\n\t<meta property=\"og:image:height\" content=\"94\" \/>\n\t<meta property=\"og:image:type\" content=\"image\/jpeg\" \/>\n<meta name=\"author\" content=\"Pap Zsuzsa\" \/>\n<meta name=\"twitter:label1\" content=\"Szerz\u0151:\" \/>\n\t<meta name=\"twitter:data1\" content=\"Pap Zsuzsa\" \/>\n\t<meta name=\"twitter:label2\" content=\"Becs\u00fclt olvas\u00e1si id\u0151\" \/>\n\t<meta name=\"twitter:data2\" content=\"2 perc\" \/>\n<script type=\"application\/ld+json\" class=\"yoast-schema-graph\">{\"@context\":\"https:\/\/schema.org\",\"@graph\":[{\"@type\":\"Article\",\"@id\":\"https:\/\/www.haztartas-ma.hu\/index.php\/unnepek\/karacsony\/a-fenyok-megindultak\/#article\",\"isPartOf\":{\"@id\":\"https:\/\/www.haztartas-ma.hu\/index.php\/unnepek\/karacsony\/a-fenyok-megindultak\/\"},\"author\":{\"name\":\"Pap Zsuzsa\",\"@id\":\"https:\/\/www.haztartas-ma.hu\/#\/schema\/person\/227e4a4f0d4777cbee1121e91494197e\"},\"headline\":\"A feny\u0151k megindultak\",\"datePublished\":\"2010-11-25T14:02:43+00:00\",\"dateModified\":\"2017-10-21T13:20:59+00:00\",\"mainEntityOfPage\":{\"@id\":\"https:\/\/www.haztartas-ma.hu\/index.php\/unnepek\/karacsony\/a-fenyok-megindultak\/\"},\"wordCount\":397,\"commentCount\":0,\"image\":{\"@id\":\"https:\/\/www.haztartas-ma.hu\/index.php\/unnepek\/karacsony\/a-fenyok-megindultak\/#primaryimage\"},\"thumbnailUrl\":\"https:\/\/www.haztartas-ma.hu\/wp-content\/uploads\/2010\/11\/T\u00e1ncra-kel-a-feny\u0151fa1.jpg\",\"articleSection\":[\"Kar\u00e1csony\"],\"inLanguage\":\"hu\",\"potentialAction\":[{\"@type\":\"CommentAction\",\"name\":\"Comment\",\"target\":[\"https:\/\/www.haztartas-ma.hu\/index.php\/unnepek\/karacsony\/a-fenyok-megindultak\/#respond\"]}]},{\"@type\":\"WebPage\",\"@id\":\"https:\/\/www.haztartas-ma.hu\/index.php\/unnepek\/karacsony\/a-fenyok-megindultak\/\",\"url\":\"https:\/\/www.haztartas-ma.hu\/index.php\/unnepek\/karacsony\/a-fenyok-megindultak\/\",\"name\":\"Feny\u0151k: megindultak az erd\u0151kb\u0151l a falvakba \u00e9s v\u00e1rosokba - H\u00e1ztart\u00e1s Ma\",\"isPartOf\":{\"@id\":\"https:\/\/www.haztartas-ma.hu\/#website\"},\"primaryImageOfPage\":{\"@id\":\"https:\/\/www.haztartas-ma.hu\/index.php\/unnepek\/karacsony\/a-fenyok-megindultak\/#primaryimage\"},\"image\":{\"@id\":\"https:\/\/www.haztartas-ma.hu\/index.php\/unnepek\/karacsony\/a-fenyok-megindultak\/#primaryimage\"},\"thumbnailUrl\":\"https:\/\/www.haztartas-ma.hu\/wp-content\/uploads\/2010\/11\/T\u00e1ncra-kel-a-feny\u0151fa1.jpg\",\"datePublished\":\"2010-11-25T14:02:43+00:00\",\"dateModified\":\"2017-10-21T13:20:59+00:00\",\"author\":{\"@id\":\"https:\/\/www.haztartas-ma.hu\/#\/schema\/person\/227e4a4f0d4777cbee1121e91494197e\"},\"description\":\"Feny\u0151k: megindultak az erd\u0151kb\u0151l a falvak \u00e9s v\u00e1rosok fel\u00e9 - m\u00e1rmint kiv\u00e1gt\u00e1k \u0151ket kar\u00e1csonyf\u00e1nak. Egy-k\u00e9t h\u00e9tre pomp\u00e1s kar\u00e1csonyi d\u00edszbe \u00f6lt\u00f6znek.\",\"breadcrumb\":{\"@id\":\"https:\/\/www.haztartas-ma.hu\/index.php\/unnepek\/karacsony\/a-fenyok-megindultak\/#breadcrumb\"},\"inLanguage\":\"hu\",\"potentialAction\":[{\"@type\":\"ReadAction\",\"target\":[\"https:\/\/www.haztartas-ma.hu\/index.php\/unnepek\/karacsony\/a-fenyok-megindultak\/\"]}]},{\"@type\":\"ImageObject\",\"inLanguage\":\"hu\",\"@id\":\"https:\/\/www.haztartas-ma.hu\/index.php\/unnepek\/karacsony\/a-fenyok-megindultak\/#primaryimage\",\"url\":\"https:\/\/www.haztartas-ma.hu\/wp-content\/uploads\/2010\/11\/T\u00e1ncra-kel-a-feny\u0151fa1.jpg\",\"contentUrl\":\"https:\/\/www.haztartas-ma.hu\/wp-content\/uploads\/2010\/11\/T\u00e1ncra-kel-a-feny\u0151fa1.jpg\",\"width\":99,\"height\":94,\"caption\":\"Megindultak a feny\u0151k\"},{\"@type\":\"BreadcrumbList\",\"@id\":\"https:\/\/www.haztartas-ma.hu\/index.php\/unnepek\/karacsony\/a-fenyok-megindultak\/#breadcrumb\",\"itemListElement\":[{\"@type\":\"ListItem\",\"position\":1,\"name\":\"Home\",\"item\":\"https:\/\/www.haztartas-ma.hu\/\"},{\"@type\":\"ListItem\",\"position\":2,\"name\":\"A feny\u0151k megindultak\"}]},{\"@type\":\"WebSite\",\"@id\":\"https:\/\/www.haztartas-ma.hu\/#website\",\"url\":\"https:\/\/www.haztartas-ma.hu\/\",\"name\":\"H\u00e1ztart\u00e1s Ma\",\"description\":\"Egyszer\u0171 \u00e9telek, receptek, bef\u0151z\u00e9s, h\u00e1zi praktik\u00e1k\",\"potentialAction\":[{\"@type\":\"SearchAction\",\"target\":{\"@type\":\"EntryPoint\",\"urlTemplate\":\"https:\/\/www.haztartas-ma.hu\/?s={search_term_string}\"},\"query-input\":{\"@type\":\"PropertyValueSpecification\",\"valueRequired\":true,\"valueName\":\"search_term_string\"}}],\"inLanguage\":\"hu\"},{\"@type\":\"Person\",\"@id\":\"https:\/\/www.haztartas-ma.hu\/#\/schema\/person\/227e4a4f0d4777cbee1121e91494197e\",\"name\":\"Pap Zsuzsa\",\"image\":{\"@type\":\"ImageObject\",\"inLanguage\":\"hu\",\"@id\":\"https:\/\/www.haztartas-ma.hu\/#\/schema\/person\/image\/\",\"url\":\"https:\/\/secure.gravatar.com\/avatar\/2440b2ff40989c08a87baf0381e1a9dbe3ee77d34b712c593d29515b08cf2cbd?s=96&d=mm&r=g\",\"contentUrl\":\"https:\/\/secure.gravatar.com\/avatar\/2440b2ff40989c08a87baf0381e1a9dbe3ee77d34b712c593d29515b08cf2cbd?s=96&d=mm&r=g\",\"caption\":\"Pap Zsuzsa\"}}]}<\/script>\n<!-- \/ Yoast SEO plugin. -->","yoast_head_json":{"title":"Feny\u0151k: megindultak az erd\u0151kb\u0151l a falvakba \u00e9s v\u00e1rosokba - H\u00e1ztart\u00e1s Ma","description":"Feny\u0151k: megindultak az erd\u0151kb\u0151l a falvak \u00e9s v\u00e1rosok fel\u00e9 - m\u00e1rmint kiv\u00e1gt\u00e1k \u0151ket kar\u00e1csonyf\u00e1nak. Egy-k\u00e9t h\u00e9tre pomp\u00e1s kar\u00e1csonyi d\u00edszbe \u00f6lt\u00f6znek.","robots":{"index":"index","follow":"follow","max-snippet":"max-snippet:-1","max-image-preview":"max-image-preview:large","max-video-preview":"max-video-preview:-1"},"canonical":"https:\/\/www.haztartas-ma.hu\/index.php\/unnepek\/karacsony\/a-fenyok-megindultak\/","og_locale":"hu_HU","og_type":"article","og_title":"Feny\u0151k: megindultak az erd\u0151kb\u0151l a falvakba \u00e9s v\u00e1rosokba - H\u00e1ztart\u00e1s Ma","og_description":"Feny\u0151k: megindultak az erd\u0151kb\u0151l a falvak \u00e9s v\u00e1rosok fel\u00e9 - m\u00e1rmint kiv\u00e1gt\u00e1k \u0151ket kar\u00e1csonyf\u00e1nak. Egy-k\u00e9t h\u00e9tre pomp\u00e1s kar\u00e1csonyi d\u00edszbe \u00f6lt\u00f6znek.","og_url":"https:\/\/www.haztartas-ma.hu\/index.php\/unnepek\/karacsony\/a-fenyok-megindultak\/","og_site_name":"H\u00e1ztart\u00e1s Ma","article_published_time":"2010-11-25T14:02:43+00:00","article_modified_time":"2017-10-21T13:20:59+00:00","og_image":[{"width":99,"height":94,"url":"https:\/\/i1.wp.com\/www.haztartas-ma.hu\/wp-content\/uploads\/2010\/11\/T\u00e1ncra-kel-a-feny\u0151fa1.jpg?fit=99%2C94&ssl=1","type":"image\/jpeg"}],"author":"Pap Zsuzsa","twitter_misc":{"Szerz\u0151:":"Pap Zsuzsa","Becs\u00fclt olvas\u00e1si id\u0151":"2 perc"},"schema":{"@context":"https:\/\/schema.org","@graph":[{"@type":"Article","@id":"https:\/\/www.haztartas-ma.hu\/index.php\/unnepek\/karacsony\/a-fenyok-megindultak\/#article","isPartOf":{"@id":"https:\/\/www.haztartas-ma.hu\/index.php\/unnepek\/karacsony\/a-fenyok-megindultak\/"},"author":{"name":"Pap Zsuzsa","@id":"https:\/\/www.haztartas-ma.hu\/#\/schema\/person\/227e4a4f0d4777cbee1121e91494197e"},"headline":"A feny\u0151k megindultak","datePublished":"2010-11-25T14:02:43+00:00","dateModified":"2017-10-21T13:20:59+00:00","mainEntityOfPage":{"@id":"https:\/\/www.haztartas-ma.hu\/index.php\/unnepek\/karacsony\/a-fenyok-megindultak\/"},"wordCount":397,"commentCount":0,"image":{"@id":"https:\/\/www.haztartas-ma.hu\/index.php\/unnepek\/karacsony\/a-fenyok-megindultak\/#primaryimage"},"thumbnailUrl":"https:\/\/www.haztartas-ma.hu\/wp-content\/uploads\/2010\/11\/T\u00e1ncra-kel-a-feny\u0151fa1.jpg","articleSection":["Kar\u00e1csony"],"inLanguage":"hu","potentialAction":[{"@type":"CommentAction","name":"Comment","target":["https:\/\/www.haztartas-ma.hu\/index.php\/unnepek\/karacsony\/a-fenyok-megindultak\/#respond"]}]},{"@type":"WebPage","@id":"https:\/\/www.haztartas-ma.hu\/index.php\/unnepek\/karacsony\/a-fenyok-megindultak\/","url":"https:\/\/www.haztartas-ma.hu\/index.php\/unnepek\/karacsony\/a-fenyok-megindultak\/","name":"Feny\u0151k: megindultak az erd\u0151kb\u0151l a falvakba \u00e9s v\u00e1rosokba - H\u00e1ztart\u00e1s Ma","isPartOf":{"@id":"https:\/\/www.haztartas-ma.hu\/#website"},"primaryImageOfPage":{"@id":"https:\/\/www.haztartas-ma.hu\/index.php\/unnepek\/karacsony\/a-fenyok-megindultak\/#primaryimage"},"image":{"@id":"https:\/\/www.haztartas-ma.hu\/index.php\/unnepek\/karacsony\/a-fenyok-megindultak\/#primaryimage"},"thumbnailUrl":"https:\/\/www.haztartas-ma.hu\/wp-content\/uploads\/2010\/11\/T\u00e1ncra-kel-a-feny\u0151fa1.jpg","datePublished":"2010-11-25T14:02:43+00:00","dateModified":"2017-10-21T13:20:59+00:00","author":{"@id":"https:\/\/www.haztartas-ma.hu\/#\/schema\/person\/227e4a4f0d4777cbee1121e91494197e"},"description":"Feny\u0151k: megindultak az erd\u0151kb\u0151l a falvak \u00e9s v\u00e1rosok fel\u00e9 - m\u00e1rmint kiv\u00e1gt\u00e1k \u0151ket kar\u00e1csonyf\u00e1nak. Egy-k\u00e9t h\u00e9tre pomp\u00e1s kar\u00e1csonyi d\u00edszbe \u00f6lt\u00f6znek.","breadcrumb":{"@id":"https:\/\/www.haztartas-ma.hu\/index.php\/unnepek\/karacsony\/a-fenyok-megindultak\/#breadcrumb"},"inLanguage":"hu","potentialAction":[{"@type":"ReadAction","target":["https:\/\/www.haztartas-ma.hu\/index.php\/unnepek\/karacsony\/a-fenyok-megindultak\/"]}]},{"@type":"ImageObject","inLanguage":"hu","@id":"https:\/\/www.haztartas-ma.hu\/index.php\/unnepek\/karacsony\/a-fenyok-megindultak\/#primaryimage","url":"https:\/\/www.haztartas-ma.hu\/wp-content\/uploads\/2010\/11\/T\u00e1ncra-kel-a-feny\u0151fa1.jpg","contentUrl":"https:\/\/www.haztartas-ma.hu\/wp-content\/uploads\/2010\/11\/T\u00e1ncra-kel-a-feny\u0151fa1.jpg","width":99,"height":94,"caption":"Megindultak a feny\u0151k"},{"@type":"BreadcrumbList","@id":"https:\/\/www.haztartas-ma.hu\/index.php\/unnepek\/karacsony\/a-fenyok-megindultak\/#breadcrumb","itemListElement":[{"@type":"ListItem","position":1,"name":"Home","item":"https:\/\/www.haztartas-ma.hu\/"},{"@type":"ListItem","position":2,"name":"A feny\u0151k megindultak"}]},{"@type":"WebSite","@id":"https:\/\/www.haztartas-ma.hu\/#website","url":"https:\/\/www.haztartas-ma.hu\/","name":"H\u00e1ztart\u00e1s Ma","description":"Egyszer\u0171 \u00e9telek, receptek, bef\u0151z\u00e9s, h\u00e1zi praktik\u00e1k","potentialAction":[{"@type":"SearchAction","target":{"@type":"EntryPoint","urlTemplate":"https:\/\/www.haztartas-ma.hu\/?s={search_term_string}"},"query-input":{"@type":"PropertyValueSpecification","valueRequired":true,"valueName":"search_term_string"}}],"inLanguage":"hu"},{"@type":"Person","@id":"https:\/\/www.haztartas-ma.hu\/#\/schema\/person\/227e4a4f0d4777cbee1121e91494197e","name":"Pap Zsuzsa","image":{"@type":"ImageObject","inLanguage":"hu","@id":"https:\/\/www.haztartas-ma.hu\/#\/schema\/person\/image\/","url":"https:\/\/secure.gravatar.com\/avatar\/2440b2ff40989c08a87baf0381e1a9dbe3ee77d34b712c593d29515b08cf2cbd?s=96&d=mm&r=g","contentUrl":"https:\/\/secure.gravatar.com\/avatar\/2440b2ff40989c08a87baf0381e1a9dbe3ee77d34b712c593d29515b08cf2cbd?s=96&d=mm&r=g","caption":"Pap Zsuzsa"}}]}},"jetpack_featured_media_url":"https:\/\/www.haztartas-ma.hu\/wp-content\/uploads\/2010\/11\/T\u00e1ncra-kel-a-feny\u0151fa1.jpg","jetpack_sharing_enabled":true,"_links":{"self":[{"href":"https:\/\/www.haztartas-ma.hu\/index.php\/wp-json\/wp\/v2\/posts\/2435","targetHints":{"allow":["GET"]}}],"collection":[{"href":"https:\/\/www.haztartas-ma.hu\/index.php\/wp-json\/wp\/v2\/posts"}],"about":[{"href":"https:\/\/www.haztartas-ma.hu\/index.php\/wp-json\/wp\/v2\/types\/post"}],"author":[{"embeddable":true,"href":"https:\/\/www.haztartas-ma.hu\/index.php\/wp-json\/wp\/v2\/users\/171"}],"replies":[{"embeddable":true,"href":"https:\/\/www.haztartas-ma.hu\/index.php\/wp-json\/wp\/v2\/comments?post=2435"}],"version-history":[{"count":0,"href":"https:\/\/www.haztartas-ma.hu\/index.php\/wp-json\/wp\/v2\/posts\/2435\/revisions"}],"wp:featuredmedia":[{"embeddable":true,"href":"https:\/\/www.haztartas-ma.hu\/index.php\/wp-json\/wp\/v2\/media\/2431"}],"wp:attachment":[{"href":"https:\/\/www.haztartas-ma.hu\/index.php\/wp-json\/wp\/v2\/media?parent=2435"}],"wp:term":[{"taxonomy":"category","embeddable":true,"href":"https:\/\/www.haztartas-ma.hu\/index.php\/wp-json\/wp\/v2\/categories?post=2435"},{"taxonomy":"post_tag","embeddable":true,"href":"https:\/\/www.haztartas-ma.hu\/index.php\/wp-json\/wp\/v2\/tags?post=2435"}],"curies":[{"name":"wp","href":"https:\/\/api.w.org\/{rel}","templated":true}]}}