{"id":21216,"date":"2018-06-28T08:11:11","date_gmt":"2018-06-28T06:11:11","guid":{"rendered":"http:\/\/www.haztartas-ma.hu\/?p=21216"},"modified":"2020-09-14T07:04:53","modified_gmt":"2020-09-14T05:04:53","slug":"magyaros-krumplifozelek","status":"publish","type":"post","link":"https:\/\/www.haztartas-ma.hu\/index.php\/receptek\/fozelekek\/magyaros-krumplifozelek\/","title":{"rendered":"Magyaros krumplif\u0151zel\u00e9k"},"content":{"rendered":"<p>Magyaros krumplif\u0151zel\u00e9k avagy burgonyaf\u0151zel\u00e9k &#8211; nem is gondoln\u00e1d, hogy milyen finom. J\u00f3 \u00edz\u00e9t, magyaros jelleg\u00e9t a zs\u00edrban feloldott pirospaprika \u00e9s a f\u0171szerek adj\u00e1k.<\/p>\n<p><!--more--><\/p>\n<p><img loading=\"lazy\" decoding=\"async\" class=\"aligncenter size-medium wp-image-21234\" src=\"https:\/\/www.haztartas-ma.hu\/wp-content\/uploads\/2018\/06\/magyaros-krumplifozelek-1-300x225.jpg\" alt=\"Magyaros krumplif\u0151zel\u00e9k 1\" width=\"300\" height=\"225\" srcset=\"https:\/\/www.haztartas-ma.hu\/wp-content\/uploads\/2018\/06\/magyaros-krumplifozelek-1-300x225.jpg 300w, https:\/\/www.haztartas-ma.hu\/wp-content\/uploads\/2018\/06\/magyaros-krumplifozelek-1.jpg 640w\" sizes=\"(max-width: 300px) 100vw, 300px\" \/><\/p>\n<h2>Magyaros krumplif\u0151zel\u00e9k recept<\/h2>\n<p>Elk\u00e9sz\u00edt\u00e9si id\u0151: 65 perc<\/p>\n<h3>Hozz\u00e1val\u00f3k<\/h3>\n<p>4 adaghoz<\/p>\n<ul>\n<li>1 kg <a href=\"https:\/\/hu.wikipedia.org\/wiki\/Burgonya\">krumpli<\/a> (nem sz\u00e9tf\u0151l\u0151s)<\/li>\n<li>2 k\u00f6zepes fej hagyma<\/li>\n<li>2 te\u00e1skan\u00e1lnyi zs\u00edr<\/li>\n<li>1 te\u00e1skan\u00e1l \u00e9des piros f\u0171szerpaprika<\/li>\n<li>4 db bab\u00e9rlev\u00e9l<\/li>\n<li>4 ev\u0151kan\u00e1l tejf\u00f6l<\/li>\n<li>4 te\u00e1skan\u00e1l liszt<\/li>\n<li>1 te\u00e1skan\u00e1l <a href=\"https:\/\/www.haztartas-ma.hu\/index.php\/befozes-tartositas\/tartositott-zoldsegfelek\/etelizesito\/\">h\u00e1zi \u00e9tel\u00edzes\u00edt\u0151<\/a> vagy Vegeta Naturella (s\u00f3t tartalmaznak, ez\u00e9rt val\u00f3sz\u00edn\u0171leg nem kell hozz\u00e1 s\u00f3)<\/li>\n<li>6 dl v\u00edz<\/li>\n<li>1 te\u00e1skan\u00e1l major\u00e1nna<\/li>\n<li>1 csokor petrezselyem<\/li>\n<\/ul>\n<h3>Bev\u00e1s\u00e1rl\u00f3lista<\/h3>\n<ul>\n<li>1 kg krumpli (nem sz\u00e9tf\u0151l\u0151s)<\/li>\n<li>2 k\u00f6zepes fej hagyma<\/li>\n<li>1 kis poh\u00e1r tejf\u00f6l<\/li>\n<li>1 csokor petrezselyem<\/li>\n<\/ul>\n<p>Eml\u00e9keztet\u0151: zs\u00edr vagy olaj, pirospaprika, liszt, \u00e9tel\u00edzes\u00edt\u0151, bab\u00e9rlev\u00e9l, major\u00e1nna<\/p>\n<h4>Megjegyz\u00e9s:<\/h4>\n<ul>\n<li>Az \u00e9tel s\u0171r\u0171s\u00e9ge f\u00fcgg a krumpli min\u0151s\u00e9g\u00e9t\u0151l. Ha t\u00fal s\u0171r\u0171 lenne, lehet v\u00edzzel h\u00edg\u00edtani (\u00e9s legk\u00f6zelebb 3 te\u00e1skan\u00e1lnyi lisztet haszn\u00e1lni.<\/li>\n<\/ul>\n<h3>El\u0151k\u00e9sz\u00edt\u00e9s<\/h3>\n<ul>\n<li>A krumplit megmosod, megh\u00e1mozod \u00e9s kock\u00e1kra v\u00e1god.<\/li>\n<li>A hagym\u00e1t apr\u00f3ra v\u00e1god.<\/li>\n<\/ul>\n<h3>Magyaros krumplif\u0151zel\u00e9k elk\u00e9sz\u00edt\u00e9se<\/h3>\n<ol>\n<li>A hagym\u00e1t a zs\u00edron megdinszteled.\n<p><div id=\"attachment_21251\" style=\"width: 310px\" class=\"wp-caption aligncenter\"><img loading=\"lazy\" decoding=\"async\" aria-describedby=\"caption-attachment-21251\" class=\"size-medium wp-image-21251\" src=\"https:\/\/www.haztartas-ma.hu\/wp-content\/uploads\/2018\/06\/hagyma-dinsztelese-zsiron-300x225.jpg\" alt=\"Hagyma dinsztel\u00e9se zs\u00edron\" width=\"300\" height=\"225\" srcset=\"https:\/\/www.haztartas-ma.hu\/wp-content\/uploads\/2018\/06\/hagyma-dinsztelese-zsiron-300x225.jpg 300w, https:\/\/www.haztartas-ma.hu\/wp-content\/uploads\/2018\/06\/hagyma-dinsztelese-zsiron.jpg 640w\" sizes=\"(max-width: 300px) 100vw, 300px\" \/><p id=\"caption-attachment-21251\" class=\"wp-caption-text\">Hagyma dinsztel\u00e9se zs\u00edron<\/p><\/div><\/li>\n<li>Leveszed a t\u0171zhelyr\u0151l, belekevered a pirospaprik\u00e1t.\n<p><div id=\"attachment_21239\" style=\"width: 310px\" class=\"wp-caption aligncenter\"><img loading=\"lazy\" decoding=\"async\" aria-describedby=\"caption-attachment-21239\" class=\"size-medium wp-image-21239\" src=\"https:\/\/www.haztartas-ma.hu\/wp-content\/uploads\/2018\/06\/piros-paprika-hozzaadasa-300x225.jpg\" alt=\"Piros paprika hozz\u00e1ad\u00e1sa\" width=\"300\" height=\"225\" srcset=\"https:\/\/www.haztartas-ma.hu\/wp-content\/uploads\/2018\/06\/piros-paprika-hozzaadasa-300x225.jpg 300w, https:\/\/www.haztartas-ma.hu\/wp-content\/uploads\/2018\/06\/piros-paprika-hozzaadasa.jpg 640w\" sizes=\"(max-width: 300px) 100vw, 300px\" \/><p id=\"caption-attachment-21239\" class=\"wp-caption-text\">Piros paprika hozz\u00e1ad\u00e1sa<\/p><\/div><\/li>\n<li>Kev\u00e9s vizet \u00f6ntesz r\u00e1, hogy visszat\u00e9ve a t\u0171zhelyre a paprika meg ne \u00e9gjen.\n<p><div id=\"attachment_21240\" style=\"width: 310px\" class=\"wp-caption aligncenter\"><img loading=\"lazy\" decoding=\"async\" aria-describedby=\"caption-attachment-21240\" class=\"size-medium wp-image-21240\" src=\"https:\/\/www.haztartas-ma.hu\/wp-content\/uploads\/2018\/06\/fozelek-alap-300x225.jpg\" alt=\"F\u0151zel\u00e9k alap\" width=\"300\" height=\"225\" srcset=\"https:\/\/www.haztartas-ma.hu\/wp-content\/uploads\/2018\/06\/fozelek-alap-300x225.jpg 300w, https:\/\/www.haztartas-ma.hu\/wp-content\/uploads\/2018\/06\/fozelek-alap.jpg 640w\" sizes=\"(max-width: 300px) 100vw, 300px\" \/><p id=\"caption-attachment-21240\" class=\"wp-caption-text\">F\u0151zel\u00e9k alap<\/p><\/div><\/li>\n<li>Beleteszed a krumplit.<\/li>\n<li>R\u00e1\u00f6nt\u00f6d a vizet (a mennyis\u00e9get k\u00f6r\u00fclbel\u00fcl adtam meg, a l\u00e9nyeg az, hogy a v\u00edz a krumplit fedje el).<\/li>\n<li>\u00d6sszekevered.\n<p><div id=\"attachment_21245\" style=\"width: 310px\" class=\"wp-caption aligncenter\"><img loading=\"lazy\" decoding=\"async\" aria-describedby=\"caption-attachment-21245\" class=\"size-medium wp-image-21245\" src=\"https:\/\/www.haztartas-ma.hu\/wp-content\/uploads\/2018\/06\/krumpli-es-viz-hozzaadasa-300x225.jpg\" alt=\"Krumpli \u00e9s v\u00edz hozz\u00e1ad\u00e1sa\" width=\"300\" height=\"225\" srcset=\"https:\/\/www.haztartas-ma.hu\/wp-content\/uploads\/2018\/06\/krumpli-es-viz-hozzaadasa-300x225.jpg 300w, https:\/\/www.haztartas-ma.hu\/wp-content\/uploads\/2018\/06\/krumpli-es-viz-hozzaadasa.jpg 640w\" sizes=\"(max-width: 300px) 100vw, 300px\" \/><p id=\"caption-attachment-21245\" class=\"wp-caption-text\">Krumpli \u00e9s v\u00edz hozz\u00e1ad\u00e1sa<\/p><\/div><\/li>\n<li>Beleteszed a bab\u00e9rlevelet \u00e9s az \u00e9tel\u00edzes\u00edt\u0151t.\n<p><div id=\"attachment_21242\" style=\"width: 310px\" class=\"wp-caption aligncenter\"><img loading=\"lazy\" decoding=\"async\" aria-describedby=\"caption-attachment-21242\" class=\"size-medium wp-image-21242\" src=\"https:\/\/www.haztartas-ma.hu\/wp-content\/uploads\/2018\/06\/fozes-elott-baberlevellel-300x225.jpg\" alt=\"F\u0151z\u00e9s el\u0151tt bab\u00e9rlev\u00e9llel\" width=\"300\" height=\"225\" srcset=\"https:\/\/www.haztartas-ma.hu\/wp-content\/uploads\/2018\/06\/fozes-elott-baberlevellel-300x225.jpg 300w, https:\/\/www.haztartas-ma.hu\/wp-content\/uploads\/2018\/06\/fozes-elott-baberlevellel.jpg 640w\" sizes=\"(max-width: 300px) 100vw, 300px\" \/><p id=\"caption-attachment-21242\" class=\"wp-caption-text\">F\u0151z\u00e9s el\u0151tt bab\u00e9rlev\u00e9llel, <a href=\"https:\/\/www.haztartas-ma.hu\/index.php\/befozes-tartositas\/tartositott-zoldsegfelek\/etelizesito\/\">\u00e9tel\u00edzes\u00edt\u0151<\/a>vel<\/p><\/div><\/li>\n<li>Elkezded meleg\u00edteni \u00e9s a forr\u00e1st\u00f3l sz\u00e1m\u00edtva f\u0151z\u00f6d lefedve 25 percig. (A f\u0151z\u00e9si id\u0151 f\u00fcgg a krumpli fajt\u00e1j\u00e1t\u00f3l), illetve addig am\u00edg a krumpli puha lesz.<\/li>\n<li>K\u00f6zben felapr\u00edtod a petrezselymet \u00e9s elk\u00e9sz\u00edted a habar\u00e1st. A tejf\u00f6lben sim\u00e1ra kevered a lisztet.<\/li>\n<li>Amikor a krumpli megf\u0151tt, a habar\u00e1st kanalank\u00e9nt felengeded a krumpli f\u0151z\u0151lev\u00e9vel. K\u00f6zben mindig \u00f6sszekevered. \u00d6sszesen nagyj\u00e1b\u00f3l 1 dl f\u0151z\u0151vizet adsz hozz\u00e1. Ha b\u00f6gr\u00e9ben k\u00e9sz\u00edted, legyen majdnem tele a b\u00f6gre.<\/li>\n<li>R\u00e1sz\u00f3rod a major\u00e1nn\u00e1t. Bele\u00f6nt\u00f6d a habar\u00e1st \u00e9s \u00f6sszekevered.\n<p><div id=\"attachment_21243\" style=\"width: 310px\" class=\"wp-caption aligncenter\"><img loading=\"lazy\" decoding=\"async\" aria-describedby=\"caption-attachment-21243\" class=\"size-medium wp-image-21243\" src=\"https:\/\/www.haztartas-ma.hu\/wp-content\/uploads\/2018\/06\/habaras-es-majoranna-hozzaadasa-300x225.jpg\" alt=\"Habar\u00e1s \u00e9s major\u00e1nna hozz\u00e1ad\u00e1sa\" width=\"300\" height=\"225\" srcset=\"https:\/\/www.haztartas-ma.hu\/wp-content\/uploads\/2018\/06\/habaras-es-majoranna-hozzaadasa-300x225.jpg 300w, https:\/\/www.haztartas-ma.hu\/wp-content\/uploads\/2018\/06\/habaras-es-majoranna-hozzaadasa.jpg 640w\" sizes=\"(max-width: 300px) 100vw, 300px\" \/><p id=\"caption-attachment-21243\" class=\"wp-caption-text\">Habar\u00e1s \u00e9s major\u00e1nna hozz\u00e1ad\u00e1sa<\/p><\/div><\/li>\n<li>\u00d6sszekevered \u00e9s felforralod, hogy a liszt megf\u0151lj\u00f6n.<\/li>\n<li>Ha t\u00fal s\u0171r\u0171nek tal\u00e1lod, \u00f6nthetsz m\u00e9g vizet hozz\u00e1.<\/li>\n<li>Ezzel a f\u0151zel\u00e9k elk\u00e9sz\u00fclt.\n<p><div id=\"attachment_21238\" style=\"width: 310px\" class=\"wp-caption aligncenter\"><img loading=\"lazy\" decoding=\"async\" aria-describedby=\"caption-attachment-21238\" class=\"size-medium wp-image-21238\" src=\"https:\/\/www.haztartas-ma.hu\/wp-content\/uploads\/2018\/06\/osszekeverve-keszen-300x225.jpg\" alt=\"\u00d6sszekeverve, k\u00e9szen\" width=\"300\" height=\"225\" srcset=\"https:\/\/www.haztartas-ma.hu\/wp-content\/uploads\/2018\/06\/osszekeverve-keszen-300x225.jpg 300w, https:\/\/www.haztartas-ma.hu\/wp-content\/uploads\/2018\/06\/osszekeverve-keszen.jpg 640w\" sizes=\"(max-width: 300px) 100vw, 300px\" \/><p id=\"caption-attachment-21238\" class=\"wp-caption-text\">\u00d6sszekeverve, k\u00e9szen<\/p><\/div><\/li>\n<\/ol>\n<h4>Elk\u00e9sz\u00edt\u00e9si id\u0151:<\/h4>\n<ul>\n<li>Krumpli \u00e9s hagyma tiszt\u00edt\u00e1s, feldarabol\u00e1sa: 20 perc<\/li>\n<li>Hagyma dinsztel\u00e9se, paprika \u00e9s krumpli hozz\u00e1ad\u00e1s, fel\u00f6nt\u00e9s v\u00edzzel: 10 perc<\/li>\n<li>Krumpli f\u0151z\u00e9se: 25 perc<\/li>\n<li>F\u0171szerez\u00e9s, habar\u00e1s, felforral\u00e1s: 10 perc<\/li>\n<\/ul>\n<h4>\u00d6sszesen: 65 perc (ebb\u0151l munka: 45 perc)<\/h4>\n<h2>T\u00e1lal\u00e1s<\/h2>\n<p>Erre a f\u0151zel\u00e9kre felt\u00e9tk\u00e9nt valami h\u00fasf\u00e9le k\u00edv\u00e1nkozik, p\u00e9ld\u00e1ul:<\/p>\n<ul>\n<li>p\u00f6rk\u00f6lt<\/li>\n<li>z\u00fazap\u00f6rk\u00f6lt (itt ezzel l\u00e1tod)<\/li>\n<li>s\u00fclt virsli<\/li>\n<li>s\u00fclt kolb\u00e1sz<\/li>\n<\/ul>\n<div id=\"attachment_21236\" style=\"width: 650px\" class=\"wp-caption aligncenter\"><img loading=\"lazy\" decoding=\"async\" aria-describedby=\"caption-attachment-21236\" class=\"size-full wp-image-21236\" src=\"https:\/\/www.haztartas-ma.hu\/wp-content\/uploads\/2018\/06\/magyaros-krumplifozelek-talalva-2.jpg\" alt=\"Magyaros krumplif\u0151zel\u00e9k t\u00e1lalva 2\" width=\"640\" height=\"480\" srcset=\"https:\/\/www.haztartas-ma.hu\/wp-content\/uploads\/2018\/06\/magyaros-krumplifozelek-talalva-2.jpg 640w, https:\/\/www.haztartas-ma.hu\/wp-content\/uploads\/2018\/06\/magyaros-krumplifozelek-talalva-2-300x225.jpg 300w\" sizes=\"(max-width: 640px) 100vw, 640px\" \/><p id=\"caption-attachment-21236\" class=\"wp-caption-text\">Magyaros krumplif\u0151zel\u00e9k t\u00e1lalva\u00a0<\/p><\/div>\n<h4>Megjegyz\u00e9s:<\/h4>\n<p>A krumplif\u0151zel\u00e9k \u00e1ltal\u00e1ban nem \u00edgy k\u00e9sz\u00fcl. A <a href=\"https:\/\/www.haztartas-ma.hu\/index.php\/etelreceptek\/fozelek\/krumpli-fozelek\/\">zs\u00edr, hagyma \u00e9s pirospaprika n\u00e9lk\u00fcli v\u00e1ltozat<\/a> a krumpli f\u0151z\u00e9s\u00e9vel kezd\u0151dik. A fenti \u00f6sszetev\u0151k hi\u00e1nya miatt ez kal\u00f3riaszeg\u00e9nyebb, a magyaros f\u0151zel\u00e9k viszont \u00edzekben gazdagabb.<\/p>\n<p>&nbsp;<\/p>\n<p>K\u00e9pek: saj\u00e1t k\u00e9sz\u00edt\u00e9s\u0171 \u00e9tel saj\u00e1t felv\u00e9telei.<\/p>\n<p>&nbsp;<\/p>\n","protected":false},"excerpt":{"rendered":"<p>Magyaros krumplif\u0151zel\u00e9k avagy burgonyaf\u0151zel\u00e9k &#8211; nem is gondoln\u00e1d, hogy milyen finom. J\u00f3 \u00edz\u00e9t, magyaros jelleg\u00e9t a zs\u00edrban feloldott pirospaprika \u00e9s a f\u0171szerek adj\u00e1k.<\/p>\n","protected":false},"author":171,"featured_media":21233,"comment_status":"open","ping_status":"closed","sticky":false,"template":"","format":"standard","meta":{"_et_pb_use_builder":"","_et_pb_old_content":"","_et_gb_content_width":"","_jetpack_memberships_contains_paid_content":false,"footnotes":"","_wp_rev_ctl_limit":""},"categories":[476],"tags":[431],"class_list":["post-21216","post","type-post","status-publish","format-standard","has-post-thumbnail","hentry","category-fozelekek","tag-krumpli-etelek","et-has-post-format-content","et_post_format-et-post-format-standard"],"yoast_head":"<!-- This site is optimized with the Yoast SEO plugin v27.1.1 - https:\/\/yoast.com\/product\/yoast-seo-wordpress\/ -->\n<title>Magyaros krumplif\u0151zel\u00e9k - p\u00f6rk\u00f6lt alappal - H\u00e1ztart\u00e1s Ma<\/title>\n<meta name=\"description\" content=\"Magyaros krumplif\u0151zel\u00e9k - elk\u00e9sz\u00edt\u00e9se \u00fagy kezd\u0151dik, mint a p\u00f6rk\u00f6lt\u00e9 - \u00e9s ez k\u00fcl\u00f6nleges \u00edzt ennek az \u00e9telnek is. Ha eddig nem k\u00e9sz\u00edtetted, itt az alkalom!\" \/>\n<meta name=\"robots\" content=\"index, follow, max-snippet:-1, max-image-preview:large, max-video-preview:-1\" \/>\n<link rel=\"canonical\" href=\"https:\/\/www.haztartas-ma.hu\/index.php\/receptek\/fozelekek\/magyaros-krumplifozelek\/\" \/>\n<meta property=\"og:locale\" content=\"hu_HU\" \/>\n<meta property=\"og:type\" content=\"article\" \/>\n<meta property=\"og:title\" content=\"Magyaros krumplif\u0151zel\u00e9k - p\u00f6rk\u00f6lt alappal - H\u00e1ztart\u00e1s Ma\" \/>\n<meta property=\"og:description\" content=\"Magyaros krumplif\u0151zel\u00e9k - elk\u00e9sz\u00edt\u00e9se \u00fagy kezd\u0151dik, mint a p\u00f6rk\u00f6lt\u00e9 - \u00e9s ez k\u00fcl\u00f6nleges \u00edzt ennek az \u00e9telnek is. Ha eddig nem k\u00e9sz\u00edtetted, itt az alkalom!\" \/>\n<meta property=\"og:url\" content=\"https:\/\/www.haztartas-ma.hu\/index.php\/receptek\/fozelekek\/magyaros-krumplifozelek\/\" \/>\n<meta property=\"og:site_name\" content=\"H\u00e1ztart\u00e1s Ma\" \/>\n<meta property=\"article:published_time\" content=\"2018-06-28T06:11:11+00:00\" \/>\n<meta property=\"article:modified_time\" content=\"2020-09-14T05:04:53+00:00\" \/>\n<meta property=\"og:image\" content=\"https:\/\/i1.wp.com\/www.haztartas-ma.hu\/wp-content\/uploads\/2018\/06\/magyaros-krumplifozelek.jpg?fit=420%2C420&ssl=1\" \/>\n\t<meta property=\"og:image:width\" content=\"420\" \/>\n\t<meta property=\"og:image:height\" content=\"420\" \/>\n\t<meta property=\"og:image:type\" content=\"image\/jpeg\" \/>\n<meta name=\"author\" content=\"Pap Zsuzsa\" \/>\n<meta name=\"twitter:label1\" content=\"Szerz\u0151:\" \/>\n\t<meta name=\"twitter:data1\" content=\"Pap Zsuzsa\" \/>\n\t<meta name=\"twitter:label2\" content=\"Becs\u00fclt olvas\u00e1si id\u0151\" \/>\n\t<meta name=\"twitter:data2\" content=\"4 perc\" \/>\n<script type=\"application\/ld+json\" class=\"yoast-schema-graph\">{\"@context\":\"https:\/\/schema.org\",\"@graph\":[{\"@type\":\"Article\",\"@id\":\"https:\/\/www.haztartas-ma.hu\/index.php\/receptek\/fozelekek\/magyaros-krumplifozelek\/#article\",\"isPartOf\":{\"@id\":\"https:\/\/www.haztartas-ma.hu\/index.php\/receptek\/fozelekek\/magyaros-krumplifozelek\/\"},\"author\":{\"name\":\"Pap Zsuzsa\",\"@id\":\"https:\/\/www.haztartas-ma.hu\/#\/schema\/person\/227e4a4f0d4777cbee1121e91494197e\"},\"headline\":\"Magyaros krumplif\u0151zel\u00e9k\",\"datePublished\":\"2018-06-28T06:11:11+00:00\",\"dateModified\":\"2020-09-14T05:04:53+00:00\",\"mainEntityOfPage\":{\"@id\":\"https:\/\/www.haztartas-ma.hu\/index.php\/receptek\/fozelekek\/magyaros-krumplifozelek\/\"},\"wordCount\":706,\"commentCount\":6,\"image\":{\"@id\":\"https:\/\/www.haztartas-ma.hu\/index.php\/receptek\/fozelekek\/magyaros-krumplifozelek\/#primaryimage\"},\"thumbnailUrl\":\"https:\/\/www.haztartas-ma.hu\/wp-content\/uploads\/2018\/06\/magyaros-krumplifozelek.jpg\",\"keywords\":[\"Krumpli \u00e9telek\"],\"articleSection\":[\"F\u0151zel\u00e9kek\"],\"inLanguage\":\"hu\",\"potentialAction\":[{\"@type\":\"CommentAction\",\"name\":\"Comment\",\"target\":[\"https:\/\/www.haztartas-ma.hu\/index.php\/receptek\/fozelekek\/magyaros-krumplifozelek\/#respond\"]}]},{\"@type\":\"WebPage\",\"@id\":\"https:\/\/www.haztartas-ma.hu\/index.php\/receptek\/fozelekek\/magyaros-krumplifozelek\/\",\"url\":\"https:\/\/www.haztartas-ma.hu\/index.php\/receptek\/fozelekek\/magyaros-krumplifozelek\/\",\"name\":\"Magyaros krumplif\u0151zel\u00e9k - p\u00f6rk\u00f6lt alappal - H\u00e1ztart\u00e1s Ma\",\"isPartOf\":{\"@id\":\"https:\/\/www.haztartas-ma.hu\/#website\"},\"primaryImageOfPage\":{\"@id\":\"https:\/\/www.haztartas-ma.hu\/index.php\/receptek\/fozelekek\/magyaros-krumplifozelek\/#primaryimage\"},\"image\":{\"@id\":\"https:\/\/www.haztartas-ma.hu\/index.php\/receptek\/fozelekek\/magyaros-krumplifozelek\/#primaryimage\"},\"thumbnailUrl\":\"https:\/\/www.haztartas-ma.hu\/wp-content\/uploads\/2018\/06\/magyaros-krumplifozelek.jpg\",\"datePublished\":\"2018-06-28T06:11:11+00:00\",\"dateModified\":\"2020-09-14T05:04:53+00:00\",\"author\":{\"@id\":\"https:\/\/www.haztartas-ma.hu\/#\/schema\/person\/227e4a4f0d4777cbee1121e91494197e\"},\"description\":\"Magyaros krumplif\u0151zel\u00e9k - elk\u00e9sz\u00edt\u00e9se \u00fagy kezd\u0151dik, mint a p\u00f6rk\u00f6lt\u00e9 - \u00e9s ez k\u00fcl\u00f6nleges \u00edzt ennek az \u00e9telnek is. Ha eddig nem k\u00e9sz\u00edtetted, itt az alkalom!\",\"breadcrumb\":{\"@id\":\"https:\/\/www.haztartas-ma.hu\/index.php\/receptek\/fozelekek\/magyaros-krumplifozelek\/#breadcrumb\"},\"inLanguage\":\"hu\",\"potentialAction\":[{\"@type\":\"ReadAction\",\"target\":[\"https:\/\/www.haztartas-ma.hu\/index.php\/receptek\/fozelekek\/magyaros-krumplifozelek\/\"]}]},{\"@type\":\"ImageObject\",\"inLanguage\":\"hu\",\"@id\":\"https:\/\/www.haztartas-ma.hu\/index.php\/receptek\/fozelekek\/magyaros-krumplifozelek\/#primaryimage\",\"url\":\"https:\/\/www.haztartas-ma.hu\/wp-content\/uploads\/2018\/06\/magyaros-krumplifozelek.jpg\",\"contentUrl\":\"https:\/\/www.haztartas-ma.hu\/wp-content\/uploads\/2018\/06\/magyaros-krumplifozelek.jpg\",\"width\":420,\"height\":420,\"caption\":\"Magyaros krumplif\u0151zel\u00e9k\"},{\"@type\":\"BreadcrumbList\",\"@id\":\"https:\/\/www.haztartas-ma.hu\/index.php\/receptek\/fozelekek\/magyaros-krumplifozelek\/#breadcrumb\",\"itemListElement\":[{\"@type\":\"ListItem\",\"position\":1,\"name\":\"Home\",\"item\":\"https:\/\/www.haztartas-ma.hu\/\"},{\"@type\":\"ListItem\",\"position\":2,\"name\":\"Magyaros krumplif\u0151zel\u00e9k\"}]},{\"@type\":\"WebSite\",\"@id\":\"https:\/\/www.haztartas-ma.hu\/#website\",\"url\":\"https:\/\/www.haztartas-ma.hu\/\",\"name\":\"H\u00e1ztart\u00e1s Ma\",\"description\":\"Egyszer\u0171 \u00e9telek, receptek, bef\u0151z\u00e9s, h\u00e1zi praktik\u00e1k\",\"potentialAction\":[{\"@type\":\"SearchAction\",\"target\":{\"@type\":\"EntryPoint\",\"urlTemplate\":\"https:\/\/www.haztartas-ma.hu\/?s={search_term_string}\"},\"query-input\":{\"@type\":\"PropertyValueSpecification\",\"valueRequired\":true,\"valueName\":\"search_term_string\"}}],\"inLanguage\":\"hu\"},{\"@type\":\"Person\",\"@id\":\"https:\/\/www.haztartas-ma.hu\/#\/schema\/person\/227e4a4f0d4777cbee1121e91494197e\",\"name\":\"Pap Zsuzsa\",\"image\":{\"@type\":\"ImageObject\",\"inLanguage\":\"hu\",\"@id\":\"https:\/\/www.haztartas-ma.hu\/#\/schema\/person\/image\/\",\"url\":\"https:\/\/secure.gravatar.com\/avatar\/2440b2ff40989c08a87baf0381e1a9dbe3ee77d34b712c593d29515b08cf2cbd?s=96&d=mm&r=g\",\"contentUrl\":\"https:\/\/secure.gravatar.com\/avatar\/2440b2ff40989c08a87baf0381e1a9dbe3ee77d34b712c593d29515b08cf2cbd?s=96&d=mm&r=g\",\"caption\":\"Pap Zsuzsa\"}}]}<\/script>\n<!-- \/ Yoast SEO plugin. -->","yoast_head_json":{"title":"Magyaros krumplif\u0151zel\u00e9k - p\u00f6rk\u00f6lt alappal - H\u00e1ztart\u00e1s Ma","description":"Magyaros krumplif\u0151zel\u00e9k - elk\u00e9sz\u00edt\u00e9se \u00fagy kezd\u0151dik, mint a p\u00f6rk\u00f6lt\u00e9 - \u00e9s ez k\u00fcl\u00f6nleges \u00edzt ennek az \u00e9telnek is. Ha eddig nem k\u00e9sz\u00edtetted, itt az alkalom!","robots":{"index":"index","follow":"follow","max-snippet":"max-snippet:-1","max-image-preview":"max-image-preview:large","max-video-preview":"max-video-preview:-1"},"canonical":"https:\/\/www.haztartas-ma.hu\/index.php\/receptek\/fozelekek\/magyaros-krumplifozelek\/","og_locale":"hu_HU","og_type":"article","og_title":"Magyaros krumplif\u0151zel\u00e9k - p\u00f6rk\u00f6lt alappal - H\u00e1ztart\u00e1s Ma","og_description":"Magyaros krumplif\u0151zel\u00e9k - elk\u00e9sz\u00edt\u00e9se \u00fagy kezd\u0151dik, mint a p\u00f6rk\u00f6lt\u00e9 - \u00e9s ez k\u00fcl\u00f6nleges \u00edzt ennek az \u00e9telnek is. Ha eddig nem k\u00e9sz\u00edtetted, itt az alkalom!","og_url":"https:\/\/www.haztartas-ma.hu\/index.php\/receptek\/fozelekek\/magyaros-krumplifozelek\/","og_site_name":"H\u00e1ztart\u00e1s Ma","article_published_time":"2018-06-28T06:11:11+00:00","article_modified_time":"2020-09-14T05:04:53+00:00","og_image":[{"width":420,"height":420,"url":"https:\/\/i1.wp.com\/www.haztartas-ma.hu\/wp-content\/uploads\/2018\/06\/magyaros-krumplifozelek.jpg?fit=420%2C420&ssl=1","type":"image\/jpeg"}],"author":"Pap Zsuzsa","twitter_misc":{"Szerz\u0151:":"Pap Zsuzsa","Becs\u00fclt olvas\u00e1si id\u0151":"4 perc"},"schema":{"@context":"https:\/\/schema.org","@graph":[{"@type":"Article","@id":"https:\/\/www.haztartas-ma.hu\/index.php\/receptek\/fozelekek\/magyaros-krumplifozelek\/#article","isPartOf":{"@id":"https:\/\/www.haztartas-ma.hu\/index.php\/receptek\/fozelekek\/magyaros-krumplifozelek\/"},"author":{"name":"Pap Zsuzsa","@id":"https:\/\/www.haztartas-ma.hu\/#\/schema\/person\/227e4a4f0d4777cbee1121e91494197e"},"headline":"Magyaros krumplif\u0151zel\u00e9k","datePublished":"2018-06-28T06:11:11+00:00","dateModified":"2020-09-14T05:04:53+00:00","mainEntityOfPage":{"@id":"https:\/\/www.haztartas-ma.hu\/index.php\/receptek\/fozelekek\/magyaros-krumplifozelek\/"},"wordCount":706,"commentCount":6,"image":{"@id":"https:\/\/www.haztartas-ma.hu\/index.php\/receptek\/fozelekek\/magyaros-krumplifozelek\/#primaryimage"},"thumbnailUrl":"https:\/\/www.haztartas-ma.hu\/wp-content\/uploads\/2018\/06\/magyaros-krumplifozelek.jpg","keywords":["Krumpli \u00e9telek"],"articleSection":["F\u0151zel\u00e9kek"],"inLanguage":"hu","potentialAction":[{"@type":"CommentAction","name":"Comment","target":["https:\/\/www.haztartas-ma.hu\/index.php\/receptek\/fozelekek\/magyaros-krumplifozelek\/#respond"]}]},{"@type":"WebPage","@id":"https:\/\/www.haztartas-ma.hu\/index.php\/receptek\/fozelekek\/magyaros-krumplifozelek\/","url":"https:\/\/www.haztartas-ma.hu\/index.php\/receptek\/fozelekek\/magyaros-krumplifozelek\/","name":"Magyaros krumplif\u0151zel\u00e9k - p\u00f6rk\u00f6lt alappal - H\u00e1ztart\u00e1s Ma","isPartOf":{"@id":"https:\/\/www.haztartas-ma.hu\/#website"},"primaryImageOfPage":{"@id":"https:\/\/www.haztartas-ma.hu\/index.php\/receptek\/fozelekek\/magyaros-krumplifozelek\/#primaryimage"},"image":{"@id":"https:\/\/www.haztartas-ma.hu\/index.php\/receptek\/fozelekek\/magyaros-krumplifozelek\/#primaryimage"},"thumbnailUrl":"https:\/\/www.haztartas-ma.hu\/wp-content\/uploads\/2018\/06\/magyaros-krumplifozelek.jpg","datePublished":"2018-06-28T06:11:11+00:00","dateModified":"2020-09-14T05:04:53+00:00","author":{"@id":"https:\/\/www.haztartas-ma.hu\/#\/schema\/person\/227e4a4f0d4777cbee1121e91494197e"},"description":"Magyaros krumplif\u0151zel\u00e9k - elk\u00e9sz\u00edt\u00e9se \u00fagy kezd\u0151dik, mint a p\u00f6rk\u00f6lt\u00e9 - \u00e9s ez k\u00fcl\u00f6nleges \u00edzt ennek az \u00e9telnek is. Ha eddig nem k\u00e9sz\u00edtetted, itt az alkalom!","breadcrumb":{"@id":"https:\/\/www.haztartas-ma.hu\/index.php\/receptek\/fozelekek\/magyaros-krumplifozelek\/#breadcrumb"},"inLanguage":"hu","potentialAction":[{"@type":"ReadAction","target":["https:\/\/www.haztartas-ma.hu\/index.php\/receptek\/fozelekek\/magyaros-krumplifozelek\/"]}]},{"@type":"ImageObject","inLanguage":"hu","@id":"https:\/\/www.haztartas-ma.hu\/index.php\/receptek\/fozelekek\/magyaros-krumplifozelek\/#primaryimage","url":"https:\/\/www.haztartas-ma.hu\/wp-content\/uploads\/2018\/06\/magyaros-krumplifozelek.jpg","contentUrl":"https:\/\/www.haztartas-ma.hu\/wp-content\/uploads\/2018\/06\/magyaros-krumplifozelek.jpg","width":420,"height":420,"caption":"Magyaros krumplif\u0151zel\u00e9k"},{"@type":"BreadcrumbList","@id":"https:\/\/www.haztartas-ma.hu\/index.php\/receptek\/fozelekek\/magyaros-krumplifozelek\/#breadcrumb","itemListElement":[{"@type":"ListItem","position":1,"name":"Home","item":"https:\/\/www.haztartas-ma.hu\/"},{"@type":"ListItem","position":2,"name":"Magyaros krumplif\u0151zel\u00e9k"}]},{"@type":"WebSite","@id":"https:\/\/www.haztartas-ma.hu\/#website","url":"https:\/\/www.haztartas-ma.hu\/","name":"H\u00e1ztart\u00e1s Ma","description":"Egyszer\u0171 \u00e9telek, receptek, bef\u0151z\u00e9s, h\u00e1zi praktik\u00e1k","potentialAction":[{"@type":"SearchAction","target":{"@type":"EntryPoint","urlTemplate":"https:\/\/www.haztartas-ma.hu\/?s={search_term_string}"},"query-input":{"@type":"PropertyValueSpecification","valueRequired":true,"valueName":"search_term_string"}}],"inLanguage":"hu"},{"@type":"Person","@id":"https:\/\/www.haztartas-ma.hu\/#\/schema\/person\/227e4a4f0d4777cbee1121e91494197e","name":"Pap Zsuzsa","image":{"@type":"ImageObject","inLanguage":"hu","@id":"https:\/\/www.haztartas-ma.hu\/#\/schema\/person\/image\/","url":"https:\/\/secure.gravatar.com\/avatar\/2440b2ff40989c08a87baf0381e1a9dbe3ee77d34b712c593d29515b08cf2cbd?s=96&d=mm&r=g","contentUrl":"https:\/\/secure.gravatar.com\/avatar\/2440b2ff40989c08a87baf0381e1a9dbe3ee77d34b712c593d29515b08cf2cbd?s=96&d=mm&r=g","caption":"Pap Zsuzsa"}}]}},"jetpack_featured_media_url":"https:\/\/www.haztartas-ma.hu\/wp-content\/uploads\/2018\/06\/magyaros-krumplifozelek.jpg","jetpack_sharing_enabled":true,"_links":{"self":[{"href":"https:\/\/www.haztartas-ma.hu\/index.php\/wp-json\/wp\/v2\/posts\/21216","targetHints":{"allow":["GET"]}}],"collection":[{"href":"https:\/\/www.haztartas-ma.hu\/index.php\/wp-json\/wp\/v2\/posts"}],"about":[{"href":"https:\/\/www.haztartas-ma.hu\/index.php\/wp-json\/wp\/v2\/types\/post"}],"author":[{"embeddable":true,"href":"https:\/\/www.haztartas-ma.hu\/index.php\/wp-json\/wp\/v2\/users\/171"}],"replies":[{"embeddable":true,"href":"https:\/\/www.haztartas-ma.hu\/index.php\/wp-json\/wp\/v2\/comments?post=21216"}],"version-history":[{"count":2,"href":"https:\/\/www.haztartas-ma.hu\/index.php\/wp-json\/wp\/v2\/posts\/21216\/revisions"}],"predecessor-version":[{"id":29917,"href":"https:\/\/www.haztartas-ma.hu\/index.php\/wp-json\/wp\/v2\/posts\/21216\/revisions\/29917"}],"wp:featuredmedia":[{"embeddable":true,"href":"https:\/\/www.haztartas-ma.hu\/index.php\/wp-json\/wp\/v2\/media\/21233"}],"wp:attachment":[{"href":"https:\/\/www.haztartas-ma.hu\/index.php\/wp-json\/wp\/v2\/media?parent=21216"}],"wp:term":[{"taxonomy":"category","embeddable":true,"href":"https:\/\/www.haztartas-ma.hu\/index.php\/wp-json\/wp\/v2\/categories?post=21216"},{"taxonomy":"post_tag","embeddable":true,"href":"https:\/\/www.haztartas-ma.hu\/index.php\/wp-json\/wp\/v2\/tags?post=21216"}],"curies":[{"name":"wp","href":"https:\/\/api.w.org\/{rel}","templated":true}]}}