{"id":14185,"date":"2016-11-11T14:34:35","date_gmt":"2016-11-11T13:34:35","guid":{"rendered":"http:\/\/www.haztartas-ma.hu\/?p=14185"},"modified":"2026-04-08T08:34:44","modified_gmt":"2026-04-08T06:34:44","slug":"harcsapaprikas","status":"publish","type":"post","link":"https:\/\/www.haztartas-ma.hu\/index.php\/receptek\/haletelek\/harcsapaprikas\/","title":{"rendered":"Harcsapaprik\u00e1s"},"content":{"rendered":"<p>Harcsapaprik\u00e1s: sok ember kedvenc hal\u00e9tele. A harcsa kimondottan alkalmas p\u00f6rk\u00f6lt vagy paprik\u00e1s k\u00e9sz\u00edt\u00e9s\u00e9re, mivel nincs benne sz\u00e1lka \u00e9s gyorsan elk\u00e9sz\u00edthet\u0151.<\/p>\n<p><!--more--><\/p>\n<p><img loading=\"lazy\" decoding=\"async\" class=\"aligncenter size-medium wp-image-14193\" src=\"https:\/\/www.haztartas-ma.hu\/wp-content\/uploads\/2016\/11\/harcsa-paprikas-1-300x225.jpg\" alt=\"Harcsapaprik\u00e1s 1\" width=\"300\" height=\"225\" srcset=\"https:\/\/www.haztartas-ma.hu\/wp-content\/uploads\/2016\/11\/harcsa-paprikas-1-300x225.jpg 300w, https:\/\/www.haztartas-ma.hu\/wp-content\/uploads\/2016\/11\/harcsa-paprikas-1.jpg 640w\" sizes=\"(max-width: 300px) 100vw, 300px\" \/><\/p>\n<h2>Harcsapaprik\u00e1s recept<\/h2>\n<p>Elk\u00e9sz\u00edt\u00e9si id\u0151: 35 perc<\/p>\n<h3>Hozz\u00e1val\u00f3k<\/h3>\n<p>4 szem\u00e9lyre<\/p>\n<table width=\"225\">\n<tbody>\n<tr>\n<td width=\"225\">1 ek sert\u00e9s v. baromfizs\u00edr<\/td>\n<\/tr>\n<tr>\n<td>2 fej k\u00f6zepes hagyma<\/td>\n<\/tr>\n<tr>\n<td>1 db paradicsom<\/td>\n<\/tr>\n<tr>\n<td>1 db z\u00f6ldpaprika<\/td>\n<\/tr>\n<tr>\n<td>1 ek pirospaprika<\/td>\n<\/tr>\n<tr>\n<td>80 dkg <a href=\"https:\/\/hu.wikipedia.org\/wiki\/Eur%C3%B3pai_harcsa\">harcsa<\/a><\/td>\n<\/tr>\n<tr>\n<td>s\u00f3<\/td>\n<\/tr>\n<tr>\n<td>1 kis poh\u00e1r tejf\u00f6l<\/td>\n<\/tr>\n<tr>\n<td>2 ek liszt<\/td>\n<\/tr>\n<\/tbody>\n<\/table>\n<h4>Megjegyz\u00e9s<\/h4>\n<ul>\n<li>lehet m\u00e9g 1 &#8211; 2 gerezd felapr\u00edtott fokhagyma, kev\u00e9s \u0151r\u00f6lt k\u00f6m\u00e9ny &#8211; aki cs\u00edp\u0151sen szereti: 1 k\u00e1v\u00e9skan\u00e1l cs\u00edp\u0151s paprika<\/li>\n<\/ul>\n<h3>Bev\u00e1s\u00e1rl\u00f3lista<\/h3>\n<table width=\"231\">\n<tbody>\n<tr>\n<td width=\"231\">1 db paradicsom<\/td>\n<\/tr>\n<tr>\n<td>1 db z\u00f6ldpaprika<\/td>\n<\/tr>\n<tr>\n<td>80 dkg harcsa<\/td>\n<\/tr>\n<tr>\n<td>1 kis poh\u00e1r tejf\u00f6l<\/td>\n<\/tr>\n<\/tbody>\n<\/table>\n<h3>Eml\u00e9keztet\u0151<\/h3>\n<table width=\"179\">\n<tbody>\n<tr>\n<td width=\"179\">sert\u00e9s v. baromfizs\u00edr<\/td>\n<\/tr>\n<tr>\n<td>k\u00f6zepes hagyma<\/td>\n<\/tr>\n<tr>\n<td>pirospaprika<\/td>\n<\/tr>\n<tr>\n<td>s\u00f3<\/td>\n<\/tr>\n<tr>\n<td>liszt<\/td>\n<\/tr>\n<\/tbody>\n<\/table>\n<h3>Harcsapaprik\u00e1s k\u00e9sz\u00edt\u00e9se<\/h3>\n<p>Tal\u00e1n mondanom sem kell, hogy minden paprik\u00e1s alapja a p\u00f6rk\u00f6lt, ez\u00e9rt teh\u00e1t el\u0151sz\u00f6r el kell k\u00e9sz\u00edteni a harcsap\u00f6rk\u00f6ltet, majd be kell s\u0171r\u00edteni tejf\u00f6lbe kevert liszttel &#8211; \u00edgy lesz bel\u0151le paprik\u00e1s.<\/p>\n<ol>\n<li>Tedd fel a zs\u00edrt olvadni egy l\u00e1basban. Vigy\u00e1zz, nehogy t\u00falmelegedjen.<\/li>\n<li>V\u00e1gd apr\u00f3ra a hagym\u00e1t. \u00e9s dinszteld meg a zs\u00edrban. K\u00f6zben darabold fel a z\u00f6ldpaprik\u00e1t \u00e9s \u00a0a paradicsomot.\n<p><div id=\"attachment_14189\" style=\"width: 310px\" class=\"wp-caption aligncenter\"><img loading=\"lazy\" decoding=\"async\" aria-describedby=\"caption-attachment-14189\" class=\"size-medium wp-image-14189\" src=\"https:\/\/www.haztartas-ma.hu\/wp-content\/uploads\/2016\/11\/hagyma-dinszteles-300x225.jpg\" alt=\"Hagyma dinsztel\u00e9s\" width=\"300\" height=\"225\" srcset=\"https:\/\/www.haztartas-ma.hu\/wp-content\/uploads\/2016\/11\/hagyma-dinszteles-300x225.jpg 300w, https:\/\/www.haztartas-ma.hu\/wp-content\/uploads\/2016\/11\/hagyma-dinszteles.jpg 640w\" sizes=\"(max-width: 300px) 100vw, 300px\" \/><p id=\"caption-attachment-14189\" class=\"wp-caption-text\">Hagyma dinsztel\u00e9s<\/p><\/div><\/li>\n<li>Amikor a hagyma k\u00e9sz, add hozz\u00e1 a paradicsomot \u00e9s \u00f6nts bele kev\u00e9s vizet, majd add hozz\u00e1 a piros f\u0171szerpaprik\u00e1t \u00e9s z\u00f6ldpaprik\u00e1t is. (A paradicsom \u00e9s a kev\u00e9s v\u00edz az\u00e9rt kell, hogy a f\u0171szerpaprika meg ne \u00e9gjen a forr\u00f3 zs\u00edrban, mert megkeseredhet.)\n<p><div id=\"attachment_14187\" style=\"width: 310px\" class=\"wp-caption aligncenter\"><img loading=\"lazy\" decoding=\"async\" aria-describedby=\"caption-attachment-14187\" class=\"size-medium wp-image-14187\" src=\"https:\/\/www.haztartas-ma.hu\/wp-content\/uploads\/2016\/11\/fuszerek-izesitok-hozzaadasa-300x225.jpg\" alt=\"F\u0171szerek, \u00edzes\u00edt\u0151k hozz\u00e1ad\u00e1sa\" width=\"300\" height=\"225\" srcset=\"https:\/\/www.haztartas-ma.hu\/wp-content\/uploads\/2016\/11\/fuszerek-izesitok-hozzaadasa-300x225.jpg 300w, https:\/\/www.haztartas-ma.hu\/wp-content\/uploads\/2016\/11\/fuszerek-izesitok-hozzaadasa.jpg 640w\" sizes=\"(max-width: 300px) 100vw, 300px\" \/><p id=\"caption-attachment-14187\" class=\"wp-caption-text\">F\u0171szerek, \u00edzes\u00edt\u0151k hozz\u00e1ad\u00e1sa<\/p><\/div><\/li>\n<li>Keverd \u00f6ssze, kicsit p\u00e1rold m\u00e9g \u00e9s k\u00e9szen is van a p\u00f6rk\u00f6lt alap.\n<div id=\"attachment_14197\" style=\"width: 310px\" class=\"wp-caption aligncenter\"><img loading=\"lazy\" decoding=\"async\" aria-describedby=\"caption-attachment-14197\" class=\"size-medium wp-image-14197\" src=\"https:\/\/www.haztartas-ma.hu\/wp-content\/uploads\/2016\/11\/paprikas-alap-1-300x225.jpg\" alt=\"Paprik\u00e1s alap 1\" width=\"300\" height=\"225\" srcset=\"https:\/\/www.haztartas-ma.hu\/wp-content\/uploads\/2016\/11\/paprikas-alap-1-300x225.jpg 300w, https:\/\/www.haztartas-ma.hu\/wp-content\/uploads\/2016\/11\/paprikas-alap-1.jpg 640w\" sizes=\"(max-width: 300px) 100vw, 300px\" \/><p id=\"caption-attachment-14197\" class=\"wp-caption-text\">Paprik\u00e1s alap 1<\/p><\/div>\n<p><div id=\"attachment_14198\" style=\"width: 310px\" class=\"wp-caption aligncenter\"><img loading=\"lazy\" decoding=\"async\" aria-describedby=\"caption-attachment-14198\" class=\"size-medium wp-image-14198\" src=\"https:\/\/www.haztartas-ma.hu\/wp-content\/uploads\/2016\/11\/paprikas-alap-2-300x225.jpg\" alt=\"Paprik\u00e1s alap 2\" width=\"300\" height=\"225\" srcset=\"https:\/\/www.haztartas-ma.hu\/wp-content\/uploads\/2016\/11\/paprikas-alap-2-300x225.jpg 300w, https:\/\/www.haztartas-ma.hu\/wp-content\/uploads\/2016\/11\/paprikas-alap-2.jpg 640w\" sizes=\"(max-width: 300px) 100vw, 300px\" \/><p id=\"caption-attachment-14198\" class=\"wp-caption-text\">Paprik\u00e1s alap 2<\/p><\/div><\/li>\n<li>Am\u00edg az alap k\u00e9sz\u00fcl, v\u00e1gd fel kock\u00e1kra a harcs\u00e1t. Nagyobb darabok legyenek: 1,5 x 1,5, vagy ak\u00e1r 2 x 2 cm.\n<p><div id=\"attachment_14190\" style=\"width: 310px\" class=\"wp-caption aligncenter\"><img loading=\"lazy\" decoding=\"async\" aria-describedby=\"caption-attachment-14190\" class=\"size-medium wp-image-14190\" src=\"https:\/\/www.haztartas-ma.hu\/wp-content\/uploads\/2016\/11\/harcsa-felkockazve-300x225.jpg\" alt=\"Harcsa felkock\u00e1zva\" width=\"300\" height=\"225\" srcset=\"https:\/\/www.haztartas-ma.hu\/wp-content\/uploads\/2016\/11\/harcsa-felkockazve-300x225.jpg 300w, https:\/\/www.haztartas-ma.hu\/wp-content\/uploads\/2016\/11\/harcsa-felkockazve.jpg 640w\" sizes=\"(max-width: 300px) 100vw, 300px\" \/><p id=\"caption-attachment-14190\" class=\"wp-caption-text\">Harcsa felkock\u00e1zva<\/p><\/div><\/li>\n<li>Add hozz\u00e1 a felkock\u00e1zott harcs\u00e1t, \u00a0keverd \u00f6ssze az alappal \u00e9s s\u00f3zd meg. \u00d6nts hozz\u00e1 m\u00e9g annyi vizet, hogy a har\u00e1cs\u00e1t \u00e9ppen ellepje.\n<div id=\"attachment_14191\" style=\"width: 310px\" class=\"wp-caption aligncenter\"><img loading=\"lazy\" decoding=\"async\" aria-describedby=\"caption-attachment-14191\" class=\"size-medium wp-image-14191\" src=\"https:\/\/www.haztartas-ma.hu\/wp-content\/uploads\/2016\/11\/harcsa-hozzaadasa-300x225.jpg\" alt=\"Harcsa hozz\u00e1ad\u00e1sa\" width=\"300\" height=\"225\" srcset=\"https:\/\/www.haztartas-ma.hu\/wp-content\/uploads\/2016\/11\/harcsa-hozzaadasa-300x225.jpg 300w, https:\/\/www.haztartas-ma.hu\/wp-content\/uploads\/2016\/11\/harcsa-hozzaadasa.jpg 640w\" sizes=\"(max-width: 300px) 100vw, 300px\" \/><p id=\"caption-attachment-14191\" class=\"wp-caption-text\">Harcsa hozz\u00e1ad\u00e1sa<\/p><\/div>\n<p><div id=\"attachment_14199\" style=\"width: 310px\" class=\"wp-caption aligncenter\"><img loading=\"lazy\" decoding=\"async\" aria-describedby=\"caption-attachment-14199\" class=\"size-medium wp-image-14199\" src=\"https:\/\/www.haztartas-ma.hu\/wp-content\/uploads\/2016\/11\/parolas-1-300x225.jpg\" alt=\"P\u00e1rol\u00e1s 1\" width=\"300\" height=\"225\" srcset=\"https:\/\/www.haztartas-ma.hu\/wp-content\/uploads\/2016\/11\/parolas-1-300x225.jpg 300w, https:\/\/www.haztartas-ma.hu\/wp-content\/uploads\/2016\/11\/parolas-1.jpg 640w\" sizes=\"(max-width: 300px) 100vw, 300px\" \/><p id=\"caption-attachment-14199\" class=\"wp-caption-text\">P\u00e1rol\u00e1s 1<\/p><\/div><\/li>\n<li>P\u00e1rold addig, am\u00edg a harcsa megpuhul. K\u00f6zben ne kevergesd, hanem csak r\u00e1zogasd meg az ed\u00e9nyt.\n<p><div id=\"attachment_14200\" style=\"width: 310px\" class=\"wp-caption aligncenter\"><img loading=\"lazy\" decoding=\"async\" aria-describedby=\"caption-attachment-14200\" class=\"size-medium wp-image-14200\" src=\"https:\/\/www.haztartas-ma.hu\/wp-content\/uploads\/2016\/11\/parolas-2-300x225.jpg\" alt=\"P\u00e1rol\u00e1s 2\" width=\"300\" height=\"225\" srcset=\"https:\/\/www.haztartas-ma.hu\/wp-content\/uploads\/2016\/11\/parolas-2-300x225.jpg 300w, https:\/\/www.haztartas-ma.hu\/wp-content\/uploads\/2016\/11\/parolas-2.jpg 640w\" sizes=\"(max-width: 300px) 100vw, 300px\" \/><p id=\"caption-attachment-14200\" class=\"wp-caption-text\">P\u00e1rol\u00e1s 2<\/p><\/div><\/li>\n<li>K\u00e9sz\u00edtsd el a tejf\u00f6l\u00f6s habar\u00e1st \u00e9s h\u00edg\u00edtsd fel a p\u00f6rk\u00f6lt lev\u00e9vel.<\/li>\n<li>\u00d6ntsd a habar\u00e1st a halhoz, \u00f3vatosan keverd el \u00e9s forrald fel. Az \u00e9tel elk\u00e9sz\u00fclt.\n<div id=\"attachment_14188\" style=\"width: 310px\" class=\"wp-caption aligncenter\"><img loading=\"lazy\" decoding=\"async\" aria-describedby=\"caption-attachment-14188\" class=\"size-medium wp-image-14188\" src=\"https:\/\/www.haztartas-ma.hu\/wp-content\/uploads\/2016\/11\/habaras-tejfollel-300x225.jpg\" alt=\"Habar\u00e1s tejf\u00f6llel\" width=\"300\" height=\"225\" srcset=\"https:\/\/www.haztartas-ma.hu\/wp-content\/uploads\/2016\/11\/habaras-tejfollel-300x225.jpg 300w, https:\/\/www.haztartas-ma.hu\/wp-content\/uploads\/2016\/11\/habaras-tejfollel.jpg 640w\" sizes=\"(max-width: 300px) 100vw, 300px\" \/><p id=\"caption-attachment-14188\" class=\"wp-caption-text\">Habar\u00e1s tejf\u00f6llel<\/p><\/div>\n<p><div id=\"attachment_14194\" style=\"width: 310px\" class=\"wp-caption aligncenter\"><img loading=\"lazy\" decoding=\"async\" aria-describedby=\"caption-attachment-14194\" class=\"size-medium wp-image-14194\" src=\"https:\/\/www.haztartas-ma.hu\/wp-content\/uploads\/2016\/11\/harcsa-paprikas-keszen-300x225.jpg\" alt=\"Harcsapaprik\u00e1s k\u00e9szen\" width=\"300\" height=\"225\" srcset=\"https:\/\/www.haztartas-ma.hu\/wp-content\/uploads\/2016\/11\/harcsa-paprikas-keszen-300x225.jpg 300w, https:\/\/www.haztartas-ma.hu\/wp-content\/uploads\/2016\/11\/harcsa-paprikas-keszen.jpg 640w\" sizes=\"(max-width: 300px) 100vw, 300px\" \/><p id=\"caption-attachment-14194\" class=\"wp-caption-text\">Harcsapaprik\u00e1s k\u00e9szen<\/p><\/div><\/li>\n<\/ol>\n<h5>Elk\u00e9sz\u00edt\u00e9si id\u0151 (4 adaghoz):<\/h5>\n<ul>\n<li>Harcsa felkock\u00e1z\u00e1sa: 5perc<\/li>\n<li>P\u00f6rk\u00f6lt alap elk\u00e9sz\u00edt\u00e9se: 10 perc<\/li>\n<li>F\u0151z\u00e9si id\u0151: 15 perc<\/li>\n<li>Habar\u00e1s, felforral\u00e1s: 5 perc<\/li>\n<\/ul>\n<h5>\u00d6sszesen: 35 perc<\/h5>\n<h2>Harcsapaprik\u00e1s t\u00e1lal\u00e1sa<\/h2>\n<p>K\u00f6retk\u00e9nt tilos a krumpli vagy a sal\u00e1ta. T\u00e9sztaf\u00e9l\u00e9k illenek hozz\u00e1. T\u00e1lalhatod<\/p>\n<p>harcsapaprik\u00e1s <a href=\"https:\/\/www.haztartas-ma.hu\/index.php\/etelreceptek\/tesztafelek\/kifott-teszta\/nokedli-teszta-praktikak\/\">nokedli<\/a>val<\/p>\n<p>kapros nokedlival (a nokedlit vajban megfuttatott kaporra szedd ki vagy keverd a kaprot a nokedlit\u00e9szt\u00e1ba)<\/p>\n<p>sz\u00e9les met\u00e9lttel<\/p>\n<p>t\u00far\u00f3s t\u00e9szt\u00e1val<\/p>\n<p>harcsapaprik\u00e1s <a href=\"https:\/\/www.haztartas-ma.hu\/index.php\/etelreceptek\/tesztafelek\/kifott-teszta\/turos-csusza\/\">t\u00far\u00f3s csusz\u00e1<\/a>val<\/p>\n<div id=\"attachment_14202\" style=\"width: 650px\" class=\"wp-caption aligncenter\"><img loading=\"lazy\" decoding=\"async\" aria-describedby=\"caption-attachment-14202\" class=\"size-full wp-image-14202\" src=\"https:\/\/www.haztartas-ma.hu\/wp-content\/uploads\/2016\/11\/harcsa-paprikas-talalva-1-1.jpg\" alt=\"Harcsapaprik\u00e1s t\u00e1lalva 1\" width=\"640\" height=\"480\" srcset=\"https:\/\/www.haztartas-ma.hu\/wp-content\/uploads\/2016\/11\/harcsa-paprikas-talalva-1-1.jpg 640w, https:\/\/www.haztartas-ma.hu\/wp-content\/uploads\/2016\/11\/harcsa-paprikas-talalva-1-1-300x225.jpg 300w\" sizes=\"(max-width: 640px) 100vw, 640px\" \/><p id=\"caption-attachment-14202\" class=\"wp-caption-text\">Harcsapaprik\u00e1s kapros nokedlival<\/p><\/div>\n<p>&nbsp;<\/p>\n<p>Harcsapaprik\u00e1s recept k\u00e9pek: saj\u00e1t k\u00e9sz\u00edt\u00e9s\u0171 \u00e9tel saj\u00e1t elv\u00e9telei.<\/p>\n","protected":false},"excerpt":{"rendered":"<p>Harcsapaprik\u00e1s: sok ember kedvenc hal\u00e9tele. A harcsa kimondottan alkalmas p\u00f6rk\u00f6lt vagy paprik\u00e1s k\u00e9sz\u00edt\u00e9s\u00e9re, mivel nincs benne sz\u00e1lka \u00e9s gyorsan elk\u00e9sz\u00edthet\u0151.<\/p>\n","protected":false},"author":171,"featured_media":14192,"comment_status":"open","ping_status":"closed","sticky":false,"template":"","format":"standard","meta":{"_et_pb_use_builder":"","_et_pb_old_content":"","_et_gb_content_width":"","_jetpack_memberships_contains_paid_content":false,"footnotes":"","_wp_rev_ctl_limit":""},"categories":[535],"tags":[578,534,787],"class_list":["post-14185","post","type-post","status-publish","format-standard","has-post-thumbnail","hentry","category-haletelek","tag-harcsa-receptek","tag-magyaros-etelek","tag-paprikas-receptek","et-has-post-format-content","et_post_format-et-post-format-standard"],"yoast_head":"<!-- This site is optimized with the Yoast SEO plugin v27.1.1 - https:\/\/yoast.com\/product\/yoast-seo-wordpress\/ -->\n<title>Harcsapaprik\u00e1s - magyaros hal\u00e9tel sz\u00e1lka n\u00e9lk\u00fcl - H\u00e1ztart\u00e1s Ma<\/title>\n<meta name=\"description\" content=\"Harcsapaprik\u00e1s: magyaros \u00e9tel halb\u00f3l - sz\u00e1lka n\u00e9lk\u00fcl. Kinek lenne kedve paprik\u00e1sb\u00f3l sz\u00e1lk\u00e1t kiszedegetni. Itt nem kell, mert nincs benne.\" \/>\n<meta name=\"robots\" content=\"index, follow, max-snippet:-1, max-image-preview:large, max-video-preview:-1\" \/>\n<link rel=\"canonical\" href=\"https:\/\/www.haztartas-ma.hu\/index.php\/receptek\/haletelek\/harcsapaprikas\/\" \/>\n<meta property=\"og:locale\" content=\"hu_HU\" \/>\n<meta property=\"og:type\" content=\"article\" \/>\n<meta property=\"og:title\" content=\"Harcsapaprik\u00e1s - magyaros hal\u00e9tel sz\u00e1lka n\u00e9lk\u00fcl - H\u00e1ztart\u00e1s Ma\" \/>\n<meta property=\"og:description\" content=\"Harcsapaprik\u00e1s: magyaros \u00e9tel halb\u00f3l - sz\u00e1lka n\u00e9lk\u00fcl. Kinek lenne kedve paprik\u00e1sb\u00f3l sz\u00e1lk\u00e1t kiszedegetni. Itt nem kell, mert nincs benne.\" \/>\n<meta property=\"og:url\" content=\"https:\/\/www.haztartas-ma.hu\/index.php\/receptek\/haletelek\/harcsapaprikas\/\" \/>\n<meta property=\"og:site_name\" content=\"H\u00e1ztart\u00e1s Ma\" \/>\n<meta property=\"article:published_time\" content=\"2016-11-11T13:34:35+00:00\" \/>\n<meta property=\"article:modified_time\" content=\"2026-04-08T06:34:44+00:00\" \/>\n<meta property=\"og:image\" content=\"https:\/\/www.haztartas-ma.hu\/wp-content\/uploads\/2016\/11\/harcsa-paprikas.jpg\" \/>\n\t<meta property=\"og:image:width\" content=\"480\" \/>\n\t<meta property=\"og:image:height\" content=\"480\" \/>\n\t<meta property=\"og:image:type\" content=\"image\/jpeg\" \/>\n<meta name=\"author\" content=\"Pap Zsuzsa\" \/>\n<meta name=\"twitter:label1\" content=\"Szerz\u0151:\" \/>\n\t<meta name=\"twitter:data1\" content=\"Pap Zsuzsa\" \/>\n\t<meta name=\"twitter:label2\" content=\"Becs\u00fclt olvas\u00e1si id\u0151\" \/>\n\t<meta name=\"twitter:data2\" content=\"5 perc\" \/>\n<script type=\"application\/ld+json\" class=\"yoast-schema-graph\">{\"@context\":\"https:\/\/schema.org\",\"@graph\":[{\"@type\":\"Article\",\"@id\":\"https:\/\/www.haztartas-ma.hu\/index.php\/receptek\/haletelek\/harcsapaprikas\/#article\",\"isPartOf\":{\"@id\":\"https:\/\/www.haztartas-ma.hu\/index.php\/receptek\/haletelek\/harcsapaprikas\/\"},\"author\":{\"name\":\"Pap Zsuzsa\",\"@id\":\"https:\/\/www.haztartas-ma.hu\/#\/schema\/person\/227e4a4f0d4777cbee1121e91494197e\"},\"headline\":\"Harcsapaprik\u00e1s\",\"datePublished\":\"2016-11-11T13:34:35+00:00\",\"dateModified\":\"2026-04-08T06:34:44+00:00\",\"mainEntityOfPage\":{\"@id\":\"https:\/\/www.haztartas-ma.hu\/index.php\/receptek\/haletelek\/harcsapaprikas\/\"},\"wordCount\":633,\"commentCount\":0,\"image\":{\"@id\":\"https:\/\/www.haztartas-ma.hu\/index.php\/receptek\/haletelek\/harcsapaprikas\/#primaryimage\"},\"thumbnailUrl\":\"https:\/\/www.haztartas-ma.hu\/wp-content\/uploads\/2016\/11\/harcsa-paprikas.jpg\",\"keywords\":[\"Harcsa receptek\",\"Magyaros \u00e9telek\",\"Paprik\u00e1s receptek\"],\"articleSection\":[\"Hal\u00e9telek\"],\"inLanguage\":\"hu\",\"potentialAction\":[{\"@type\":\"CommentAction\",\"name\":\"Comment\",\"target\":[\"https:\/\/www.haztartas-ma.hu\/index.php\/receptek\/haletelek\/harcsapaprikas\/#respond\"]}]},{\"@type\":\"WebPage\",\"@id\":\"https:\/\/www.haztartas-ma.hu\/index.php\/receptek\/haletelek\/harcsapaprikas\/\",\"url\":\"https:\/\/www.haztartas-ma.hu\/index.php\/receptek\/haletelek\/harcsapaprikas\/\",\"name\":\"Harcsapaprik\u00e1s - magyaros hal\u00e9tel sz\u00e1lka n\u00e9lk\u00fcl - H\u00e1ztart\u00e1s Ma\",\"isPartOf\":{\"@id\":\"https:\/\/www.haztartas-ma.hu\/#website\"},\"primaryImageOfPage\":{\"@id\":\"https:\/\/www.haztartas-ma.hu\/index.php\/receptek\/haletelek\/harcsapaprikas\/#primaryimage\"},\"image\":{\"@id\":\"https:\/\/www.haztartas-ma.hu\/index.php\/receptek\/haletelek\/harcsapaprikas\/#primaryimage\"},\"thumbnailUrl\":\"https:\/\/www.haztartas-ma.hu\/wp-content\/uploads\/2016\/11\/harcsa-paprikas.jpg\",\"datePublished\":\"2016-11-11T13:34:35+00:00\",\"dateModified\":\"2026-04-08T06:34:44+00:00\",\"author\":{\"@id\":\"https:\/\/www.haztartas-ma.hu\/#\/schema\/person\/227e4a4f0d4777cbee1121e91494197e\"},\"description\":\"Harcsapaprik\u00e1s: magyaros \u00e9tel halb\u00f3l - sz\u00e1lka n\u00e9lk\u00fcl. Kinek lenne kedve paprik\u00e1sb\u00f3l sz\u00e1lk\u00e1t kiszedegetni. Itt nem kell, mert nincs benne.\",\"breadcrumb\":{\"@id\":\"https:\/\/www.haztartas-ma.hu\/index.php\/receptek\/haletelek\/harcsapaprikas\/#breadcrumb\"},\"inLanguage\":\"hu\",\"potentialAction\":[{\"@type\":\"ReadAction\",\"target\":[\"https:\/\/www.haztartas-ma.hu\/index.php\/receptek\/haletelek\/harcsapaprikas\/\"]}]},{\"@type\":\"ImageObject\",\"inLanguage\":\"hu\",\"@id\":\"https:\/\/www.haztartas-ma.hu\/index.php\/receptek\/haletelek\/harcsapaprikas\/#primaryimage\",\"url\":\"https:\/\/www.haztartas-ma.hu\/wp-content\/uploads\/2016\/11\/harcsa-paprikas.jpg\",\"contentUrl\":\"https:\/\/www.haztartas-ma.hu\/wp-content\/uploads\/2016\/11\/harcsa-paprikas.jpg\",\"width\":480,\"height\":480,\"caption\":\"Harcsapaprik\u00e1s\"},{\"@type\":\"BreadcrumbList\",\"@id\":\"https:\/\/www.haztartas-ma.hu\/index.php\/receptek\/haletelek\/harcsapaprikas\/#breadcrumb\",\"itemListElement\":[{\"@type\":\"ListItem\",\"position\":1,\"name\":\"Home\",\"item\":\"https:\/\/www.haztartas-ma.hu\/\"},{\"@type\":\"ListItem\",\"position\":2,\"name\":\"Harcsapaprik\u00e1s\"}]},{\"@type\":\"WebSite\",\"@id\":\"https:\/\/www.haztartas-ma.hu\/#website\",\"url\":\"https:\/\/www.haztartas-ma.hu\/\",\"name\":\"H\u00e1ztart\u00e1s Ma\",\"description\":\"Egyszer\u0171 \u00e9telek, receptek, bef\u0151z\u00e9s, h\u00e1zi praktik\u00e1k\",\"potentialAction\":[{\"@type\":\"SearchAction\",\"target\":{\"@type\":\"EntryPoint\",\"urlTemplate\":\"https:\/\/www.haztartas-ma.hu\/?s={search_term_string}\"},\"query-input\":{\"@type\":\"PropertyValueSpecification\",\"valueRequired\":true,\"valueName\":\"search_term_string\"}}],\"inLanguage\":\"hu\"},{\"@type\":\"Person\",\"@id\":\"https:\/\/www.haztartas-ma.hu\/#\/schema\/person\/227e4a4f0d4777cbee1121e91494197e\",\"name\":\"Pap Zsuzsa\",\"image\":{\"@type\":\"ImageObject\",\"inLanguage\":\"hu\",\"@id\":\"https:\/\/www.haztartas-ma.hu\/#\/schema\/person\/image\/\",\"url\":\"https:\/\/secure.gravatar.com\/avatar\/2440b2ff40989c08a87baf0381e1a9dbe3ee77d34b712c593d29515b08cf2cbd?s=96&d=mm&r=g\",\"contentUrl\":\"https:\/\/secure.gravatar.com\/avatar\/2440b2ff40989c08a87baf0381e1a9dbe3ee77d34b712c593d29515b08cf2cbd?s=96&d=mm&r=g\",\"caption\":\"Pap Zsuzsa\"}}]}<\/script>\n<!-- \/ Yoast SEO plugin. -->","yoast_head_json":{"title":"Harcsapaprik\u00e1s - magyaros hal\u00e9tel sz\u00e1lka n\u00e9lk\u00fcl - H\u00e1ztart\u00e1s Ma","description":"Harcsapaprik\u00e1s: magyaros \u00e9tel halb\u00f3l - sz\u00e1lka n\u00e9lk\u00fcl. Kinek lenne kedve paprik\u00e1sb\u00f3l sz\u00e1lk\u00e1t kiszedegetni. Itt nem kell, mert nincs benne.","robots":{"index":"index","follow":"follow","max-snippet":"max-snippet:-1","max-image-preview":"max-image-preview:large","max-video-preview":"max-video-preview:-1"},"canonical":"https:\/\/www.haztartas-ma.hu\/index.php\/receptek\/haletelek\/harcsapaprikas\/","og_locale":"hu_HU","og_type":"article","og_title":"Harcsapaprik\u00e1s - magyaros hal\u00e9tel sz\u00e1lka n\u00e9lk\u00fcl - H\u00e1ztart\u00e1s Ma","og_description":"Harcsapaprik\u00e1s: magyaros \u00e9tel halb\u00f3l - sz\u00e1lka n\u00e9lk\u00fcl. Kinek lenne kedve paprik\u00e1sb\u00f3l sz\u00e1lk\u00e1t kiszedegetni. Itt nem kell, mert nincs benne.","og_url":"https:\/\/www.haztartas-ma.hu\/index.php\/receptek\/haletelek\/harcsapaprikas\/","og_site_name":"H\u00e1ztart\u00e1s Ma","article_published_time":"2016-11-11T13:34:35+00:00","article_modified_time":"2026-04-08T06:34:44+00:00","og_image":[{"width":480,"height":480,"url":"https:\/\/www.haztartas-ma.hu\/wp-content\/uploads\/2016\/11\/harcsa-paprikas.jpg","type":"image\/jpeg"}],"author":"Pap Zsuzsa","twitter_misc":{"Szerz\u0151:":"Pap Zsuzsa","Becs\u00fclt olvas\u00e1si id\u0151":"5 perc"},"schema":{"@context":"https:\/\/schema.org","@graph":[{"@type":"Article","@id":"https:\/\/www.haztartas-ma.hu\/index.php\/receptek\/haletelek\/harcsapaprikas\/#article","isPartOf":{"@id":"https:\/\/www.haztartas-ma.hu\/index.php\/receptek\/haletelek\/harcsapaprikas\/"},"author":{"name":"Pap Zsuzsa","@id":"https:\/\/www.haztartas-ma.hu\/#\/schema\/person\/227e4a4f0d4777cbee1121e91494197e"},"headline":"Harcsapaprik\u00e1s","datePublished":"2016-11-11T13:34:35+00:00","dateModified":"2026-04-08T06:34:44+00:00","mainEntityOfPage":{"@id":"https:\/\/www.haztartas-ma.hu\/index.php\/receptek\/haletelek\/harcsapaprikas\/"},"wordCount":633,"commentCount":0,"image":{"@id":"https:\/\/www.haztartas-ma.hu\/index.php\/receptek\/haletelek\/harcsapaprikas\/#primaryimage"},"thumbnailUrl":"https:\/\/www.haztartas-ma.hu\/wp-content\/uploads\/2016\/11\/harcsa-paprikas.jpg","keywords":["Harcsa receptek","Magyaros \u00e9telek","Paprik\u00e1s receptek"],"articleSection":["Hal\u00e9telek"],"inLanguage":"hu","potentialAction":[{"@type":"CommentAction","name":"Comment","target":["https:\/\/www.haztartas-ma.hu\/index.php\/receptek\/haletelek\/harcsapaprikas\/#respond"]}]},{"@type":"WebPage","@id":"https:\/\/www.haztartas-ma.hu\/index.php\/receptek\/haletelek\/harcsapaprikas\/","url":"https:\/\/www.haztartas-ma.hu\/index.php\/receptek\/haletelek\/harcsapaprikas\/","name":"Harcsapaprik\u00e1s - magyaros hal\u00e9tel sz\u00e1lka n\u00e9lk\u00fcl - H\u00e1ztart\u00e1s Ma","isPartOf":{"@id":"https:\/\/www.haztartas-ma.hu\/#website"},"primaryImageOfPage":{"@id":"https:\/\/www.haztartas-ma.hu\/index.php\/receptek\/haletelek\/harcsapaprikas\/#primaryimage"},"image":{"@id":"https:\/\/www.haztartas-ma.hu\/index.php\/receptek\/haletelek\/harcsapaprikas\/#primaryimage"},"thumbnailUrl":"https:\/\/www.haztartas-ma.hu\/wp-content\/uploads\/2016\/11\/harcsa-paprikas.jpg","datePublished":"2016-11-11T13:34:35+00:00","dateModified":"2026-04-08T06:34:44+00:00","author":{"@id":"https:\/\/www.haztartas-ma.hu\/#\/schema\/person\/227e4a4f0d4777cbee1121e91494197e"},"description":"Harcsapaprik\u00e1s: magyaros \u00e9tel halb\u00f3l - sz\u00e1lka n\u00e9lk\u00fcl. Kinek lenne kedve paprik\u00e1sb\u00f3l sz\u00e1lk\u00e1t kiszedegetni. Itt nem kell, mert nincs benne.","breadcrumb":{"@id":"https:\/\/www.haztartas-ma.hu\/index.php\/receptek\/haletelek\/harcsapaprikas\/#breadcrumb"},"inLanguage":"hu","potentialAction":[{"@type":"ReadAction","target":["https:\/\/www.haztartas-ma.hu\/index.php\/receptek\/haletelek\/harcsapaprikas\/"]}]},{"@type":"ImageObject","inLanguage":"hu","@id":"https:\/\/www.haztartas-ma.hu\/index.php\/receptek\/haletelek\/harcsapaprikas\/#primaryimage","url":"https:\/\/www.haztartas-ma.hu\/wp-content\/uploads\/2016\/11\/harcsa-paprikas.jpg","contentUrl":"https:\/\/www.haztartas-ma.hu\/wp-content\/uploads\/2016\/11\/harcsa-paprikas.jpg","width":480,"height":480,"caption":"Harcsapaprik\u00e1s"},{"@type":"BreadcrumbList","@id":"https:\/\/www.haztartas-ma.hu\/index.php\/receptek\/haletelek\/harcsapaprikas\/#breadcrumb","itemListElement":[{"@type":"ListItem","position":1,"name":"Home","item":"https:\/\/www.haztartas-ma.hu\/"},{"@type":"ListItem","position":2,"name":"Harcsapaprik\u00e1s"}]},{"@type":"WebSite","@id":"https:\/\/www.haztartas-ma.hu\/#website","url":"https:\/\/www.haztartas-ma.hu\/","name":"H\u00e1ztart\u00e1s Ma","description":"Egyszer\u0171 \u00e9telek, receptek, bef\u0151z\u00e9s, h\u00e1zi praktik\u00e1k","potentialAction":[{"@type":"SearchAction","target":{"@type":"EntryPoint","urlTemplate":"https:\/\/www.haztartas-ma.hu\/?s={search_term_string}"},"query-input":{"@type":"PropertyValueSpecification","valueRequired":true,"valueName":"search_term_string"}}],"inLanguage":"hu"},{"@type":"Person","@id":"https:\/\/www.haztartas-ma.hu\/#\/schema\/person\/227e4a4f0d4777cbee1121e91494197e","name":"Pap Zsuzsa","image":{"@type":"ImageObject","inLanguage":"hu","@id":"https:\/\/www.haztartas-ma.hu\/#\/schema\/person\/image\/","url":"https:\/\/secure.gravatar.com\/avatar\/2440b2ff40989c08a87baf0381e1a9dbe3ee77d34b712c593d29515b08cf2cbd?s=96&d=mm&r=g","contentUrl":"https:\/\/secure.gravatar.com\/avatar\/2440b2ff40989c08a87baf0381e1a9dbe3ee77d34b712c593d29515b08cf2cbd?s=96&d=mm&r=g","caption":"Pap Zsuzsa"}}]}},"jetpack_featured_media_url":"https:\/\/www.haztartas-ma.hu\/wp-content\/uploads\/2016\/11\/harcsa-paprikas.jpg","jetpack_sharing_enabled":true,"_links":{"self":[{"href":"https:\/\/www.haztartas-ma.hu\/index.php\/wp-json\/wp\/v2\/posts\/14185","targetHints":{"allow":["GET"]}}],"collection":[{"href":"https:\/\/www.haztartas-ma.hu\/index.php\/wp-json\/wp\/v2\/posts"}],"about":[{"href":"https:\/\/www.haztartas-ma.hu\/index.php\/wp-json\/wp\/v2\/types\/post"}],"author":[{"embeddable":true,"href":"https:\/\/www.haztartas-ma.hu\/index.php\/wp-json\/wp\/v2\/users\/171"}],"replies":[{"embeddable":true,"href":"https:\/\/www.haztartas-ma.hu\/index.php\/wp-json\/wp\/v2\/comments?post=14185"}],"version-history":[{"count":3,"href":"https:\/\/www.haztartas-ma.hu\/index.php\/wp-json\/wp\/v2\/posts\/14185\/revisions"}],"predecessor-version":[{"id":37750,"href":"https:\/\/www.haztartas-ma.hu\/index.php\/wp-json\/wp\/v2\/posts\/14185\/revisions\/37750"}],"wp:featuredmedia":[{"embeddable":true,"href":"https:\/\/www.haztartas-ma.hu\/index.php\/wp-json\/wp\/v2\/media\/14192"}],"wp:attachment":[{"href":"https:\/\/www.haztartas-ma.hu\/index.php\/wp-json\/wp\/v2\/media?parent=14185"}],"wp:term":[{"taxonomy":"category","embeddable":true,"href":"https:\/\/www.haztartas-ma.hu\/index.php\/wp-json\/wp\/v2\/categories?post=14185"},{"taxonomy":"post_tag","embeddable":true,"href":"https:\/\/www.haztartas-ma.hu\/index.php\/wp-json\/wp\/v2\/tags?post=14185"}],"curies":[{"name":"wp","href":"https:\/\/api.w.org\/{rel}","templated":true}]}}