{"id":12371,"date":"2016-04-10T14:58:34","date_gmt":"2016-04-10T12:58:34","guid":{"rendered":"http:\/\/www.haztartas-ma.hu\/?p=12371"},"modified":"2021-10-14T12:30:31","modified_gmt":"2021-10-14T10:30:31","slug":"eperfesztival-tahitotfalu","status":"publish","type":"post","link":"https:\/\/www.haztartas-ma.hu\/index.php\/unnepek\/fesztivalok\/eperfesztival-tahitotfalu\/","title":{"rendered":"Eperfesztiv\u00e1l Tahit\u00f3tfalu 2021"},"content":{"rendered":"<p>Eperfesztiv\u00e1l Tahit\u00f3tfalu 2021: rem\u00e9lj\u00fck, ebben az \u00e9vben nem marad el az Eperfesztiv\u00e1l Tahit\u00f3tfaluban. \u00a0A k\u00f6rny\u00e9ken nagyon sok eper terem, j\u00f3 lenne meg\u00fcnnepelni.<\/p>\n<p><!--more--><\/p>\n<p><img loading=\"lazy\" decoding=\"async\" class=\"aligncenter size-medium wp-image-10085\" src=\"https:\/\/www.haztartas-ma.hu\/wp-content\/uploads\/2015\/05\/eper-300x225.jpg\" alt=\"eper\" width=\"300\" height=\"225\" srcset=\"https:\/\/www.haztartas-ma.hu\/wp-content\/uploads\/2015\/05\/eper-300x225.jpg 300w, https:\/\/www.haztartas-ma.hu\/wp-content\/uploads\/2015\/05\/eper.jpg 400w\" sizes=\"(max-width: 300px) 100vw, 300px\" \/><\/p>\n<p>Arr\u00f3l olvashatsz itt, hogy milyen programok voltak az elm\u00falt \u00e9vekben a fesztiv\u00e1lon, p\u00e9ld\u00e1ul 2019-ben, amikor m\u00e9g se h\u00edre, se hamva nem volt a koronav\u00edrusnak. Val\u00f3sz\u00edn\u0171leg az id\u00e9n is hasonl\u00f3k lettek volna, hiszen az \u00e9vr\u0151l \u00e9vre ism\u00e9tl\u0151d\u0151 esem\u00e9nyek programjai \u00e1ltal\u00e1ban kev\u00e9ss\u00e9 t\u00e9rnek el egym\u00e1st\u00f3l.<\/p>\n<h2>Eperfesztiv\u00e1l &#8211; a szok\u00e1sos &#8222;szakmai&#8221; programok<\/h2>\n<h3>Gasztron\u00f3mia<\/h3>\n<p>Ami a fesztiv\u00e1l gasztron\u00f3miai r\u00e9sz\u00e9t illeti, mindig az <a href=\"https:\/\/hu.wikipedia.org\/wiki\/Eper_(n%C3%B6v%C3%A9nyfaj)\">eper<\/a> a f\u0151szerepl\u0151. Szokott lenni:<\/p>\n<h4><a href=\"https:\/\/www.haztartas-ma.hu\/index.php\/befozes-tartositas\/lekvar\/lekvarfozes-2\/\">Lekv\u00e1rf\u0151z\u00e9s<\/a> a Fesztiv\u00e1lparkban<\/h4>\n<p>A lekv\u00e1rf\u0151z\u00e9s renesz\u00e1nsz\u00e1t \u00e9li napjainkban. Az emberek r\u00e1j\u00f6ttek, hogy a k\u00e9szen v\u00e1s\u00e1rolt lekv\u00e1rok t\u00f6bb szempontb\u00f3l sem felelnek meg a mai ig\u00e9nyeknek. Ennek okai:<\/p>\n<ul>\n<li>kev\u00e9s gy\u00fcm\u00f6lcs\u00f6t tartalmaznak<\/li>\n<li>sok benn\u00fck a cukor<\/li>\n<li>tart\u00f3s\u00edt\u00f3szerekkel \u00e9rik el, hogy ne romoljon meg.<\/li>\n<\/ul>\n<p>A mai korban egyre fontosabb az eg\u00e9szs\u00e9g- \u00e9s k\u00f6rnyezetv\u00e9delem, ez\u00e9rt a lekv\u00e1rokkal szemben t\u00e1masztott ig\u00e9nyek is megv\u00e1ltoztak:<\/p>\n<ul>\n<li>magasabb legyen a gy\u00fcm\u00f6lcstartalma<\/li>\n<li>kev\u00e9s cukrot tartalmazzon<\/li>\n<li>tart\u00f3s\u00edt\u00f3szer n\u00e9lk\u00fcl k\u00e9sz\u00fclj\u00f6n.<\/li>\n<\/ul>\n<p>Ilyen lekv\u00e1rokat k\u00e9sz\u00edteni nem lehetetlen, k\u00e9sz\u00edt\u00e9s\u00e9nek mik\u00e9ntj\u00e9t a hozz\u00e1\u00e9rt\u0151 csal\u00e1dtagokt\u00f3l vagy k\u00e9zm\u0171ves lekv\u00e1rok k\u00e9sz\u00edt\u0151it\u0151l lehet megtanulni.<\/p>\n<p>Ez\u00e9rt lett n\u00e9pszer\u0171 a lekv\u00e1rk\u00e9sz\u00edt\u00e9s a fesztiv\u00e1lokon a l\u00e1togat\u00f3k szeme el\u0151tt. Aki nem v\u00e1s\u00e1rolni, hanem k\u00e9sz\u00edteni szeretn\u00e9 a lekv\u00e1rt, sz\u00e1m\u00e1ra itt a legjobb alkalom: a lekv\u00e1rk\u00e9sz\u00edt\u0151kt\u0151l meg lehet tanulni az eperlekv\u00e1r f\u0151z\u00e9s\u00e9nek minden titk\u00e1t.<\/p>\n<h4>Epres finoms\u00e1gok vet\u00e9lked\u0151je az eperfesztiv\u00e1lon<\/h4>\n<p>(<a href=\"https:\/\/www.haztartas-ma.hu\/index.php\/befozes-tartositas\/szorp-gyumolcsle\/eperszorp-dzsem-es-lekvar\/\">eperlekv\u00e1r, eperdzsem, epersz\u00f6rp h\u00e1zilag<\/a>)<\/p>\n<p>Nem mindenkinek van ideje vagy kedve otthon lekv\u00e1rt f\u0151zni. A fesztiv\u00e1lok vet\u00e9lked\u0151i az\u00e9rt is hasznosak, mert a l\u00e1togat\u00f3k megtudhatj\u00e1k, hol k\u00e9sz\u00fclnek a legfinomabb lekv\u00e1rok, \u00e9s v\u00e1s\u00e1rl\u00e1skor tudni fogj\u00e1k, milyen v\u00e1llalkoz\u00e1sok, c\u00e9gek lekv\u00e1rjait keress\u00e9k els\u0151sorban az \u00fczletekben.<\/p>\n<h3>K\u00e9zm\u0171ves v\u00e1s\u00e1r<\/h3>\n<p>Lehet v\u00e1s\u00e1rolni eperb\u0151l k\u00e9sz\u00fclt \u00e9s m\u00e1s k\u00e9zm\u0171ves term\u00e9keket, \u00edgy p\u00e9ld\u00e1ul k\u00fcl\u00f6nf\u00e9le eperlekv\u00e1rokat, -dzsemeke, -sz\u00f6rp\u00f6ket -borokat, -p\u00e1link\u00e1kat. Aki azt szeretn\u00e9, hogy a k\u00e9zm\u0171ves, eperb\u0151l k\u00e9sz\u00fclt lekv\u00e1rok \u00e9s egy\u00e9b finoms\u00e1gok min\u00e9l el\u0151tt a kamr\u00e1ba ker\u00fcljenek, meg is tudja v\u00e1s\u00e1rolni ezeket az eperfesztiv\u00e1lokon.,<\/p>\n<h2>Az eperfesztiv\u00e1l egy\u00e9b programjai<\/h2>\n<p>P\u00e9ld\u00e1ul:<\/p>\n<ul>\n<li>csal\u00e1di vet\u00e9lked\u0151<\/li>\n<li>koncertek (sok ismert zenekarral)<\/li>\n<li>gyerekm\u0171sorok<\/li>\n<li>epersz\u00fcreti felvonul\u00e1s<\/li>\n<\/ul>\n<p>&nbsp;<\/p>\n<form action=\"https:\/\/autoresponder.hu\/euval\/register.cgi\" method=\"post\" name=\"subscribeform\"><\/form>\n<p><!-- End form --><\/p>\n","protected":false},"excerpt":{"rendered":"<p>Eperfesztiv\u00e1l Tahit\u00f3tfalu 2021: rem\u00e9lj\u00fck, ebben az \u00e9vben nem marad el az Eperfesztiv\u00e1l Tahit\u00f3tfaluban. \u00a0A k\u00f6rny\u00e9ken nagyon sok eper terem, j\u00f3 lenne meg\u00fcnnepelni.<\/p>\n","protected":false},"author":171,"featured_media":5838,"comment_status":"open","ping_status":"closed","sticky":false,"template":"","format":"standard","meta":{"_et_pb_use_builder":"","_et_pb_old_content":"","_et_gb_content_width":"","_jetpack_memberships_contains_paid_content":false,"footnotes":"","_wp_rev_ctl_limit":""},"categories":[755],"tags":[552,549],"class_list":["post-12371","post","type-post","status-publish","format-standard","has-post-thumbnail","hentry","category-fesztivalok","tag-eper-befozese","tag-gasztronomiai-fesztivalok","et-has-post-format-content","et_post_format-et-post-format-standard"],"yoast_head":"<!-- This site is optimized with the Yoast SEO plugin v27.1.1 - https:\/\/yoast.com\/product\/yoast-seo-wordpress\/ -->\n<title>Eperfesztiv\u00e1l Tahit\u00f3tfalu - 2020-ban sajnos elmarad - H\u00e1ztart\u00e1s Ma<\/title>\n<meta name=\"description\" content=\"Eperfesztiv\u00e1l Tahit\u00f3tfalu: rem\u00e9lj\u00fck, 2021-ben nem marad el ez a szenz\u00e1ci\u00f3s gasztron\u00f3miai esem\u00e9ny, mivel a k\u00f6rny\u00e9ken m\u00e1r nagyon v\u00e1rj\u00e1k.\" \/>\n<meta name=\"robots\" content=\"index, follow, max-snippet:-1, max-image-preview:large, max-video-preview:-1\" \/>\n<link rel=\"canonical\" href=\"https:\/\/www.haztartas-ma.hu\/index.php\/unnepek\/fesztivalok\/eperfesztival-tahitotfalu\/\" \/>\n<meta property=\"og:locale\" content=\"hu_HU\" \/>\n<meta property=\"og:type\" content=\"article\" \/>\n<meta property=\"og:title\" content=\"Eperfesztiv\u00e1l Tahit\u00f3tfalu - 2020-ban sajnos elmarad - H\u00e1ztart\u00e1s Ma\" \/>\n<meta property=\"og:description\" content=\"Eperfesztiv\u00e1l Tahit\u00f3tfalu: rem\u00e9lj\u00fck, 2021-ben nem marad el ez a szenz\u00e1ci\u00f3s gasztron\u00f3miai esem\u00e9ny, mivel a k\u00f6rny\u00e9ken m\u00e1r nagyon v\u00e1rj\u00e1k.\" \/>\n<meta property=\"og:url\" content=\"https:\/\/www.haztartas-ma.hu\/index.php\/unnepek\/fesztivalok\/eperfesztival-tahitotfalu\/\" \/>\n<meta property=\"og:site_name\" content=\"H\u00e1ztart\u00e1s Ma\" \/>\n<meta property=\"article:published_time\" content=\"2016-04-10T12:58:34+00:00\" \/>\n<meta property=\"article:modified_time\" content=\"2021-10-14T10:30:31+00:00\" \/>\n<meta property=\"og:image\" content=\"https:\/\/i1.wp.com\/www.haztartas-ma.hu\/wp-content\/uploads\/2013\/05\/eper1.jpg?fit=300%2C300&ssl=1\" \/>\n\t<meta property=\"og:image:width\" content=\"300\" \/>\n\t<meta property=\"og:image:height\" content=\"300\" \/>\n\t<meta property=\"og:image:type\" content=\"image\/jpeg\" \/>\n<meta name=\"author\" content=\"Pap Zsuzsa\" \/>\n<meta name=\"twitter:label1\" content=\"Szerz\u0151:\" \/>\n\t<meta name=\"twitter:data1\" content=\"Pap Zsuzsa\" \/>\n\t<meta name=\"twitter:label2\" content=\"Becs\u00fclt olvas\u00e1si id\u0151\" \/>\n\t<meta name=\"twitter:data2\" content=\"3 perc\" \/>\n<script type=\"application\/ld+json\" class=\"yoast-schema-graph\">{\"@context\":\"https:\/\/schema.org\",\"@graph\":[{\"@type\":\"Article\",\"@id\":\"https:\/\/www.haztartas-ma.hu\/index.php\/unnepek\/fesztivalok\/eperfesztival-tahitotfalu\/#article\",\"isPartOf\":{\"@id\":\"https:\/\/www.haztartas-ma.hu\/index.php\/unnepek\/fesztivalok\/eperfesztival-tahitotfalu\/\"},\"author\":{\"name\":\"Pap Zsuzsa\",\"@id\":\"https:\/\/www.haztartas-ma.hu\/#\/schema\/person\/227e4a4f0d4777cbee1121e91494197e\"},\"headline\":\"Eperfesztiv\u00e1l Tahit\u00f3tfalu 2021\",\"datePublished\":\"2016-04-10T12:58:34+00:00\",\"dateModified\":\"2021-10-14T10:30:31+00:00\",\"mainEntityOfPage\":{\"@id\":\"https:\/\/www.haztartas-ma.hu\/index.php\/unnepek\/fesztivalok\/eperfesztival-tahitotfalu\/\"},\"wordCount\":514,\"commentCount\":0,\"image\":{\"@id\":\"https:\/\/www.haztartas-ma.hu\/index.php\/unnepek\/fesztivalok\/eperfesztival-tahitotfalu\/#primaryimage\"},\"thumbnailUrl\":\"https:\/\/www.haztartas-ma.hu\/wp-content\/uploads\/2013\/05\/eper1.jpg\",\"keywords\":[\"Eper bef\u0151z\u00e9se\",\"Gasztron\u00f3miai fesztiv\u00e1lok\"],\"articleSection\":[\"Fesztiv\u00e1lok\"],\"inLanguage\":\"hu\",\"potentialAction\":[{\"@type\":\"CommentAction\",\"name\":\"Comment\",\"target\":[\"https:\/\/www.haztartas-ma.hu\/index.php\/unnepek\/fesztivalok\/eperfesztival-tahitotfalu\/#respond\"]}]},{\"@type\":\"WebPage\",\"@id\":\"https:\/\/www.haztartas-ma.hu\/index.php\/unnepek\/fesztivalok\/eperfesztival-tahitotfalu\/\",\"url\":\"https:\/\/www.haztartas-ma.hu\/index.php\/unnepek\/fesztivalok\/eperfesztival-tahitotfalu\/\",\"name\":\"Eperfesztiv\u00e1l Tahit\u00f3tfalu - 2020-ban sajnos elmarad - H\u00e1ztart\u00e1s Ma\",\"isPartOf\":{\"@id\":\"https:\/\/www.haztartas-ma.hu\/#website\"},\"primaryImageOfPage\":{\"@id\":\"https:\/\/www.haztartas-ma.hu\/index.php\/unnepek\/fesztivalok\/eperfesztival-tahitotfalu\/#primaryimage\"},\"image\":{\"@id\":\"https:\/\/www.haztartas-ma.hu\/index.php\/unnepek\/fesztivalok\/eperfesztival-tahitotfalu\/#primaryimage\"},\"thumbnailUrl\":\"https:\/\/www.haztartas-ma.hu\/wp-content\/uploads\/2013\/05\/eper1.jpg\",\"datePublished\":\"2016-04-10T12:58:34+00:00\",\"dateModified\":\"2021-10-14T10:30:31+00:00\",\"author\":{\"@id\":\"https:\/\/www.haztartas-ma.hu\/#\/schema\/person\/227e4a4f0d4777cbee1121e91494197e\"},\"description\":\"Eperfesztiv\u00e1l Tahit\u00f3tfalu: rem\u00e9lj\u00fck, 2021-ben nem marad el ez a szenz\u00e1ci\u00f3s gasztron\u00f3miai esem\u00e9ny, mivel a k\u00f6rny\u00e9ken m\u00e1r nagyon v\u00e1rj\u00e1k.\",\"breadcrumb\":{\"@id\":\"https:\/\/www.haztartas-ma.hu\/index.php\/unnepek\/fesztivalok\/eperfesztival-tahitotfalu\/#breadcrumb\"},\"inLanguage\":\"hu\",\"potentialAction\":[{\"@type\":\"ReadAction\",\"target\":[\"https:\/\/www.haztartas-ma.hu\/index.php\/unnepek\/fesztivalok\/eperfesztival-tahitotfalu\/\"]}]},{\"@type\":\"ImageObject\",\"inLanguage\":\"hu\",\"@id\":\"https:\/\/www.haztartas-ma.hu\/index.php\/unnepek\/fesztivalok\/eperfesztival-tahitotfalu\/#primaryimage\",\"url\":\"https:\/\/www.haztartas-ma.hu\/wp-content\/uploads\/2013\/05\/eper1.jpg\",\"contentUrl\":\"https:\/\/www.haztartas-ma.hu\/wp-content\/uploads\/2013\/05\/eper1.jpg\",\"width\":300,\"height\":300},{\"@type\":\"BreadcrumbList\",\"@id\":\"https:\/\/www.haztartas-ma.hu\/index.php\/unnepek\/fesztivalok\/eperfesztival-tahitotfalu\/#breadcrumb\",\"itemListElement\":[{\"@type\":\"ListItem\",\"position\":1,\"name\":\"Home\",\"item\":\"https:\/\/www.haztartas-ma.hu\/\"},{\"@type\":\"ListItem\",\"position\":2,\"name\":\"Eperfesztiv\u00e1l Tahit\u00f3tfalu 2021\"}]},{\"@type\":\"WebSite\",\"@id\":\"https:\/\/www.haztartas-ma.hu\/#website\",\"url\":\"https:\/\/www.haztartas-ma.hu\/\",\"name\":\"H\u00e1ztart\u00e1s Ma\",\"description\":\"Egyszer\u0171 \u00e9telek, receptek, bef\u0151z\u00e9s, h\u00e1zi praktik\u00e1k\",\"potentialAction\":[{\"@type\":\"SearchAction\",\"target\":{\"@type\":\"EntryPoint\",\"urlTemplate\":\"https:\/\/www.haztartas-ma.hu\/?s={search_term_string}\"},\"query-input\":{\"@type\":\"PropertyValueSpecification\",\"valueRequired\":true,\"valueName\":\"search_term_string\"}}],\"inLanguage\":\"hu\"},{\"@type\":\"Person\",\"@id\":\"https:\/\/www.haztartas-ma.hu\/#\/schema\/person\/227e4a4f0d4777cbee1121e91494197e\",\"name\":\"Pap Zsuzsa\",\"image\":{\"@type\":\"ImageObject\",\"inLanguage\":\"hu\",\"@id\":\"https:\/\/www.haztartas-ma.hu\/#\/schema\/person\/image\/\",\"url\":\"https:\/\/secure.gravatar.com\/avatar\/2440b2ff40989c08a87baf0381e1a9dbe3ee77d34b712c593d29515b08cf2cbd?s=96&d=mm&r=g\",\"contentUrl\":\"https:\/\/secure.gravatar.com\/avatar\/2440b2ff40989c08a87baf0381e1a9dbe3ee77d34b712c593d29515b08cf2cbd?s=96&d=mm&r=g\",\"caption\":\"Pap Zsuzsa\"}}]}<\/script>\n<!-- \/ Yoast SEO plugin. -->","yoast_head_json":{"title":"Eperfesztiv\u00e1l Tahit\u00f3tfalu - 2020-ban sajnos elmarad - H\u00e1ztart\u00e1s Ma","description":"Eperfesztiv\u00e1l Tahit\u00f3tfalu: rem\u00e9lj\u00fck, 2021-ben nem marad el ez a szenz\u00e1ci\u00f3s gasztron\u00f3miai esem\u00e9ny, mivel a k\u00f6rny\u00e9ken m\u00e1r nagyon v\u00e1rj\u00e1k.","robots":{"index":"index","follow":"follow","max-snippet":"max-snippet:-1","max-image-preview":"max-image-preview:large","max-video-preview":"max-video-preview:-1"},"canonical":"https:\/\/www.haztartas-ma.hu\/index.php\/unnepek\/fesztivalok\/eperfesztival-tahitotfalu\/","og_locale":"hu_HU","og_type":"article","og_title":"Eperfesztiv\u00e1l Tahit\u00f3tfalu - 2020-ban sajnos elmarad - H\u00e1ztart\u00e1s Ma","og_description":"Eperfesztiv\u00e1l Tahit\u00f3tfalu: rem\u00e9lj\u00fck, 2021-ben nem marad el ez a szenz\u00e1ci\u00f3s gasztron\u00f3miai esem\u00e9ny, mivel a k\u00f6rny\u00e9ken m\u00e1r nagyon v\u00e1rj\u00e1k.","og_url":"https:\/\/www.haztartas-ma.hu\/index.php\/unnepek\/fesztivalok\/eperfesztival-tahitotfalu\/","og_site_name":"H\u00e1ztart\u00e1s Ma","article_published_time":"2016-04-10T12:58:34+00:00","article_modified_time":"2021-10-14T10:30:31+00:00","og_image":[{"width":300,"height":300,"url":"https:\/\/i1.wp.com\/www.haztartas-ma.hu\/wp-content\/uploads\/2013\/05\/eper1.jpg?fit=300%2C300&ssl=1","type":"image\/jpeg"}],"author":"Pap Zsuzsa","twitter_misc":{"Szerz\u0151:":"Pap Zsuzsa","Becs\u00fclt olvas\u00e1si id\u0151":"3 perc"},"schema":{"@context":"https:\/\/schema.org","@graph":[{"@type":"Article","@id":"https:\/\/www.haztartas-ma.hu\/index.php\/unnepek\/fesztivalok\/eperfesztival-tahitotfalu\/#article","isPartOf":{"@id":"https:\/\/www.haztartas-ma.hu\/index.php\/unnepek\/fesztivalok\/eperfesztival-tahitotfalu\/"},"author":{"name":"Pap Zsuzsa","@id":"https:\/\/www.haztartas-ma.hu\/#\/schema\/person\/227e4a4f0d4777cbee1121e91494197e"},"headline":"Eperfesztiv\u00e1l Tahit\u00f3tfalu 2021","datePublished":"2016-04-10T12:58:34+00:00","dateModified":"2021-10-14T10:30:31+00:00","mainEntityOfPage":{"@id":"https:\/\/www.haztartas-ma.hu\/index.php\/unnepek\/fesztivalok\/eperfesztival-tahitotfalu\/"},"wordCount":514,"commentCount":0,"image":{"@id":"https:\/\/www.haztartas-ma.hu\/index.php\/unnepek\/fesztivalok\/eperfesztival-tahitotfalu\/#primaryimage"},"thumbnailUrl":"https:\/\/www.haztartas-ma.hu\/wp-content\/uploads\/2013\/05\/eper1.jpg","keywords":["Eper bef\u0151z\u00e9se","Gasztron\u00f3miai fesztiv\u00e1lok"],"articleSection":["Fesztiv\u00e1lok"],"inLanguage":"hu","potentialAction":[{"@type":"CommentAction","name":"Comment","target":["https:\/\/www.haztartas-ma.hu\/index.php\/unnepek\/fesztivalok\/eperfesztival-tahitotfalu\/#respond"]}]},{"@type":"WebPage","@id":"https:\/\/www.haztartas-ma.hu\/index.php\/unnepek\/fesztivalok\/eperfesztival-tahitotfalu\/","url":"https:\/\/www.haztartas-ma.hu\/index.php\/unnepek\/fesztivalok\/eperfesztival-tahitotfalu\/","name":"Eperfesztiv\u00e1l Tahit\u00f3tfalu - 2020-ban sajnos elmarad - H\u00e1ztart\u00e1s Ma","isPartOf":{"@id":"https:\/\/www.haztartas-ma.hu\/#website"},"primaryImageOfPage":{"@id":"https:\/\/www.haztartas-ma.hu\/index.php\/unnepek\/fesztivalok\/eperfesztival-tahitotfalu\/#primaryimage"},"image":{"@id":"https:\/\/www.haztartas-ma.hu\/index.php\/unnepek\/fesztivalok\/eperfesztival-tahitotfalu\/#primaryimage"},"thumbnailUrl":"https:\/\/www.haztartas-ma.hu\/wp-content\/uploads\/2013\/05\/eper1.jpg","datePublished":"2016-04-10T12:58:34+00:00","dateModified":"2021-10-14T10:30:31+00:00","author":{"@id":"https:\/\/www.haztartas-ma.hu\/#\/schema\/person\/227e4a4f0d4777cbee1121e91494197e"},"description":"Eperfesztiv\u00e1l Tahit\u00f3tfalu: rem\u00e9lj\u00fck, 2021-ben nem marad el ez a szenz\u00e1ci\u00f3s gasztron\u00f3miai esem\u00e9ny, mivel a k\u00f6rny\u00e9ken m\u00e1r nagyon v\u00e1rj\u00e1k.","breadcrumb":{"@id":"https:\/\/www.haztartas-ma.hu\/index.php\/unnepek\/fesztivalok\/eperfesztival-tahitotfalu\/#breadcrumb"},"inLanguage":"hu","potentialAction":[{"@type":"ReadAction","target":["https:\/\/www.haztartas-ma.hu\/index.php\/unnepek\/fesztivalok\/eperfesztival-tahitotfalu\/"]}]},{"@type":"ImageObject","inLanguage":"hu","@id":"https:\/\/www.haztartas-ma.hu\/index.php\/unnepek\/fesztivalok\/eperfesztival-tahitotfalu\/#primaryimage","url":"https:\/\/www.haztartas-ma.hu\/wp-content\/uploads\/2013\/05\/eper1.jpg","contentUrl":"https:\/\/www.haztartas-ma.hu\/wp-content\/uploads\/2013\/05\/eper1.jpg","width":300,"height":300},{"@type":"BreadcrumbList","@id":"https:\/\/www.haztartas-ma.hu\/index.php\/unnepek\/fesztivalok\/eperfesztival-tahitotfalu\/#breadcrumb","itemListElement":[{"@type":"ListItem","position":1,"name":"Home","item":"https:\/\/www.haztartas-ma.hu\/"},{"@type":"ListItem","position":2,"name":"Eperfesztiv\u00e1l Tahit\u00f3tfalu 2021"}]},{"@type":"WebSite","@id":"https:\/\/www.haztartas-ma.hu\/#website","url":"https:\/\/www.haztartas-ma.hu\/","name":"H\u00e1ztart\u00e1s Ma","description":"Egyszer\u0171 \u00e9telek, receptek, bef\u0151z\u00e9s, h\u00e1zi praktik\u00e1k","potentialAction":[{"@type":"SearchAction","target":{"@type":"EntryPoint","urlTemplate":"https:\/\/www.haztartas-ma.hu\/?s={search_term_string}"},"query-input":{"@type":"PropertyValueSpecification","valueRequired":true,"valueName":"search_term_string"}}],"inLanguage":"hu"},{"@type":"Person","@id":"https:\/\/www.haztartas-ma.hu\/#\/schema\/person\/227e4a4f0d4777cbee1121e91494197e","name":"Pap Zsuzsa","image":{"@type":"ImageObject","inLanguage":"hu","@id":"https:\/\/www.haztartas-ma.hu\/#\/schema\/person\/image\/","url":"https:\/\/secure.gravatar.com\/avatar\/2440b2ff40989c08a87baf0381e1a9dbe3ee77d34b712c593d29515b08cf2cbd?s=96&d=mm&r=g","contentUrl":"https:\/\/secure.gravatar.com\/avatar\/2440b2ff40989c08a87baf0381e1a9dbe3ee77d34b712c593d29515b08cf2cbd?s=96&d=mm&r=g","caption":"Pap Zsuzsa"}}]}},"jetpack_featured_media_url":"https:\/\/www.haztartas-ma.hu\/wp-content\/uploads\/2013\/05\/eper1.jpg","jetpack_sharing_enabled":true,"_links":{"self":[{"href":"https:\/\/www.haztartas-ma.hu\/index.php\/wp-json\/wp\/v2\/posts\/12371","targetHints":{"allow":["GET"]}}],"collection":[{"href":"https:\/\/www.haztartas-ma.hu\/index.php\/wp-json\/wp\/v2\/posts"}],"about":[{"href":"https:\/\/www.haztartas-ma.hu\/index.php\/wp-json\/wp\/v2\/types\/post"}],"author":[{"embeddable":true,"href":"https:\/\/www.haztartas-ma.hu\/index.php\/wp-json\/wp\/v2\/users\/171"}],"replies":[{"embeddable":true,"href":"https:\/\/www.haztartas-ma.hu\/index.php\/wp-json\/wp\/v2\/comments?post=12371"}],"version-history":[{"count":2,"href":"https:\/\/www.haztartas-ma.hu\/index.php\/wp-json\/wp\/v2\/posts\/12371\/revisions"}],"predecessor-version":[{"id":30316,"href":"https:\/\/www.haztartas-ma.hu\/index.php\/wp-json\/wp\/v2\/posts\/12371\/revisions\/30316"}],"wp:featuredmedia":[{"embeddable":true,"href":"https:\/\/www.haztartas-ma.hu\/index.php\/wp-json\/wp\/v2\/media\/5838"}],"wp:attachment":[{"href":"https:\/\/www.haztartas-ma.hu\/index.php\/wp-json\/wp\/v2\/media?parent=12371"}],"wp:term":[{"taxonomy":"category","embeddable":true,"href":"https:\/\/www.haztartas-ma.hu\/index.php\/wp-json\/wp\/v2\/categories?post=12371"},{"taxonomy":"post_tag","embeddable":true,"href":"https:\/\/www.haztartas-ma.hu\/index.php\/wp-json\/wp\/v2\/tags?post=12371"}],"curies":[{"name":"wp","href":"https:\/\/api.w.org\/{rel}","templated":true}]}}