{"id":11997,"date":"2017-04-17T16:10:28","date_gmt":"2017-04-17T14:10:28","guid":{"rendered":"http:\/\/www.haztartas-ma.hu\/?p=11997"},"modified":"2023-03-18T04:54:01","modified_gmt":"2023-03-18T03:54:01","slug":"medvehagyma-fesztival-2023","status":"publish","type":"post","link":"https:\/\/www.haztartas-ma.hu\/index.php\/unnepek\/fesztivalok\/medvehagyma-fesztival-2023\/","title":{"rendered":"Medvehagyma Fesztiv\u00e1l 2023"},"content":{"rendered":"<p>Medvehagyma Fesztiv\u00e1l\u00a0 2023: id\u00e9n \u00e1prilis 15-16-\u00e1n lesz. N\u00e9pszer\u0171, mint a bel\u0151le k\u00e9sz\u00fcl\u0151 \u00e9telek is:\u00a0 <a href=\"https:\/\/www.haztartas-ma.hu\/index.php\/etelreceptek\/leves\/medvehagyma-leves\/\">leves<\/a>, <a href=\"https:\/\/www.haztartas-ma.hu\/index.php\/etelreceptek\/martas\/medvehagyma-martas\/\">m\u00e1rt\u00e1s<\/a>, <a href=\"https:\/\/www.haztartas-ma.hu\/index.php\/etelreceptek\/fozelek\/medvehagyma-fozelek\/\">f\u0151zel\u00e9k<\/a>, <a href=\"https:\/\/www.haztartas-ma.hu\/index.php\/etelreceptek\/sutemeny-desszert\/sos-sutemeny\/medvehagymas-pogacsa\/\">pog\u00e1csa<\/a>, s\u0151t <a href=\"https:\/\/www.haztartas-ma.hu\/index.php\/etelreceptek\/tesztafelek\/sult-teszta\/medvehagymas-palacsinta\/\">palacsinta<\/a> is.<\/p>\n<p><!--more--><\/p>\n<p><img loading=\"lazy\" decoding=\"async\" class=\"size-medium wp-image-12000 aligncenter\" src=\"https:\/\/www.haztartas-ma.hu\/wp-content\/uploads\/2016\/03\/Medvehagyma-levelek-300x225.bmp\" alt=\"Medvehagyma levelek\" width=\"300\" height=\"225\" \/><\/p>\n<h2>Medvehagyma Fesztiv\u00e1l 2023<\/h2>\n<h3>A fesztiv\u00e1l c\u00e9ljai:<\/h3>\n<ul>\n<li>eg\u00e9szs\u00e9ges \u00e9letm\u00f3d<\/li>\n<li>\u00f6kotudatoss\u00e1g<\/li>\n<li>k\u00f6rnyezeti nevel\u00e9s<\/li>\n<li>helyi \u00e9s magyar term\u00e9kek n\u00e9pszer\u0171s\u00edt\u00e9se.<\/li>\n<\/ul>\n<h3>F\u0151szerepl\u0151i:<\/h3>\n<ul>\n<li>a <a href=\"https:\/\/hu.wikipedia.org\/wiki\/Medvehagyma\">medvehagyma<\/a><\/li>\n<li>a medvehagym\u00e1b\u00f3l k\u00e9sz\u00fclt \u00e9telek<\/li>\n<li>a szabadt\u00e9ri s\u00fct\u00e9s-f\u0151z\u00e9s<\/li>\n<\/ul>\n<h3>Helysz\u00ednek<\/h3>\n<ul>\n<li>Mecsek H\u00e1za<\/li>\n<li>Medvehagyma H\u00e1z<\/li>\n<\/ul>\n<p><img loading=\"lazy\" decoding=\"async\" class=\"size-full wp-image-20678 aligncenter\" src=\"https:\/\/www.haztartas-ma.hu\/wp-content\/uploads\/2018\/04\/medvehagyma-haz.bmp\" alt=\"Medvehagyma h\u00e1z\" width=\"455\" height=\"250\" \/><\/p>\n<ul>\n<li>Nat\u00fara Panzi\u00f3<\/li>\n<li>Musk\u00e1tli Vend\u00e9gl\u0151<\/li>\n<li>Orf\u0171 Malmok<\/li>\n<li>Orf\u0171i K\u00e9zm\u0171ves Egyes\u00fclet Alkot\u00f3h\u00e1za<\/li>\n<\/ul>\n<h3>Gasztron\u00f3mi\u00e1hoz kapcsol\u00f3d\u00f3 programok<\/h3>\n<div id=\"attachment_20675\" style=\"width: 210px\" class=\"wp-caption aligncenter\"><img loading=\"lazy\" decoding=\"async\" aria-describedby=\"caption-attachment-20675\" class=\"size-full wp-image-20675\" src=\"https:\/\/www.haztartas-ma.hu\/wp-content\/uploads\/2018\/04\/medvehagyma-az-erd\u0151ben.jpg\" alt=\"Medvehagyma fesztiv\u00e1l - t\u00far\u00e1z\u00f3hely\" width=\"200\" height=\"150\" \/><p id=\"caption-attachment-20675\" class=\"wp-caption-text\">Medvehagyma az erd\u0151ben<\/p><\/div>\n<div id=\"attachment_20676\" style=\"width: 210px\" class=\"wp-caption aligncenter\"><img loading=\"lazy\" decoding=\"async\" aria-describedby=\"caption-attachment-20676\" class=\"size-full wp-image-20676\" src=\"https:\/\/www.haztartas-ma.hu\/wp-content\/uploads\/2018\/04\/medvehagyma-fesztiv\u00e1l-medvehagyma-virag.jpg\" alt=\"Medvehagyma vir\u00e1g (Wikipedia)\" width=\"200\" height=\"150\" \/><p id=\"caption-attachment-20676\" class=\"wp-caption-text\">Medvehagyma vir\u00e1g (Wikipedia)<\/p><\/div>\n<p>A gasztron\u00f3miai bemutat\u00f3kon k\u00edv\u00fcl a nagy\u00e9rdem\u0171t &#8211; mint a kor\u00e1bbi \u00e9vekben is &#8211; sz\u00e1mtalan m\u00e1s program is v\u00e1rja majd.<\/p>\n<h2>Fontos megjegyezni<\/h2>\n<p>Id\u0151pont: \u00e1prilis 15-16.<\/p>\n<p>Helysz\u00edn: Orf\u0171<\/p>\n<p>&nbsp;<\/p>\n<p><!-- End form --><\/p>\n","protected":false},"excerpt":{"rendered":"<p>Medvehagyma Fesztiv\u00e1l\u00a0 2023: id\u00e9n \u00e1prilis 15-16-\u00e1n lesz. N\u00e9pszer\u0171, mint a bel\u0151le k\u00e9sz\u00fcl\u0151 \u00e9telek is:\u00a0 leves, m\u00e1rt\u00e1s, f\u0151zel\u00e9k, pog\u00e1csa, s\u0151t palacsinta is.<\/p>\n","protected":false},"author":171,"featured_media":11999,"comment_status":"open","ping_status":"closed","sticky":false,"template":"","format":"standard","meta":{"_et_pb_use_builder":"","_et_pb_old_content":"","_et_gb_content_width":"","_jetpack_memberships_contains_paid_content":false,"footnotes":"","_wp_rev_ctl_limit":""},"categories":[755],"tags":[549],"class_list":["post-11997","post","type-post","status-publish","format-standard","has-post-thumbnail","hentry","category-fesztivalok","tag-gasztronomiai-fesztivalok","et-has-post-format-content","et_post_format-et-post-format-standard"],"yoast_head":"<!-- This site is optimized with the Yoast SEO plugin v27.1.1 - https:\/\/yoast.com\/product\/yoast-seo-wordpress\/ -->\n<title>Medvehagyma Fesztiv\u00e1l - Orrf\u0171n rendezik minden \u00e9vben - H\u00e1ztart\u00e1s Ma<\/title>\n<meta name=\"description\" content=\"Medvehagyma Fesztiv\u00e1l: minden \u00e9v \u00e1prilis\u00e1ban megrendezik Orrf\u0171n. A medvehagyma \u00e9s a bel\u0151le k\u00e9sz\u00fclt \u00e9telek lesznek a f\u0151szerepl\u0151k.\" \/>\n<meta name=\"robots\" content=\"index, follow, max-snippet:-1, max-image-preview:large, max-video-preview:-1\" \/>\n<link rel=\"canonical\" href=\"https:\/\/www.haztartas-ma.hu\/index.php\/unnepek\/fesztivalok\/medvehagyma-fesztival-2023\/\" \/>\n<meta property=\"og:locale\" content=\"hu_HU\" \/>\n<meta property=\"og:type\" content=\"article\" \/>\n<meta property=\"og:title\" content=\"Medvehagyma Fesztiv\u00e1l - Orrf\u0171n rendezik minden \u00e9vben - H\u00e1ztart\u00e1s Ma\" \/>\n<meta property=\"og:description\" content=\"Medvehagyma Fesztiv\u00e1l: minden \u00e9v \u00e1prilis\u00e1ban megrendezik Orrf\u0171n. A medvehagyma \u00e9s a bel\u0151le k\u00e9sz\u00fclt \u00e9telek lesznek a f\u0151szerepl\u0151k.\" \/>\n<meta property=\"og:url\" content=\"https:\/\/www.haztartas-ma.hu\/index.php\/unnepek\/fesztivalok\/medvehagyma-fesztival-2023\/\" \/>\n<meta property=\"og:site_name\" content=\"H\u00e1ztart\u00e1s Ma\" \/>\n<meta property=\"article:published_time\" content=\"2017-04-17T14:10:28+00:00\" \/>\n<meta property=\"article:modified_time\" content=\"2023-03-18T03:54:01+00:00\" \/>\n<meta name=\"author\" content=\"Pap Zsuzsa\" \/>\n<meta name=\"twitter:label1\" content=\"Szerz\u0151:\" \/>\n\t<meta name=\"twitter:data1\" content=\"Pap Zsuzsa\" \/>\n\t<meta name=\"twitter:label2\" content=\"Becs\u00fclt olvas\u00e1si id\u0151\" \/>\n\t<meta name=\"twitter:data2\" content=\"2 perc\" \/>\n<script type=\"application\/ld+json\" class=\"yoast-schema-graph\">{\"@context\":\"https:\/\/schema.org\",\"@graph\":[{\"@type\":\"Article\",\"@id\":\"https:\/\/www.haztartas-ma.hu\/index.php\/unnepek\/fesztivalok\/medvehagyma-fesztival-2023\/#article\",\"isPartOf\":{\"@id\":\"https:\/\/www.haztartas-ma.hu\/index.php\/unnepek\/fesztivalok\/medvehagyma-fesztival-2023\/\"},\"author\":{\"name\":\"Pap Zsuzsa\",\"@id\":\"https:\/\/www.haztartas-ma.hu\/#\/schema\/person\/227e4a4f0d4777cbee1121e91494197e\"},\"headline\":\"Medvehagyma Fesztiv\u00e1l 2023\",\"datePublished\":\"2017-04-17T14:10:28+00:00\",\"dateModified\":\"2023-03-18T03:54:01+00:00\",\"mainEntityOfPage\":{\"@id\":\"https:\/\/www.haztartas-ma.hu\/index.php\/unnepek\/fesztivalok\/medvehagyma-fesztival-2023\/\"},\"wordCount\":181,\"commentCount\":5,\"image\":{\"@id\":\"https:\/\/www.haztartas-ma.hu\/index.php\/unnepek\/fesztivalok\/medvehagyma-fesztival-2023\/#primaryimage\"},\"thumbnailUrl\":\"https:\/\/www.haztartas-ma.hu\/wp-content\/uploads\/2016\/03\/medvehagyma.bmp\",\"keywords\":[\"Gasztron\u00f3miai fesztiv\u00e1lok\"],\"articleSection\":[\"Fesztiv\u00e1lok\"],\"inLanguage\":\"hu\",\"potentialAction\":[{\"@type\":\"CommentAction\",\"name\":\"Comment\",\"target\":[\"https:\/\/www.haztartas-ma.hu\/index.php\/unnepek\/fesztivalok\/medvehagyma-fesztival-2023\/#respond\"]}]},{\"@type\":\"WebPage\",\"@id\":\"https:\/\/www.haztartas-ma.hu\/index.php\/unnepek\/fesztivalok\/medvehagyma-fesztival-2023\/\",\"url\":\"https:\/\/www.haztartas-ma.hu\/index.php\/unnepek\/fesztivalok\/medvehagyma-fesztival-2023\/\",\"name\":\"Medvehagyma Fesztiv\u00e1l - Orrf\u0171n rendezik minden \u00e9vben - H\u00e1ztart\u00e1s Ma\",\"isPartOf\":{\"@id\":\"https:\/\/www.haztartas-ma.hu\/#website\"},\"primaryImageOfPage\":{\"@id\":\"https:\/\/www.haztartas-ma.hu\/index.php\/unnepek\/fesztivalok\/medvehagyma-fesztival-2023\/#primaryimage\"},\"image\":{\"@id\":\"https:\/\/www.haztartas-ma.hu\/index.php\/unnepek\/fesztivalok\/medvehagyma-fesztival-2023\/#primaryimage\"},\"thumbnailUrl\":\"https:\/\/www.haztartas-ma.hu\/wp-content\/uploads\/2016\/03\/medvehagyma.bmp\",\"datePublished\":\"2017-04-17T14:10:28+00:00\",\"dateModified\":\"2023-03-18T03:54:01+00:00\",\"author\":{\"@id\":\"https:\/\/www.haztartas-ma.hu\/#\/schema\/person\/227e4a4f0d4777cbee1121e91494197e\"},\"description\":\"Medvehagyma Fesztiv\u00e1l: minden \u00e9v \u00e1prilis\u00e1ban megrendezik Orrf\u0171n. A medvehagyma \u00e9s a bel\u0151le k\u00e9sz\u00fclt \u00e9telek lesznek a f\u0151szerepl\u0151k.\",\"breadcrumb\":{\"@id\":\"https:\/\/www.haztartas-ma.hu\/index.php\/unnepek\/fesztivalok\/medvehagyma-fesztival-2023\/#breadcrumb\"},\"inLanguage\":\"hu\",\"potentialAction\":[{\"@type\":\"ReadAction\",\"target\":[\"https:\/\/www.haztartas-ma.hu\/index.php\/unnepek\/fesztivalok\/medvehagyma-fesztival-2023\/\"]}]},{\"@type\":\"ImageObject\",\"inLanguage\":\"hu\",\"@id\":\"https:\/\/www.haztartas-ma.hu\/index.php\/unnepek\/fesztivalok\/medvehagyma-fesztival-2023\/#primaryimage\",\"url\":\"https:\/\/www.haztartas-ma.hu\/wp-content\/uploads\/2016\/03\/medvehagyma.bmp\",\"contentUrl\":\"https:\/\/www.haztartas-ma.hu\/wp-content\/uploads\/2016\/03\/medvehagyma.bmp\",\"width\":225,\"height\":225,\"caption\":\"Medvehagyma\"},{\"@type\":\"BreadcrumbList\",\"@id\":\"https:\/\/www.haztartas-ma.hu\/index.php\/unnepek\/fesztivalok\/medvehagyma-fesztival-2023\/#breadcrumb\",\"itemListElement\":[{\"@type\":\"ListItem\",\"position\":1,\"name\":\"Home\",\"item\":\"https:\/\/www.haztartas-ma.hu\/\"},{\"@type\":\"ListItem\",\"position\":2,\"name\":\"Medvehagyma Fesztiv\u00e1l 2023\"}]},{\"@type\":\"WebSite\",\"@id\":\"https:\/\/www.haztartas-ma.hu\/#website\",\"url\":\"https:\/\/www.haztartas-ma.hu\/\",\"name\":\"H\u00e1ztart\u00e1s Ma\",\"description\":\"Egyszer\u0171 \u00e9telek, receptek, bef\u0151z\u00e9s, h\u00e1zi praktik\u00e1k\",\"potentialAction\":[{\"@type\":\"SearchAction\",\"target\":{\"@type\":\"EntryPoint\",\"urlTemplate\":\"https:\/\/www.haztartas-ma.hu\/?s={search_term_string}\"},\"query-input\":{\"@type\":\"PropertyValueSpecification\",\"valueRequired\":true,\"valueName\":\"search_term_string\"}}],\"inLanguage\":\"hu\"},{\"@type\":\"Person\",\"@id\":\"https:\/\/www.haztartas-ma.hu\/#\/schema\/person\/227e4a4f0d4777cbee1121e91494197e\",\"name\":\"Pap Zsuzsa\",\"image\":{\"@type\":\"ImageObject\",\"inLanguage\":\"hu\",\"@id\":\"https:\/\/www.haztartas-ma.hu\/#\/schema\/person\/image\/\",\"url\":\"https:\/\/secure.gravatar.com\/avatar\/2440b2ff40989c08a87baf0381e1a9dbe3ee77d34b712c593d29515b08cf2cbd?s=96&d=mm&r=g\",\"contentUrl\":\"https:\/\/secure.gravatar.com\/avatar\/2440b2ff40989c08a87baf0381e1a9dbe3ee77d34b712c593d29515b08cf2cbd?s=96&d=mm&r=g\",\"caption\":\"Pap Zsuzsa\"}}]}<\/script>\n<!-- \/ Yoast SEO plugin. -->","yoast_head_json":{"title":"Medvehagyma Fesztiv\u00e1l - Orrf\u0171n rendezik minden \u00e9vben - H\u00e1ztart\u00e1s Ma","description":"Medvehagyma Fesztiv\u00e1l: minden \u00e9v \u00e1prilis\u00e1ban megrendezik Orrf\u0171n. A medvehagyma \u00e9s a bel\u0151le k\u00e9sz\u00fclt \u00e9telek lesznek a f\u0151szerepl\u0151k.","robots":{"index":"index","follow":"follow","max-snippet":"max-snippet:-1","max-image-preview":"max-image-preview:large","max-video-preview":"max-video-preview:-1"},"canonical":"https:\/\/www.haztartas-ma.hu\/index.php\/unnepek\/fesztivalok\/medvehagyma-fesztival-2023\/","og_locale":"hu_HU","og_type":"article","og_title":"Medvehagyma Fesztiv\u00e1l - Orrf\u0171n rendezik minden \u00e9vben - H\u00e1ztart\u00e1s Ma","og_description":"Medvehagyma Fesztiv\u00e1l: minden \u00e9v \u00e1prilis\u00e1ban megrendezik Orrf\u0171n. A medvehagyma \u00e9s a bel\u0151le k\u00e9sz\u00fclt \u00e9telek lesznek a f\u0151szerepl\u0151k.","og_url":"https:\/\/www.haztartas-ma.hu\/index.php\/unnepek\/fesztivalok\/medvehagyma-fesztival-2023\/","og_site_name":"H\u00e1ztart\u00e1s Ma","article_published_time":"2017-04-17T14:10:28+00:00","article_modified_time":"2023-03-18T03:54:01+00:00","author":"Pap Zsuzsa","twitter_misc":{"Szerz\u0151:":"Pap Zsuzsa","Becs\u00fclt olvas\u00e1si id\u0151":"2 perc"},"schema":{"@context":"https:\/\/schema.org","@graph":[{"@type":"Article","@id":"https:\/\/www.haztartas-ma.hu\/index.php\/unnepek\/fesztivalok\/medvehagyma-fesztival-2023\/#article","isPartOf":{"@id":"https:\/\/www.haztartas-ma.hu\/index.php\/unnepek\/fesztivalok\/medvehagyma-fesztival-2023\/"},"author":{"name":"Pap Zsuzsa","@id":"https:\/\/www.haztartas-ma.hu\/#\/schema\/person\/227e4a4f0d4777cbee1121e91494197e"},"headline":"Medvehagyma Fesztiv\u00e1l 2023","datePublished":"2017-04-17T14:10:28+00:00","dateModified":"2023-03-18T03:54:01+00:00","mainEntityOfPage":{"@id":"https:\/\/www.haztartas-ma.hu\/index.php\/unnepek\/fesztivalok\/medvehagyma-fesztival-2023\/"},"wordCount":181,"commentCount":5,"image":{"@id":"https:\/\/www.haztartas-ma.hu\/index.php\/unnepek\/fesztivalok\/medvehagyma-fesztival-2023\/#primaryimage"},"thumbnailUrl":"https:\/\/www.haztartas-ma.hu\/wp-content\/uploads\/2016\/03\/medvehagyma.bmp","keywords":["Gasztron\u00f3miai fesztiv\u00e1lok"],"articleSection":["Fesztiv\u00e1lok"],"inLanguage":"hu","potentialAction":[{"@type":"CommentAction","name":"Comment","target":["https:\/\/www.haztartas-ma.hu\/index.php\/unnepek\/fesztivalok\/medvehagyma-fesztival-2023\/#respond"]}]},{"@type":"WebPage","@id":"https:\/\/www.haztartas-ma.hu\/index.php\/unnepek\/fesztivalok\/medvehagyma-fesztival-2023\/","url":"https:\/\/www.haztartas-ma.hu\/index.php\/unnepek\/fesztivalok\/medvehagyma-fesztival-2023\/","name":"Medvehagyma Fesztiv\u00e1l - Orrf\u0171n rendezik minden \u00e9vben - H\u00e1ztart\u00e1s Ma","isPartOf":{"@id":"https:\/\/www.haztartas-ma.hu\/#website"},"primaryImageOfPage":{"@id":"https:\/\/www.haztartas-ma.hu\/index.php\/unnepek\/fesztivalok\/medvehagyma-fesztival-2023\/#primaryimage"},"image":{"@id":"https:\/\/www.haztartas-ma.hu\/index.php\/unnepek\/fesztivalok\/medvehagyma-fesztival-2023\/#primaryimage"},"thumbnailUrl":"https:\/\/www.haztartas-ma.hu\/wp-content\/uploads\/2016\/03\/medvehagyma.bmp","datePublished":"2017-04-17T14:10:28+00:00","dateModified":"2023-03-18T03:54:01+00:00","author":{"@id":"https:\/\/www.haztartas-ma.hu\/#\/schema\/person\/227e4a4f0d4777cbee1121e91494197e"},"description":"Medvehagyma Fesztiv\u00e1l: minden \u00e9v \u00e1prilis\u00e1ban megrendezik Orrf\u0171n. A medvehagyma \u00e9s a bel\u0151le k\u00e9sz\u00fclt \u00e9telek lesznek a f\u0151szerepl\u0151k.","breadcrumb":{"@id":"https:\/\/www.haztartas-ma.hu\/index.php\/unnepek\/fesztivalok\/medvehagyma-fesztival-2023\/#breadcrumb"},"inLanguage":"hu","potentialAction":[{"@type":"ReadAction","target":["https:\/\/www.haztartas-ma.hu\/index.php\/unnepek\/fesztivalok\/medvehagyma-fesztival-2023\/"]}]},{"@type":"ImageObject","inLanguage":"hu","@id":"https:\/\/www.haztartas-ma.hu\/index.php\/unnepek\/fesztivalok\/medvehagyma-fesztival-2023\/#primaryimage","url":"https:\/\/www.haztartas-ma.hu\/wp-content\/uploads\/2016\/03\/medvehagyma.bmp","contentUrl":"https:\/\/www.haztartas-ma.hu\/wp-content\/uploads\/2016\/03\/medvehagyma.bmp","width":225,"height":225,"caption":"Medvehagyma"},{"@type":"BreadcrumbList","@id":"https:\/\/www.haztartas-ma.hu\/index.php\/unnepek\/fesztivalok\/medvehagyma-fesztival-2023\/#breadcrumb","itemListElement":[{"@type":"ListItem","position":1,"name":"Home","item":"https:\/\/www.haztartas-ma.hu\/"},{"@type":"ListItem","position":2,"name":"Medvehagyma Fesztiv\u00e1l 2023"}]},{"@type":"WebSite","@id":"https:\/\/www.haztartas-ma.hu\/#website","url":"https:\/\/www.haztartas-ma.hu\/","name":"H\u00e1ztart\u00e1s Ma","description":"Egyszer\u0171 \u00e9telek, receptek, bef\u0151z\u00e9s, h\u00e1zi praktik\u00e1k","potentialAction":[{"@type":"SearchAction","target":{"@type":"EntryPoint","urlTemplate":"https:\/\/www.haztartas-ma.hu\/?s={search_term_string}"},"query-input":{"@type":"PropertyValueSpecification","valueRequired":true,"valueName":"search_term_string"}}],"inLanguage":"hu"},{"@type":"Person","@id":"https:\/\/www.haztartas-ma.hu\/#\/schema\/person\/227e4a4f0d4777cbee1121e91494197e","name":"Pap Zsuzsa","image":{"@type":"ImageObject","inLanguage":"hu","@id":"https:\/\/www.haztartas-ma.hu\/#\/schema\/person\/image\/","url":"https:\/\/secure.gravatar.com\/avatar\/2440b2ff40989c08a87baf0381e1a9dbe3ee77d34b712c593d29515b08cf2cbd?s=96&d=mm&r=g","contentUrl":"https:\/\/secure.gravatar.com\/avatar\/2440b2ff40989c08a87baf0381e1a9dbe3ee77d34b712c593d29515b08cf2cbd?s=96&d=mm&r=g","caption":"Pap Zsuzsa"}}]}},"jetpack_featured_media_url":"https:\/\/www.haztartas-ma.hu\/wp-content\/uploads\/2016\/03\/medvehagyma.bmp","jetpack_sharing_enabled":true,"_links":{"self":[{"href":"https:\/\/www.haztartas-ma.hu\/index.php\/wp-json\/wp\/v2\/posts\/11997","targetHints":{"allow":["GET"]}}],"collection":[{"href":"https:\/\/www.haztartas-ma.hu\/index.php\/wp-json\/wp\/v2\/posts"}],"about":[{"href":"https:\/\/www.haztartas-ma.hu\/index.php\/wp-json\/wp\/v2\/types\/post"}],"author":[{"embeddable":true,"href":"https:\/\/www.haztartas-ma.hu\/index.php\/wp-json\/wp\/v2\/users\/171"}],"replies":[{"embeddable":true,"href":"https:\/\/www.haztartas-ma.hu\/index.php\/wp-json\/wp\/v2\/comments?post=11997"}],"version-history":[{"count":3,"href":"https:\/\/www.haztartas-ma.hu\/index.php\/wp-json\/wp\/v2\/posts\/11997\/revisions"}],"predecessor-version":[{"id":35417,"href":"https:\/\/www.haztartas-ma.hu\/index.php\/wp-json\/wp\/v2\/posts\/11997\/revisions\/35417"}],"wp:featuredmedia":[{"embeddable":true,"href":"https:\/\/www.haztartas-ma.hu\/index.php\/wp-json\/wp\/v2\/media\/11999"}],"wp:attachment":[{"href":"https:\/\/www.haztartas-ma.hu\/index.php\/wp-json\/wp\/v2\/media?parent=11997"}],"wp:term":[{"taxonomy":"category","embeddable":true,"href":"https:\/\/www.haztartas-ma.hu\/index.php\/wp-json\/wp\/v2\/categories?post=11997"},{"taxonomy":"post_tag","embeddable":true,"href":"https:\/\/www.haztartas-ma.hu\/index.php\/wp-json\/wp\/v2\/tags?post=11997"}],"curies":[{"name":"wp","href":"https:\/\/api.w.org\/{rel}","templated":true}]}}